{"id":500397,"date":"2024-01-13T00:39:12","date_gmt":"2024-01-13T04:39:12","guid":{"rendered":"https:\/\/diariodominicano.com\/?p=500397"},"modified":"2024-01-13T00:39:12","modified_gmt":"2024-01-13T04:39:12","slug":"sepultado-legendario-exfutbolista-aleman-franz-beckenbauer","status":"publish","type":"post","link":"https:\/\/diariodominicano.com\/?p=500397","title":{"rendered":"Sepultado legendario exfutbolista alem\u00e1n Franz Beckenbauer"},"content":{"rendered":"\n<p>M\u00fanich, Alemania, 12 ene (Prensa Latina) En una ceremonia privada en el cementerio Perlacher Frost de esta ciudad fue sepultado hoy, cerca de la tumba de su hijo Stephan, el legendario exfutbolista alem\u00e1n Franz Beckenbauer.<\/p>\n\n\n\n<ul class=\"wp-block-list\">\n<li>enero 12, 2024<\/li>\n\n\n\n<li>CST15:37 (GMT) -0500<\/li>\n<\/ul>\n\n\n\n<p>El ata\u00fad fue acompa\u00f1ado por su viuda, Heidi, y sus hijos Thomas, Michael, Joel y Francesca, en presencia de pocos periodistas y medios televisivos como solicit\u00f3 la familia.<\/p>\n\n\n\n<p>Informaron medios locales que para el partido de esta noche entre el Hoffenheim y el Bayern, club donde Beckenbauer jug\u00f3 la parte m\u00e1s importante de su carrera, ambos equipos llevaran brazalete negro y antes del comienzo se guardar\u00e1 un minuto de silencio.<\/p>\n\n\n\n<p>Para el pr\u00f3ximo viernes 19 de enero est\u00e1 planificado un gran homenaje en la Allianz Arena, estadio que pudiera llevar su nombre en un futuro, seg\u00fan varias propuestas que han trascendido despu\u00e9s de su fallecimiento, ocurrido el pasado 7 de enero.<\/p>\n\n\n\n<p>lam\/blc<\/p>\n","protected":false},"excerpt":{"rendered":"<p>M\u00fanich, Alemania, 12 ene (Prensa Latina) En una ceremonia privada en el cementerio Perlacher Frost de esta ciudad fue sepultado hoy, cerca de la tumba de su hijo Stephan, el legendario exfutbolista alem\u00e1n Franz Beckenbauer. El ata\u00fad fue acompa\u00f1ado por su viuda, Heidi, y sus hijos Thomas, Michael, Joel y Francesca, en presencia de pocos [&hellip;]<\/p>\n","protected":false},"author":28,"featured_media":500398,"comment_status":"closed","ping_status":"","sticky":false,"template":"","format":"standard","meta":{"footnotes":""},"categories":[17,26],"tags":[],"class_list":["post-500397","post","type-post","status-publish","format-standard","has-post-thumbnail","hentry","category-deportes","category-efemerides"],"_links":{"self":[{"href":"https:\/\/diariodominicano.com\/index.php?rest_route=\/wp\/v2\/posts\/500397","targetHints":{"allow":["GET"]}}],"collection":[{"href":"https:\/\/diariodominicano.com\/index.php?rest_route=\/wp\/v2\/posts"}],"about":[{"href":"https:\/\/diariodominicano.com\/index.php?rest_route=\/wp\/v2\/types\/post"}],"author":[{"embeddable":true,"href":"https:\/\/diariodominicano.com\/index.php?rest_route=\/wp\/v2\/users\/28"}],"replies":[{"embeddable":true,"href":"https:\/\/diariodominicano.com\/index.php?rest_route=%2Fwp%2Fv2%2Fcomments&post=500397"}],"version-history":[{"count":1,"href":"https:\/\/diariodominicano.com\/index.php?rest_route=\/wp\/v2\/posts\/500397\/revisions"}],"predecessor-version":[{"id":500399,"href":"https:\/\/diariodominicano.com\/index.php?rest_route=\/wp\/v2\/posts\/500397\/revisions\/500399"}],"wp:featuredmedia":[{"embeddable":true,"href":"https:\/\/diariodominicano.com\/index.php?rest_route=\/wp\/v2\/media\/500398"}],"wp:attachment":[{"href":"https:\/\/diariodominicano.com\/index.php?rest_route=%2Fwp%2Fv2%2Fmedia&parent=500397"}],"wp:term":[{"taxonomy":"category","embeddable":true,"href":"https:\/\/diariodominicano.com\/index.php?rest_route=%2Fwp%2Fv2%2Fcategories&post=500397"},{"taxonomy":"post_tag","embeddable":true,"href":"https:\/\/diariodominicano.com\/index.php?rest_route=%2Fwp%2Fv2%2Ftags&post=500397"}],"curies":[{"name":"wp","href":"https:\/\/api.w.org\/{rel}","templated":true}]}}