{"id":500263,"date":"2024-01-12T11:21:46","date_gmt":"2024-01-12T15:21:46","guid":{"rendered":"https:\/\/diariodominicano.com\/?p=500263"},"modified":"2024-01-12T11:21:46","modified_gmt":"2024-01-12T15:21:46","slug":"marcha-caravana-este-sabado-del-pld-en-santiago","status":"publish","type":"post","link":"https:\/\/diariodominicano.com\/?p=500263","title":{"rendered":"Marcha-Caravana este s\u00e1bado del PLD en Santiago"},"content":{"rendered":"\n<p>diariodominicano.com<\/p>\n\n\n\n<p>Santo Domingo, R. D.,\u200212 de enero, 2024.-  <strong>El Partido de la Liberaci\u00f3n Dominicana (PLD)<\/strong>\u00a0y el equipo de campa\u00f1a de esa organizaci\u00f3n anunciaron la realizaci\u00f3n de una Marcha \u2013 Caravana este s\u00e1bado por las tres circunscripciones de Santiago, que ser\u00e1 encabezada por Abel Mart\u00ednez, candidato presidencial, V\u00edctor Fadul, candidato a la alcald\u00eda de Santiago de los Caballeros, Marino Collante, candidato a Senador y que contar\u00e1 con la participaci\u00f3n del ex presidente de la Rep\u00fablica, Danilo Medina, presidente del PLD.<\/p>\n\n\n\n<p><strong>La direcci\u00f3n nacional del PLD confirm\u00f3 el anuncio del Comit\u00e9 Provincial de Santiago<\/strong>&nbsp;estructura que en rueda de prensa a mediados de semana anunci\u00f3 la realizaci\u00f3n de la marcha-caravana, este s\u00e1bado, adelantando la contundencia que tendr\u00e1 la actividad por el respaldo que viene concitando la candidatura de V\u00edctor Fadul para que contin\u00fae el orden y la limpieza en la ciudad transformada por Abel Mart\u00ednez, que es un modelo en la regi\u00f3n.<\/p>\n\n\n\n<p>La marcha-caravana en Santiago est\u00e1 convocada para iniciar a las dos de la tarde, en la avenida Circunvalaci\u00f3n en el barrio Conani, teniendo de referencia el local del CAID, ubicado en la zona.<\/p>\n\n\n\n<p>El recorrido abarca los barrios y urbanizaciones Los Jazmines, Arroyo Hondo, Yapur Dumit, Nibaje, Centro de la Ciudad, Los Pepines, Baracoa, Gurabito, El Ejido, S\u00e1vica, Ensanche Bol\u00edvar, La Pi\u00f1a, entre otros sectores, pasando por importantes calles y avenidas ubicadas en las tres circunscripciones de Santiago.<\/p>\n\n\n\n<p>El equipo operativo de la campa\u00f1a explic\u00f3 que el trayecto a recorrer es de 13.20 kil\u00f3metros en los que los Comit\u00e9s Intermedios se preparan con tarimas y concentr\u00e1ndose en esquinas claves para saludar los que desfilen en la caravana.<\/p>\n\n\n\n<p>En la organizaci\u00f3n de la movilizaci\u00f3n se ofrecen las facilidades a los medios de comunicaci\u00f3n para el trabajo de periodistas y reporteros gr\u00e1ficos.<\/p>\n\n\n\n<p>La actividad se organiza promoviendo las propuestas de Abel Mart\u00ednez como candidato Presidencial y de V\u00edctor Fadul para continuar en Santiago la iniciativa transformadora de la actual gesti\u00f3n municipal.<\/p>\n\n\n\n<p>En todo el trayecto y en esquinas y puntos clave del recorrido se colocar\u00e1n altavoces y animaciones imprimiendo un aspecto festivo a una actividad cargada de alegr\u00eda y entusiasmo.<\/p>\n\n\n\n<p><strong>SECRETAR\u00cdA DE COMUNICACIONES<\/strong><\/p>\n\n\n\n<p><strong>12 DE ENERO, 2024.-<\/strong><\/p>\n\n\n\n<p><strong>DECLARACION DE PRENSA<\/strong><\/p>\n","protected":false},"excerpt":{"rendered":"<p>diariodominicano.com Santo Domingo, R. D.,\u200212 de enero, 2024.- El Partido de la Liberaci\u00f3n Dominicana (PLD)\u00a0y el equipo de campa\u00f1a de esa organizaci\u00f3n anunciaron la realizaci\u00f3n de una Marcha \u2013 Caravana este s\u00e1bado por las tres circunscripciones de Santiago, que ser\u00e1 encabezada por Abel Mart\u00ednez, candidato presidencial, V\u00edctor Fadul, candidato a la alcald\u00eda de Santiago de [&hellip;]<\/p>\n","protected":false},"author":5,"featured_media":500267,"comment_status":"closed","ping_status":"","sticky":true,"template":"","format":"standard","meta":{"footnotes":""},"categories":[22,27],"tags":[],"class_list":["post-500263","post","type-post","status-publish","format-standard","has-post-thumbnail","hentry","category-politica","category-portada"],"_links":{"self":[{"href":"https:\/\/diariodominicano.com\/index.php?rest_route=\/wp\/v2\/posts\/500263","targetHints":{"allow":["GET"]}}],"collection":[{"href":"https:\/\/diariodominicano.com\/index.php?rest_route=\/wp\/v2\/posts"}],"about":[{"href":"https:\/\/diariodominicano.com\/index.php?rest_route=\/wp\/v2\/types\/post"}],"author":[{"embeddable":true,"href":"https:\/\/diariodominicano.com\/index.php?rest_route=\/wp\/v2\/users\/5"}],"replies":[{"embeddable":true,"href":"https:\/\/diariodominicano.com\/index.php?rest_route=%2Fwp%2Fv2%2Fcomments&post=500263"}],"version-history":[{"count":1,"href":"https:\/\/diariodominicano.com\/index.php?rest_route=\/wp\/v2\/posts\/500263\/revisions"}],"predecessor-version":[{"id":500268,"href":"https:\/\/diariodominicano.com\/index.php?rest_route=\/wp\/v2\/posts\/500263\/revisions\/500268"}],"wp:featuredmedia":[{"embeddable":true,"href":"https:\/\/diariodominicano.com\/index.php?rest_route=\/wp\/v2\/media\/500267"}],"wp:attachment":[{"href":"https:\/\/diariodominicano.com\/index.php?rest_route=%2Fwp%2Fv2%2Fmedia&parent=500263"}],"wp:term":[{"taxonomy":"category","embeddable":true,"href":"https:\/\/diariodominicano.com\/index.php?rest_route=%2Fwp%2Fv2%2Fcategories&post=500263"},{"taxonomy":"post_tag","embeddable":true,"href":"https:\/\/diariodominicano.com\/index.php?rest_route=%2Fwp%2Fv2%2Ftags&post=500263"}],"curies":[{"name":"wp","href":"https:\/\/api.w.org\/{rel}","templated":true}]}}