{"id":50017,"date":"2020-11-23T00:24:16","date_gmt":"2020-11-23T00:24:16","guid":{"rendered":"http:\/\/diariodominicano.ddns.net\/?p=50017"},"modified":"2020-11-23T00:24:16","modified_gmt":"2020-11-23T00:24:16","slug":"congreso-nacional-aprueba-ley-que-restaura-el-nombre-de-la-ciudad-de-santo-domingo","status":"publish","type":"post","link":"https:\/\/diariodominicano.com\/?p=50017","title":{"rendered":"Congreso Nacional aprueba  ley que  restaura el nombre de la Ciudad de Santo Domingo"},"content":{"rendered":"<p><body><\/p>\n<p><img decoding=\"async\" src=\"img3\/Joaquin-Balaguer-1.jpg\" \/>  <\/p>\n<p><strong>Congreso Nacional aprueba  ley que  restaura el nombre de la Ciudad de Santo Domingo<\/strong><\/p>\n<p><strong> <\/strong><\/p>\n<p><strong>SANTO DOMINGO, el  23 de noviembre de 1961,<\/strong> el Congreso Nacional convirti\u00f3 en ley el proyecto en virtud del  cual fue restaurado el nombre de la ciudad de Santo Domingo, que hab\u00eda sido cambiado en 1936 por el de ciudad Trujillo, en honor al dictador Rafael Le\u00f3nidas Trujillo Molina.<\/p>\n<p> El proyecto fue  sometido por el Presidente de la Rep\u00fablica, doctor Joaqu\u00edn Balaguer. Fue aprobado a la 1:10  minutos de la tarde del 23 de noviembre de 1961.<\/p>\n<\/p>\n<p>    En ese momento en la Rep\u00fablica Dominicana se viv\u00eda un proceso que fue denominado como de  \u00abDestrujillizaci\u00f3n\u00bb.<\/p>\n<\/p>\n<p>    La iniciativa fue aprobada a unanimidad y los legisladores expresaron su voto de pie a petici\u00f3n del diputado Rafael Estrada Mart\u00ednez.<\/p>\n<\/p>\n<p>     El proyecto   ley dispon\u00eda que a la ciudad se le devolviera su nombre original de ciudad Primada Santo Domingo de Guzm\u00e1n, pero los senadores y Diputados coincidieron en que la ciudad nunca se llam\u00f3 as\u00ed y le quitaron el apellido de Guzm\u00e1n.<\/p>\n<\/p>\n<p>    El licenciado Alberto Garc\u00eda dijo que estudi\u00f3 el asunto y que consult\u00f3 al historiador C\u00e9sar Herrera, con quien se enter\u00f3 de  que la capital dominicana \u00abjam\u00e1s hab\u00eda recibido oficialmente el nombre de Santo Domingo de Guzm\u00e1n, sino Santo Domingo a secas\u00bb.<\/p>\n<\/p>\n<p>    La idea de cambiar el nombre de la ciudad de Santo Domingo, por el de Ciudad Trujillo fue del senador de Santiago, Mario Ferm\u00edn Cabral, uno de los principales colaboradores del dictador Rafael Le\u00f3nidas Trujillo Molina.<\/p>\n<\/p>\n<p>     Sosten\u00eda  el criterio de que \u00abel pueblo de Santo Domingo, primero, y la naci\u00f3n entera, despu\u00e9s, deseaban que a la vieja ciudad se le diera el nombre de su reconstructor  insigne\u00bb.<\/p>\n<\/p>\n<p>Mario Ferm\u00edn Cabral, en un acto  celebrado en la ciudad de Santiago de los Caballeros, en  la sociedad Amantes de la Luz, el 12 de julio de 1935, pidi\u00f3 que se rindiera a Trujillo un homenaje nacional, consistente en el cambio de nombre de Santo Domingo por el de ciudad Trujillo.<\/p>\n<\/p>\n<p>     Al rese\u00f1ar el acontecimiento el periodista y escritor Ram\u00f3n Marrero Aristy anot\u00f3: <\/p>\n<\/p>\n<p>    \u00abLa naci\u00f3n se adhiri\u00f3 en forma un\u00e1nime a esta proposici\u00f3n del senador Cabral, y en todo el pa\u00eds se realizaron diversas manifestaciones en apoyo al trascendental  proyecto\u00bb.<\/p>\n<\/p>\n<p>      En tanto, al reaccionar en torno a la iniciativa, aunque agradeci\u00f3 el gesto, el Presidente Trujillo  la rechaz\u00f3 y dijo que una de sus m\u00e1s caras aspiraciones de patriota y gobernante es la de mantener la Naci\u00f3n dominicana \u00edntimamente vinculada a sus gloriosas tradiciones, que constituyen las p\u00e1ginas m\u00e1s interesantes de la civilizaci\u00f3n del Nuevo Mundo\u00bb, pero la idea de Mario Ferm\u00edn Cabral termin\u00f3 convertida en realidad.<\/p>\n<\/p>\n<p>    La ciudad de Santo Domingo llegar\u00eda a ser Ciudad Trujillo. <\/p>\n<\/p>\n<p>     El d\u00eda 9 de enero de 1936 el Congreso Nacional aprob\u00f3 la ley que cambio el nombre de ciudad de Santo Domingo por el de \u00abCiudad Trujillo como una gratitud al gobernante que la hab\u00eda transformado, y que conduc\u00eda victoriosamente al pa\u00eds por la v\u00eda de la prosperidad\u00bb.<\/p>\n<\/p>\n<p>    La ley fue promulgada el 11 de enero de 1936 por el Vicepresidente Jacinto B. Peynado.<\/p>\n<\/p>\n<p>     Mario Ferm\u00edn Cabral ten\u00eda su origen en una familia vinculada a la pol\u00edtica. Su abuelo Buenaventura B\u00e1ez fue cinco veces presidente de la Rep\u00fablica.<\/p>\n<\/p>\n<p>      El 23 de febrero de 1930 cuando estall\u00f3 el Movimiento que lideraban Trujillo y el licenciado Rafael Estrella Ure\u00f1a, Mario Ferm\u00edn Cabral se encontraba en el grupo de colaboradores del Jefe del Ej\u00e9rcito, general Trujillo.<\/p>\n<\/p>\n<p>      Trujillo renunci\u00f3 a su carrera militar para presentarse como candidato presidencial en las primeras elecciones despu\u00e9s del golpe de Estado contra el Presidente V\u00e1squez. <\/p>\n<\/p>\n<p>Fue declarado ganador en unos comicios antecedido por una campa\u00f1a de represi\u00f3n  que provoc\u00f3 el retiro de la oposici\u00f3n y la renuncia de los miembros de la Junta Central Electoral. <\/p>\n<\/p>\n<p>Trujillo tom\u00f3 posesi\u00f3n de la Presidencia  de la Rep\u00fablica el 16 de agosto de 1930. <\/p>\n<\/p>\n<p>     Mario Ferm\u00edn Cabral fue electo senador por la provincia Santiago y trabaj\u00f3 como un legislador al servicio del Dictador  Trujillo.<\/p>\n<\/p>\n<h6> 2020-11-23 00:24:16 <\/h6>\n<p><!--\n<link rel=\"stylesheet\" href=\"css\/bootstrap.min.css\">\n\n\n<ul class=\"pagination\">\n\t    \n\t\n\n<li >\n\t<a href='?page_no=25'>Previous<\/a>\n\t<\/li>\n\n\n       \n    \n\n<li><a href='?page_no=1'>1<\/a><\/li>\n\n\n\n<li><a href='?page_no=2'>2<\/a><\/li>\n\n\n\n<li><a>...<\/a><\/li>\n\n\n\n<li><a href='?page_no=24'>24<\/a><\/li>\n\n\n\n<li><a href='?page_no=25'>25<\/a><\/li>\n\n\n\n<li class='active'><a>26<\/a><\/li>\n\n\n\n<li><a href='?page_no=27'>27<\/a><\/li>\n\n\n\n<li><a href='?page_no=28'>28<\/a><\/li>\n\n\n\n<li><a>...<\/a><\/li>\n\n\n\n<li><a href='?page_no=22911'>22911<\/a><\/li>\n\n\n\n<li><a href='?page_no=22912'>22912<\/a><\/li>\n\n    \n\t\n\n<li >\n\t<a href='?page_no=27'>Next<\/a>\n\t<\/li>\n\n\n    \n\n<li><a href='?page_no=22912'>Last &rsaquo;&rsaquo;<\/a><\/li>\n\n<\/ul>\n\n\n--><br \/>\n<\/body><\/p>\n","protected":false},"excerpt":{"rendered":"<p>Congreso Nacional aprueba ley que restaura el nombre de la Ciudad de Santo Domingo SANTO DOMINGO, el 23 de noviembre de 1961, el Congreso Nacional convirti\u00f3 en ley el proyecto en virtud del cual fue restaurado el nombre de la ciudad de Santo Domingo, que hab\u00eda sido cambiado en 1936 por el de ciudad Trujillo, [&hellip;]<\/p>\n","protected":false},"author":3,"featured_media":0,"comment_status":"open","ping_status":"open","sticky":false,"template":"","format":"standard","meta":{"footnotes":""},"categories":[21],"tags":[],"class_list":["post-50017","post","type-post","status-publish","format-standard","hentry","category-cultura"],"_links":{"self":[{"href":"https:\/\/diariodominicano.com\/index.php?rest_route=\/wp\/v2\/posts\/50017","targetHints":{"allow":["GET"]}}],"collection":[{"href":"https:\/\/diariodominicano.com\/index.php?rest_route=\/wp\/v2\/posts"}],"about":[{"href":"https:\/\/diariodominicano.com\/index.php?rest_route=\/wp\/v2\/types\/post"}],"author":[{"embeddable":true,"href":"https:\/\/diariodominicano.com\/index.php?rest_route=\/wp\/v2\/users\/3"}],"replies":[{"embeddable":true,"href":"https:\/\/diariodominicano.com\/index.php?rest_route=%2Fwp%2Fv2%2Fcomments&post=50017"}],"version-history":[{"count":0,"href":"https:\/\/diariodominicano.com\/index.php?rest_route=\/wp\/v2\/posts\/50017\/revisions"}],"wp:attachment":[{"href":"https:\/\/diariodominicano.com\/index.php?rest_route=%2Fwp%2Fv2%2Fmedia&parent=50017"}],"wp:term":[{"taxonomy":"category","embeddable":true,"href":"https:\/\/diariodominicano.com\/index.php?rest_route=%2Fwp%2Fv2%2Fcategories&post=50017"},{"taxonomy":"post_tag","embeddable":true,"href":"https:\/\/diariodominicano.com\/index.php?rest_route=%2Fwp%2Fv2%2Ftags&post=50017"}],"curies":[{"name":"wp","href":"https:\/\/api.w.org\/{rel}","templated":true}]}}