{"id":500118,"date":"2024-01-11T23:12:36","date_gmt":"2024-01-12T03:12:36","guid":{"rendered":"https:\/\/diariodominicano.com\/?p=500118"},"modified":"2024-01-11T23:12:36","modified_gmt":"2024-01-12T03:12:36","slug":"candidata-a-regidora-fuerza-del-pueblo-promete-impulsar-programas-en-favor-de-envejecientes","status":"publish","type":"post","link":"https:\/\/diariodominicano.com\/?p=500118","title":{"rendered":"Candidata a regidora Fuerza del  Pueblo promete impulsar programas en favor de envejecientes"},"content":{"rendered":"\n<p>La candidata a regidora de Santo Domingo Este por la Fuerza del Pueblo, Anibelka Rodr\u00edguez prometi\u00f3 trabajar sin descanso para impulsar programas, iniciativas en favor de envejecientes del municipio Santo Domingo Este<\/p>\n\n\n\n<p>Rodr\u00edguez&nbsp; dijo que de ser electa en febrero, y est\u00e1&nbsp; segura de que lo lograr\u00e1, desde la Alcald\u00eda de SDE impulsar\u00e1 un programa denominado&nbsp; \u201cA mi edad con Dignidad\u201d, que incluye varias iniciativas para asistir, auxiliar, mejorar las condiciones de vida de los adultos mayores.<\/p>\n\n\n\n<p>Subray\u00f3 que tan pronto se instale en el Consejo de Regidores de SDE, pondr\u00e1 en marcha sus propuestas, la agenda de trabajo que tiene preparada con la encomienda de contribuir a mejorar las condiciones de vida de los envejecientes, y hacer aportes sustanciales en diferentes sectores del municipio de la provincia Santo Domingo.<\/p>\n\n\n\n<p>Avanz\u00f3 que en su carpeta de trabajo figura tambi\u00e9n en primer orden el tema de la seguridad del municipio.<\/p>\n\n\n\n<p>Considera que de alguna forma el Ayuntamiento debe ponerse de acuerdo con otras instituciones, como la Polic\u00eda y los cuerpos castrenses, para dise\u00f1ar y emprender acciones que garanticen una mayor y efectiva seguridad ciudadana en el municipio.<\/p>\n\n\n\n<p>Entiende asimismo que se debe procurar una gesti\u00f3n que capacite y ampl\u00ede el servicio de la Polic\u00eda Municipal, que no solo se limite a cuidar parques, determinadas \u00e1reas y cruzar ni\u00f1os de centros educativos.&nbsp;&nbsp;&nbsp;&nbsp;&nbsp;&nbsp;&nbsp;&nbsp;&nbsp;<\/p>\n\n\n\n<p>Indica que en t\u00e9rminos generales su aspiraci\u00f3n es contribuir a lograr que los habitantes de SDE puedan contar con mejores servicios de seguridad y que de esa manera el municipio pueda atraer nuevos inversionistas, recupere esplendor y&nbsp; retome la senda del progreso y el desarrollo.<\/p>\n\n\n\n<p>La aspirante a regidora de Santo Domingo Este de la Fuerza del Pueblo, en representaci\u00f3n de la Circunscripci\u00f3n Uno, precis\u00f3 igualmente que en sus planes de trabajo pondr\u00e1 \u00e9nfasis en lo que respecta a la fiscalizaci\u00f3n oportuna de los recursos del Ayuntamiento.<\/p>\n\n\n\n<p>En ese sentido,&nbsp; adelant\u00f3 que estar\u00e1 atenta para que se aplique, se ejecute de manera ordenada y eficiente lo acordado en el Presupuesto Participativo.<\/p>\n\n\n\n<p>Y agreg\u00f3 que para que eso sea efectivo tiene la idea de promover un sistema de monitoreo oportuno de todas las ejecuciones que se contemplen en el Presupuesto Municipal.<\/p>\n\n\n\n<p>Tiene la esperanza, la confianza\u2014agreg\u00f3&#8211;de que el cuerpo de regidores sea lo suficientemente fuerte y est\u00e9 empoderado de las ejecutorias, y sobre todo apoye al Alcalde, de manera que cuando termine el mandato todos podamos decir los hicimos bien, porque la gesti\u00f3n corresponde a todos los que conforman la gesti\u00f3n municipal.<\/p>\n\n\n\n<p>Indic\u00f3 asimismo que en sus planes como regidora figura tambi\u00e9n el tema deportivo, trabajar con los coordinadores de los distintos sectores, a fin de que sean canales para impulsar actividades,&nbsp; programas que contribuyan a que los j\u00f3venes deportistas tenga una formaci\u00f3n integral.<\/p>\n\n\n\n<p>Anibelka Rodr\u00edguez expres\u00f3 que en t\u00e9rminos generales aspira a ser regidora para apoyar en todo lo necesario para que se incentiven distintas inversiones, que el municipio vuelva tener un desarrollo econ\u00f3mico, real, local,\u00a0 y todos nos sentimos orgullosos de pertenecer a Santo Domingo Este.<\/p>\n\n\n\n<p>jose antonio vargas gerrero<\/p>\n\n\n\n<p><a target=\"_blank\" href=\"mailto:jvargas6481@gmail.com\" rel=\"noreferrer noopener\">jvargas6481@gmail.com<\/a><\/p>\n","protected":false},"excerpt":{"rendered":"<p>La candidata a regidora de Santo Domingo Este por la Fuerza del Pueblo, Anibelka Rodr\u00edguez prometi\u00f3 trabajar sin descanso para impulsar programas, iniciativas en favor de envejecientes del municipio Santo Domingo Este Rodr\u00edguez&nbsp; dijo que de ser electa en febrero, y est\u00e1&nbsp; segura de que lo lograr\u00e1, desde la Alcald\u00eda de SDE impulsar\u00e1 un programa [&hellip;]<\/p>\n","protected":false},"author":28,"featured_media":500119,"comment_status":"closed","ping_status":"","sticky":false,"template":"","format":"standard","meta":{"footnotes":""},"categories":[22],"tags":[],"class_list":["post-500118","post","type-post","status-publish","format-standard","has-post-thumbnail","hentry","category-politica"],"_links":{"self":[{"href":"https:\/\/diariodominicano.com\/index.php?rest_route=\/wp\/v2\/posts\/500118","targetHints":{"allow":["GET"]}}],"collection":[{"href":"https:\/\/diariodominicano.com\/index.php?rest_route=\/wp\/v2\/posts"}],"about":[{"href":"https:\/\/diariodominicano.com\/index.php?rest_route=\/wp\/v2\/types\/post"}],"author":[{"embeddable":true,"href":"https:\/\/diariodominicano.com\/index.php?rest_route=\/wp\/v2\/users\/28"}],"replies":[{"embeddable":true,"href":"https:\/\/diariodominicano.com\/index.php?rest_route=%2Fwp%2Fv2%2Fcomments&post=500118"}],"version-history":[{"count":1,"href":"https:\/\/diariodominicano.com\/index.php?rest_route=\/wp\/v2\/posts\/500118\/revisions"}],"predecessor-version":[{"id":500120,"href":"https:\/\/diariodominicano.com\/index.php?rest_route=\/wp\/v2\/posts\/500118\/revisions\/500120"}],"wp:featuredmedia":[{"embeddable":true,"href":"https:\/\/diariodominicano.com\/index.php?rest_route=\/wp\/v2\/media\/500119"}],"wp:attachment":[{"href":"https:\/\/diariodominicano.com\/index.php?rest_route=%2Fwp%2Fv2%2Fmedia&parent=500118"}],"wp:term":[{"taxonomy":"category","embeddable":true,"href":"https:\/\/diariodominicano.com\/index.php?rest_route=%2Fwp%2Fv2%2Fcategories&post=500118"},{"taxonomy":"post_tag","embeddable":true,"href":"https:\/\/diariodominicano.com\/index.php?rest_route=%2Fwp%2Fv2%2Ftags&post=500118"}],"curies":[{"name":"wp","href":"https:\/\/api.w.org\/{rel}","templated":true}]}}