{"id":500106,"date":"2024-01-11T22:49:27","date_gmt":"2024-01-12T02:49:27","guid":{"rendered":"https:\/\/diariodominicano.com\/?p=500106"},"modified":"2024-01-11T22:50:12","modified_gmt":"2024-01-12T02:50:12","slug":"agenda-de-leonel-este-fin-de-semana-inicia-el-viernes-en-constanza","status":"publish","type":"post","link":"https:\/\/diariodominicano.com\/?p=500106","title":{"rendered":"Agenda de Leonel este fin de semana inicia el viernes en Constanza"},"content":{"rendered":"\n<p>Archivo: <\/p>\n\n\n\n<p>Santo Domingo, RD.- La agenda de fin de semana del candidato presidencial del partido Fuerza del Pueblo, Leonel Fern\u00e1ndez, inicia este viernes a las 2 de la tarde, en Tireo al Medio, Constanza, donde se realizar\u00e1 un acto de presentaci\u00f3n del candidato a director de este distrito municipal, Paul Pi\u00f1a, inform\u00f3 el jueves la Secretar\u00eda de Comunicaciones de Fuerza del Pueblo.<\/p>\n\n\n\n<p>De acuerdo a un comunicado de la Coordinaci\u00f3n Operativa del Comit\u00e9 Nacional de Campa\u00f1a de la Fuerza del Pueblo, desde Tireo, Fern\u00e1ndez pasar\u00e1 al distrito municipal de La Sabina, luego al municipio de Constanza y posteriormente a Jarabacoa, donde se presentar\u00e1n los candidatos a director, alcalde y alcaldesa, Emilio Corcino, Crescencio Feliz (Ni\u00f1o Culata) y, Norma Rosado, respectivamente.<\/p>\n\n\n\n<p>Franklin Labour, coordinador Operativo del Comit\u00e9 Nacional de Campa\u00f1a, indica en el comunicado, en nombre de la organizaci\u00f3n; que Fern\u00e1ndez culminar\u00e1 la agenda del viernes con la presentaci\u00f3n de los candidatos de R\u00edo Verde Arriba (Cutup\u00fa) y de Rinc\u00f3n.<\/p>\n\n\n\n<p>*El s\u00e1bado*<\/p>\n\n\n\n<p>Leonel Fern\u00e1ndez  iniciar\u00e1 sus actividades del s\u00e1bado, a las 10:00 a.m., con la presentaci\u00f3n de los candidatos de Don Juan, en Monte Plata; pasando de all\u00ed al municipio de Cevicos, en la provincia S\u00e1nchez Ram\u00edrez, para la presentaci\u00f3n del alcalde actual y candidato a la misma posici\u00f3n, Presbiterio Lora, y sus regidores. Al concluir, Fern\u00e1ndez ir\u00e1 al local de la Fuerza del Pueblo en el distrito municipal de La Cueva.<\/p>\n\n\n\n<p>En horas de la tarde del s\u00e1bado, el l\u00edder de la Fuerza del Pueblo, encabezar\u00e1 una marcha caravana en Cotu\u00ed, junto a la actual alcaldesa y candidata a repetir por la Fuerza del Pueblo y aliados, Yosi Contreras. La actividad iniciar\u00e1 en la calle Mar\u00eda Trinidad S\u00e1nchez, esquina calle Pedro Francisco Bon\u00f3 (entrada los Pomos).<\/p>\n\n\n\n<p>Luego, Fern\u00e1ndez estar\u00e1 en actos seguidos de presentaci\u00f3n de candidatos en Zambrana, Maim\u00f3n, Piedra Blanca, Juma;&nbsp; finalizando en el local municipal de la Fuerza del Pueblo, en Bonao.<\/p>\n\n\n\n<p>*El domingo*<\/p>\n\n\n\n<p>El candidato presidencial de un conjunto de partidos, movimientos y agrupaciones pol\u00edticas, Leonel Fern\u00e1ndez, asistir\u00e1 este domingo al Teatro la Fiesta del Hotel Jaragua, a la juramentaci\u00f3n de nuevos miembros de la Gran Alianza Nacional por la Renovaci\u00f3n Econ\u00f3mica y Social (GANAREMOS).<\/p>\n\n\n\n<p>En la tarde del domingo, el l\u00edder de la oposici\u00f3n pol\u00edtica dominicana encabezar\u00e1 una marcha caravana en el municipio de La Vega, junto a los candidatos a cargos municipales y congresuales. La misma iniciar\u00e1 en la calle Padre Billini, esquina calle N\u00fa\u00f1ez de C\u00e1ceres.<\/p>\n\n\n\n<p><\/p>\n","protected":false},"excerpt":{"rendered":"<p>Archivo: Santo Domingo, RD.- La agenda de fin de semana del candidato presidencial del partido Fuerza del Pueblo, Leonel Fern\u00e1ndez, inicia este viernes a las 2 de la tarde, en Tireo al Medio, Constanza, donde se realizar\u00e1 un acto de presentaci\u00f3n del candidato a director de este distrito municipal, Paul Pi\u00f1a, inform\u00f3 el jueves la [&hellip;]<\/p>\n","protected":false},"author":28,"featured_media":500107,"comment_status":"closed","ping_status":"","sticky":true,"template":"","format":"standard","meta":{"footnotes":""},"categories":[22,27],"tags":[],"class_list":["post-500106","post","type-post","status-publish","format-standard","has-post-thumbnail","hentry","category-politica","category-portada"],"_links":{"self":[{"href":"https:\/\/diariodominicano.com\/index.php?rest_route=\/wp\/v2\/posts\/500106","targetHints":{"allow":["GET"]}}],"collection":[{"href":"https:\/\/diariodominicano.com\/index.php?rest_route=\/wp\/v2\/posts"}],"about":[{"href":"https:\/\/diariodominicano.com\/index.php?rest_route=\/wp\/v2\/types\/post"}],"author":[{"embeddable":true,"href":"https:\/\/diariodominicano.com\/index.php?rest_route=\/wp\/v2\/users\/28"}],"replies":[{"embeddable":true,"href":"https:\/\/diariodominicano.com\/index.php?rest_route=%2Fwp%2Fv2%2Fcomments&post=500106"}],"version-history":[{"count":2,"href":"https:\/\/diariodominicano.com\/index.php?rest_route=\/wp\/v2\/posts\/500106\/revisions"}],"predecessor-version":[{"id":500109,"href":"https:\/\/diariodominicano.com\/index.php?rest_route=\/wp\/v2\/posts\/500106\/revisions\/500109"}],"wp:featuredmedia":[{"embeddable":true,"href":"https:\/\/diariodominicano.com\/index.php?rest_route=\/wp\/v2\/media\/500107"}],"wp:attachment":[{"href":"https:\/\/diariodominicano.com\/index.php?rest_route=%2Fwp%2Fv2%2Fmedia&parent=500106"}],"wp:term":[{"taxonomy":"category","embeddable":true,"href":"https:\/\/diariodominicano.com\/index.php?rest_route=%2Fwp%2Fv2%2Fcategories&post=500106"},{"taxonomy":"post_tag","embeddable":true,"href":"https:\/\/diariodominicano.com\/index.php?rest_route=%2Fwp%2Fv2%2Ftags&post=500106"}],"curies":[{"name":"wp","href":"https:\/\/api.w.org\/{rel}","templated":true}]}}