{"id":500076,"date":"2024-01-11T21:56:50","date_gmt":"2024-01-12T01:56:50","guid":{"rendered":"https:\/\/diariodominicano.com\/?p=500076"},"modified":"2024-01-11T22:38:15","modified_gmt":"2024-01-12T02:38:15","slug":"acds-realiza-emotivo-acto-de-recordacion-beisbolistas-fallecidos-el-11-de-enero-de-1948","status":"publish","type":"post","link":"https:\/\/diariodominicano.com\/?p=500076","title":{"rendered":"ACDS realiza emotivo acto de recordaci\u00f3n\u00a0beisbolistas fallecidos el 11 de enero de 1948"},"content":{"rendered":"\n<p><strong>SANTIAGO DE LOS CABALLEROS, Santiago, RD, 11 de enero de 2024.-<\/strong>\u00a0La Asociaci\u00f3n de Cronistas Deportivos de Santiago (ACDS) realiz\u00f3, este jueves, un emotivo acto de recordaci\u00f3n a los beisbolistas ca\u00eddos el 11 de enero de 1948, en su 76\u00ba aniversario, el cual fue tildado por el presidente de los organizadores, periodista Am\u00e9rico Cabrera, como el m\u00e1s sentimental y participativo.<\/p>\n\n\n\n<p>En la ceremonia, realizaba en horas de la ma\u00f1ana ante el mausoleo donde reposan los restos de los fallecidos, en el Cementerio de la 30 de Marzo, Cabrera, visiblemente emocionado, tras agradecer la presencia de las personalidades que respondieron a la invitaci\u00f3n de la ACDS, as\u00ed como a diferentes entidades del deporte y otras, adem\u00e1s dijo que, cada vez es m\u00e1s emotivo dicho acto.<\/p>\n\n\n\n<figure class=\"wp-block-gallery has-nested-images columns-default is-cropped wp-block-gallery-1 is-layout-flex wp-block-gallery-is-layout-flex\">\n<figure class=\"wp-block-image size-large\"><img loading=\"lazy\" decoding=\"async\" width=\"709\" height=\"1024\" data-id=\"500092\" src=\"https:\/\/diariodominicano.com\/wp-content\/uploads\/2024\/01\/Diacono-Cheo-Perez-Nunez-709x1024.jpg\" alt=\"\" class=\"wp-image-500092\" srcset=\"https:\/\/diariodominicano.com\/wp-content\/uploads\/2024\/01\/Diacono-Cheo-Perez-Nunez-709x1024.jpg 709w, https:\/\/diariodominicano.com\/wp-content\/uploads\/2024\/01\/Diacono-Cheo-Perez-Nunez-208x300.jpg 208w, https:\/\/diariodominicano.com\/wp-content\/uploads\/2024\/01\/Diacono-Cheo-Perez-Nunez-768x1109.jpg 768w, https:\/\/diariodominicano.com\/wp-content\/uploads\/2024\/01\/Diacono-Cheo-Perez-Nunez-816x1178.jpg 816w, https:\/\/diariodominicano.com\/wp-content\/uploads\/2024\/01\/Diacono-Cheo-Perez-Nunez.jpg 968w\" sizes=\"auto, (max-width: 709px) 100vw, 709px\" \/><\/figure>\n\n\n\n<figure class=\"wp-block-image size-large\"><img loading=\"lazy\" decoding=\"async\" width=\"1024\" height=\"620\" data-id=\"500091\" src=\"https:\/\/diariodominicano.com\/wp-content\/uploads\/2024\/01\/Americo-Cabrera-Tony-Pena-R-y-Winston-Llenas-1024x620.jpg\" alt=\"\" class=\"wp-image-500091\" srcset=\"https:\/\/diariodominicano.com\/wp-content\/uploads\/2024\/01\/Americo-Cabrera-Tony-Pena-R-y-Winston-Llenas-1024x620.jpg 1024w, https:\/\/diariodominicano.com\/wp-content\/uploads\/2024\/01\/Americo-Cabrera-Tony-Pena-R-y-Winston-Llenas-300x182.jpg 300w, https:\/\/diariodominicano.com\/wp-content\/uploads\/2024\/01\/Americo-Cabrera-Tony-Pena-R-y-Winston-Llenas-768x465.jpg 768w, https:\/\/diariodominicano.com\/wp-content\/uploads\/2024\/01\/Americo-Cabrera-Tony-Pena-R-y-Winston-Llenas-816x494.jpg 816w, https:\/\/diariodominicano.com\/wp-content\/uploads\/2024\/01\/Americo-Cabrera-Tony-Pena-R-y-Winston-Llenas.jpg 1168w\" sizes=\"auto, (max-width: 1024px) 100vw, 1024px\" \/><\/figure>\n\n\n\n<figure class=\"wp-block-image size-large\"><img loading=\"lazy\" decoding=\"async\" width=\"915\" height=\"718\" data-id=\"500099\" src=\"https:\/\/diariodominicano.com\/wp-content\/uploads\/2024\/01\/Americo-Cabrera-presidente-de-la-ACDS.jpg\" alt=\"\" class=\"wp-image-500099\" srcset=\"https:\/\/diariodominicano.com\/wp-content\/uploads\/2024\/01\/Americo-Cabrera-presidente-de-la-ACDS.jpg 915w, https:\/\/diariodominicano.com\/wp-content\/uploads\/2024\/01\/Americo-Cabrera-presidente-de-la-ACDS-300x235.jpg 300w, https:\/\/diariodominicano.com\/wp-content\/uploads\/2024\/01\/Americo-Cabrera-presidente-de-la-ACDS-768x603.jpg 768w, https:\/\/diariodominicano.com\/wp-content\/uploads\/2024\/01\/Americo-Cabrera-presidente-de-la-ACDS-816x640.jpg 816w\" sizes=\"auto, (max-width: 915px) 100vw, 915px\" \/><\/figure>\n\n\n\n<figure class=\"wp-block-image size-large\"><img loading=\"lazy\" decoding=\"async\" width=\"1024\" height=\"576\" data-id=\"500098\" src=\"https:\/\/diariodominicano.com\/wp-content\/uploads\/2024\/01\/La-corona-floral-enviada-por-el-Patronato-Arena-del-Cibao-es-entregada-por-Tony-Pena-Rodriguez-director-provincial-de-deportes-y-Dionisio-Guzman-presidente-del-pabellon-de-la-Fama-del-Deporte-Dom-1024x576.jpg\" alt=\"\" class=\"wp-image-500098\" srcset=\"https:\/\/diariodominicano.com\/wp-content\/uploads\/2024\/01\/La-corona-floral-enviada-por-el-Patronato-Arena-del-Cibao-es-entregada-por-Tony-Pena-Rodriguez-director-provincial-de-deportes-y-Dionisio-Guzman-presidente-del-pabellon-de-la-Fama-del-Deporte-Dom-1024x576.jpg 1024w, https:\/\/diariodominicano.com\/wp-content\/uploads\/2024\/01\/La-corona-floral-enviada-por-el-Patronato-Arena-del-Cibao-es-entregada-por-Tony-Pena-Rodriguez-director-provincial-de-deportes-y-Dionisio-Guzman-presidente-del-pabellon-de-la-Fama-del-Deporte-Dom-300x169.jpg 300w, https:\/\/diariodominicano.com\/wp-content\/uploads\/2024\/01\/La-corona-floral-enviada-por-el-Patronato-Arena-del-Cibao-es-entregada-por-Tony-Pena-Rodriguez-director-provincial-de-deportes-y-Dionisio-Guzman-presidente-del-pabellon-de-la-Fama-del-Deporte-Dom-768x432.jpg 768w, https:\/\/diariodominicano.com\/wp-content\/uploads\/2024\/01\/La-corona-floral-enviada-por-el-Patronato-Arena-del-Cibao-es-entregada-por-Tony-Pena-Rodriguez-director-provincial-de-deportes-y-Dionisio-Guzman-presidente-del-pabellon-de-la-Fama-del-Deporte-Dom-816x459.jpg 816w, https:\/\/diariodominicano.com\/wp-content\/uploads\/2024\/01\/La-corona-floral-enviada-por-el-Patronato-Arena-del-Cibao-es-entregada-por-Tony-Pena-Rodriguez-director-provincial-de-deportes-y-Dionisio-Guzman-presidente-del-pabellon-de-la-Fama-del-Deporte-Dom.jpg 1280w\" sizes=\"auto, (max-width: 1024px) 100vw, 1024px\" \/><\/figure>\n\n\n\n<figure class=\"wp-block-image size-large\"><img loading=\"lazy\" decoding=\"async\" width=\"1024\" height=\"591\" data-id=\"500097\" src=\"https:\/\/diariodominicano.com\/wp-content\/uploads\/2024\/01\/Winston-Llenas-representante-de-LIDOM-habla-en-el-acto-1024x591.jpg\" alt=\"\" class=\"wp-image-500097\" srcset=\"https:\/\/diariodominicano.com\/wp-content\/uploads\/2024\/01\/Winston-Llenas-representante-de-LIDOM-habla-en-el-acto-1024x591.jpg 1024w, https:\/\/diariodominicano.com\/wp-content\/uploads\/2024\/01\/Winston-Llenas-representante-de-LIDOM-habla-en-el-acto-300x173.jpg 300w, https:\/\/diariodominicano.com\/wp-content\/uploads\/2024\/01\/Winston-Llenas-representante-de-LIDOM-habla-en-el-acto-768x443.jpg 768w, https:\/\/diariodominicano.com\/wp-content\/uploads\/2024\/01\/Winston-Llenas-representante-de-LIDOM-habla-en-el-acto-816x471.jpg 816w, https:\/\/diariodominicano.com\/wp-content\/uploads\/2024\/01\/Winston-Llenas-representante-de-LIDOM-habla-en-el-acto.jpg 1107w\" sizes=\"auto, (max-width: 1024px) 100vw, 1024px\" \/><\/figure>\n\n\n\n<figure class=\"wp-block-image size-large\"><img loading=\"lazy\" decoding=\"async\" width=\"754\" height=\"1024\" data-id=\"500096\" src=\"https:\/\/diariodominicano.com\/wp-content\/uploads\/2024\/01\/Dionisio-Guzman-754x1024.jpg\" alt=\"\" class=\"wp-image-500096\" srcset=\"https:\/\/diariodominicano.com\/wp-content\/uploads\/2024\/01\/Dionisio-Guzman-754x1024.jpg 754w, https:\/\/diariodominicano.com\/wp-content\/uploads\/2024\/01\/Dionisio-Guzman-221x300.jpg 221w, https:\/\/diariodominicano.com\/wp-content\/uploads\/2024\/01\/Dionisio-Guzman-768x1043.jpg 768w, https:\/\/diariodominicano.com\/wp-content\/uploads\/2024\/01\/Dionisio-Guzman-816x1108.jpg 816w, https:\/\/diariodominicano.com\/wp-content\/uploads\/2024\/01\/Dionisio-Guzman.jpg 966w\" sizes=\"auto, (max-width: 754px) 100vw, 754px\" \/><\/figure>\n\n\n\n<figure class=\"wp-block-image size-large\"><img loading=\"lazy\" decoding=\"async\" width=\"672\" height=\"1024\" data-id=\"500095\" src=\"https:\/\/diariodominicano.com\/wp-content\/uploads\/2024\/01\/Ramon-de-Luna-672x1024.jpg\" alt=\"\" class=\"wp-image-500095\" srcset=\"https:\/\/diariodominicano.com\/wp-content\/uploads\/2024\/01\/Ramon-de-Luna-672x1024.jpg 672w, https:\/\/diariodominicano.com\/wp-content\/uploads\/2024\/01\/Ramon-de-Luna-197x300.jpg 197w, https:\/\/diariodominicano.com\/wp-content\/uploads\/2024\/01\/Ramon-de-Luna-768x1170.jpg 768w, https:\/\/diariodominicano.com\/wp-content\/uploads\/2024\/01\/Ramon-de-Luna-1008x1536.jpg 1008w, https:\/\/diariodominicano.com\/wp-content\/uploads\/2024\/01\/Ramon-de-Luna-816x1244.jpg 816w, https:\/\/diariodominicano.com\/wp-content\/uploads\/2024\/01\/Ramon-de-Luna.jpg 1084w\" sizes=\"auto, (max-width: 672px) 100vw, 672px\" \/><\/figure>\n\n\n\n<figure class=\"wp-block-image size-large\"><img loading=\"lazy\" decoding=\"async\" width=\"1024\" height=\"620\" data-id=\"500094\" src=\"https:\/\/diariodominicano.com\/wp-content\/uploads\/2024\/01\/Judith-Hernandez-1024x620.jpg\" alt=\"\" class=\"wp-image-500094\" srcset=\"https:\/\/diariodominicano.com\/wp-content\/uploads\/2024\/01\/Judith-Hernandez-1024x620.jpg 1024w, https:\/\/diariodominicano.com\/wp-content\/uploads\/2024\/01\/Judith-Hernandez-300x182.jpg 300w, https:\/\/diariodominicano.com\/wp-content\/uploads\/2024\/01\/Judith-Hernandez-768x465.jpg 768w, https:\/\/diariodominicano.com\/wp-content\/uploads\/2024\/01\/Judith-Hernandez-816x494.jpg 816w, https:\/\/diariodominicano.com\/wp-content\/uploads\/2024\/01\/Judith-Hernandez.jpg 1091w\" sizes=\"auto, (max-width: 1024px) 100vw, 1024px\" \/><\/figure>\n\n\n\n<figure class=\"wp-block-image size-large\"><img loading=\"lazy\" decoding=\"async\" width=\"722\" height=\"1024\" data-id=\"500093\" src=\"https:\/\/diariodominicano.com\/wp-content\/uploads\/2024\/01\/Radhames-Bonilla-y-su-hijo-Amir-Bonilla-722x1024.jpg\" alt=\"\" class=\"wp-image-500093\" srcset=\"https:\/\/diariodominicano.com\/wp-content\/uploads\/2024\/01\/Radhames-Bonilla-y-su-hijo-Amir-Bonilla-722x1024.jpg 722w, https:\/\/diariodominicano.com\/wp-content\/uploads\/2024\/01\/Radhames-Bonilla-y-su-hijo-Amir-Bonilla-212x300.jpg 212w, https:\/\/diariodominicano.com\/wp-content\/uploads\/2024\/01\/Radhames-Bonilla-y-su-hijo-Amir-Bonilla-768x1089.jpg 768w, https:\/\/diariodominicano.com\/wp-content\/uploads\/2024\/01\/Radhames-Bonilla-y-su-hijo-Amir-Bonilla.jpg 794w\" sizes=\"auto, (max-width: 722px) 100vw, 722px\" \/><\/figure>\n<\/figure>\n\n\n\n<p>En la actividad, llam\u00f3 la atenci\u00f3n la presencia de emocionados ni\u00f1os peloteros de la Manny Baseball Academy, quienes portaban una flor cada quien, ordenadamente la depositaban en el mausoleo de los fallecidos, mientras un maestro trompetista de la Banda Municipal de M\u00fasica, interpretaba El Toque del Silencio y la cronista deportivo, Judith Hern\u00e1ndez, realizaba el pase de lista, mencionando a cada uno de los recordados beisbolistas.<\/p>\n\n\n\n<p>En la ceremonia, participaron: Lectura religiosa, diacono Cheo P\u00e9rez N\u00fa\u00f1ez; palabras de bienvenida, Am\u00e9rico Cabrera, presidente de la ACDS; exhortaci\u00f3n, Winston Llenas, vicepresidente de la Liga de B\u00e9isbol Profesional Dominicana y motivaci\u00f3n, a cargo de Dionisio Guzm\u00e1n, presidente del Pabell\u00f3n de la Fama del Deporte Dominicano.<\/p>\n\n\n\n<p>El pase de lista estuvo a cargo de, Judith Hern\u00e1ndez; el poema alusivo a los peloteros ca\u00eddos escrito por el poeta Suarez V\u00e1squez, fue le\u00eddo por el locutor y cronista deportivo, Ram\u00f3n de Luna; el paneg\u00edrico, por Radhames Bonilla y su hijo Amir Bonilla; el maestro de ceremonias fue, Alberto Mota, mientras que, el Himno Nacional Dominicano fue interpretado por la Banda Municipal de M\u00fasica de la Alcald\u00eda de Santiago, dirigida por Adrys Cruz.<\/p>\n\n\n\n<p>Las entregas de coronas florales estuvieron a cargo de, ACDS, entregada por Nakin Gonz\u00e1lez y Santana Mart\u00ednez; Patronato Arena del Cibao, Tony Pe\u00f1a Rodr\u00edguez, director provincial de deportes y Dionisio Guzm\u00e1n, presidente del pabell\u00f3n de la Fama del Deporte Dominicano; LIDOM, Winston Llenas y Papy P\u00e9rez; UDESA, Do\u00f1a Julia Lora viuda Hieronimus y Ana Elsa Santos, directiva de esa instituci\u00f3n; FEDOBE, entidad colaboradora del acto, por Yissette Minaya y Manuel Medina; \u00c1guilas Cibae\u00f1as, Rub\u00e9n Santana y Andr\u00e9s Garc\u00eda, as\u00ed como Alcald\u00eda de Santiago, por Franklin Peralta y Edwin Castillo.<\/p>\n\n\n\n<p>La tragedia en que perecieron los beisbolistas de la selecci\u00f3n de Santiago el 11 de enero de 1948, acompa\u00f1antes y tripulantes, acaeci\u00f3 cuando, luego de realizado en Barahona los juegos correspondientes al torneo nacional de ese deporte, el avi\u00f3n en que viajaban, por causa del mal tiempo, cay\u00f3 en la zona boscosa de R\u00edo Verde, Yamas\u00e1.<\/p>\n\n\n\n<p>Oscar Polanco<\/p>\n\n\n\n<p><a target=\"_blank\" href=\"mailto:oscarpolanco.santiagord@gmail.com\" rel=\"noreferrer noopener\">oscarpolanco.santiagord@gmail.com<\/a><\/p>\n","protected":false},"excerpt":{"rendered":"<p>SANTIAGO DE LOS CABALLEROS, Santiago, RD, 11 de enero de 2024.-\u00a0La Asociaci\u00f3n de Cronistas Deportivos de Santiago (ACDS) realiz\u00f3, este jueves, un emotivo acto de recordaci\u00f3n a los beisbolistas ca\u00eddos el 11 de enero de 1948, en su 76\u00ba aniversario, el cual fue tildado por el presidente de los organizadores, periodista Am\u00e9rico Cabrera, como el [&hellip;]<\/p>\n","protected":false},"author":7,"featured_media":500099,"comment_status":"closed","ping_status":"","sticky":true,"template":"","format":"standard","meta":{"footnotes":""},"categories":[21,26,27],"tags":[],"class_list":["post-500076","post","type-post","status-publish","format-standard","has-post-thumbnail","hentry","category-cultura","category-efemerides","category-portada"],"_links":{"self":[{"href":"https:\/\/diariodominicano.com\/index.php?rest_route=\/wp\/v2\/posts\/500076","targetHints":{"allow":["GET"]}}],"collection":[{"href":"https:\/\/diariodominicano.com\/index.php?rest_route=\/wp\/v2\/posts"}],"about":[{"href":"https:\/\/diariodominicano.com\/index.php?rest_route=\/wp\/v2\/types\/post"}],"author":[{"embeddable":true,"href":"https:\/\/diariodominicano.com\/index.php?rest_route=\/wp\/v2\/users\/7"}],"replies":[{"embeddable":true,"href":"https:\/\/diariodominicano.com\/index.php?rest_route=%2Fwp%2Fv2%2Fcomments&post=500076"}],"version-history":[{"count":3,"href":"https:\/\/diariodominicano.com\/index.php?rest_route=\/wp\/v2\/posts\/500076\/revisions"}],"predecessor-version":[{"id":500105,"href":"https:\/\/diariodominicano.com\/index.php?rest_route=\/wp\/v2\/posts\/500076\/revisions\/500105"}],"wp:featuredmedia":[{"embeddable":true,"href":"https:\/\/diariodominicano.com\/index.php?rest_route=\/wp\/v2\/media\/500099"}],"wp:attachment":[{"href":"https:\/\/diariodominicano.com\/index.php?rest_route=%2Fwp%2Fv2%2Fmedia&parent=500076"}],"wp:term":[{"taxonomy":"category","embeddable":true,"href":"https:\/\/diariodominicano.com\/index.php?rest_route=%2Fwp%2Fv2%2Fcategories&post=500076"},{"taxonomy":"post_tag","embeddable":true,"href":"https:\/\/diariodominicano.com\/index.php?rest_route=%2Fwp%2Fv2%2Ftags&post=500076"}],"curies":[{"name":"wp","href":"https:\/\/api.w.org\/{rel}","templated":true}]}}