{"id":50006,"date":"2020-09-01T01:12:29","date_gmt":"2020-09-01T01:12:29","guid":{"rendered":"http:\/\/diariodominicano.ddns.net\/?p=50006"},"modified":"2020-09-01T01:12:29","modified_gmt":"2020-09-01T01:12:29","slug":"fallece-tomas-pujols-sanabia","status":"publish","type":"post","link":"https:\/\/diariodominicano.com\/?p=50006","title":{"rendered":"Fallece Tom\u00e1s Pujols Sanabia"},"content":{"rendered":"<p><body><\/p>\n<p><strong>Fallece Tom\u00e1s Pujols Sanabia<\/strong><\/p>\n<p><strong>SANTO DOMINGO,  1 de septiembre de 2001<\/strong>, muri\u00f3 en la ciudad de Santo Domingo el periodista y locutor Tom\u00e1s Pujols Sanabia. Falleci\u00f3 de un paro card\u00edaco a las 8:15 minutos de la noche mientras recib\u00eda asistencia de emergencia en el Centro M\u00e9dico de la Universidad Central del Este (UCE)<\/p>\n<\/p>\n<p>    Durante m\u00e1s de 40 a\u00f1os ejerci\u00f3 la locuci\u00f3n y el periodismo. El 24 de abril de 1965, se encontraba junto a  Jos\u00e9 Francisco Pe\u00f1a G\u00f3mez, cuando a nombre del PRD anunci\u00f3 la ca\u00edda del Gobierno de facto que encabezaba  Donald Reid Cabral.<\/p>\n<\/p>\n<p>    Labor\u00f3 en las principales emisoras de la ciudad de Santo Domingo, incluidas Radio Comercial, donde dirigi\u00f3 su informativo  Notitiempo, Radio Cristal, Radio Continental y HIZ.<\/p>\n<\/p>\n<p>    Durante el Gobierno del presidente Salvador Jorge Blanco (1982-1986) se desempe\u00f1\u00f3 como subsecretario de Interior y Polic\u00eda.<\/p>\n<\/p>\n<p>    Al momento de morir el 1 de septiembre de 2001, sobreviv\u00edan a Tom\u00e1s Pujols Sanabia su madre Luz Dolores Sanabia, sus hijos doctora Rosa M. Pujols de la Rosa, Eva Pujols de Anaya, Luz Cristina e Iris Valentina Pujols Rom\u00e1n, y sus hermanas Luz Milagros, Eva Josefina, Ada y Altagracia Pujols.<\/p>\n<\/p>\n<h6> 2020-09-01 01:12:29 <\/h6>\n<p><!--\n<link rel=\"stylesheet\" href=\"css\/bootstrap.min.css\">\n\n\n<ul class=\"pagination\">\n\t    \n\t\n\n<li >\n\t<a href='?page_no=258'>Previous<\/a>\n\t<\/li>\n\n\n       \n    \n\n<li><a href='?page_no=1'>1<\/a><\/li>\n\n\n\n<li><a href='?page_no=2'>2<\/a><\/li>\n\n\n\n<li><a>...<\/a><\/li>\n\n\n\n<li><a href='?page_no=257'>257<\/a><\/li>\n\n\n\n<li><a href='?page_no=258'>258<\/a><\/li>\n\n\n\n<li class='active'><a>259<\/a><\/li>\n\n\n\n<li><a href='?page_no=260'>260<\/a><\/li>\n\n\n\n<li><a href='?page_no=261'>261<\/a><\/li>\n\n\n\n<li><a>...<\/a><\/li>\n\n\n\n<li><a href='?page_no=22911'>22911<\/a><\/li>\n\n\n\n<li><a href='?page_no=22912'>22912<\/a><\/li>\n\n    \n\t\n\n<li >\n\t<a href='?page_no=260'>Next<\/a>\n\t<\/li>\n\n\n    \n\n<li><a href='?page_no=22912'>Last &rsaquo;&rsaquo;<\/a><\/li>\n\n<\/ul>\n\n\n--><br \/>\n<\/body><\/p>\n","protected":false},"excerpt":{"rendered":"<p>Fallece Tom\u00e1s Pujols Sanabia SANTO DOMINGO, 1 de septiembre de 2001, muri\u00f3 en la ciudad de Santo Domingo el periodista y locutor Tom\u00e1s Pujols Sanabia. Falleci\u00f3 de un paro card\u00edaco a las 8:15 minutos de la noche mientras recib\u00eda asistencia de emergencia en el Centro M\u00e9dico de la Universidad Central del Este (UCE) Durante m\u00e1s [&hellip;]<\/p>\n","protected":false},"author":3,"featured_media":0,"comment_status":"open","ping_status":"open","sticky":false,"template":"","format":"standard","meta":{"footnotes":""},"categories":[21],"tags":[],"class_list":["post-50006","post","type-post","status-publish","format-standard","hentry","category-cultura"],"_links":{"self":[{"href":"https:\/\/diariodominicano.com\/index.php?rest_route=\/wp\/v2\/posts\/50006","targetHints":{"allow":["GET"]}}],"collection":[{"href":"https:\/\/diariodominicano.com\/index.php?rest_route=\/wp\/v2\/posts"}],"about":[{"href":"https:\/\/diariodominicano.com\/index.php?rest_route=\/wp\/v2\/types\/post"}],"author":[{"embeddable":true,"href":"https:\/\/diariodominicano.com\/index.php?rest_route=\/wp\/v2\/users\/3"}],"replies":[{"embeddable":true,"href":"https:\/\/diariodominicano.com\/index.php?rest_route=%2Fwp%2Fv2%2Fcomments&post=50006"}],"version-history":[{"count":0,"href":"https:\/\/diariodominicano.com\/index.php?rest_route=\/wp\/v2\/posts\/50006\/revisions"}],"wp:attachment":[{"href":"https:\/\/diariodominicano.com\/index.php?rest_route=%2Fwp%2Fv2%2Fmedia&parent=50006"}],"wp:term":[{"taxonomy":"category","embeddable":true,"href":"https:\/\/diariodominicano.com\/index.php?rest_route=%2Fwp%2Fv2%2Fcategories&post=50006"},{"taxonomy":"post_tag","embeddable":true,"href":"https:\/\/diariodominicano.com\/index.php?rest_route=%2Fwp%2Fv2%2Ftags&post=50006"}],"curies":[{"name":"wp","href":"https:\/\/api.w.org\/{rel}","templated":true}]}}