{"id":499999,"date":"2024-01-11T20:59:53","date_gmt":"2024-01-12T00:59:53","guid":{"rendered":"https:\/\/diariodominicano.com\/?p=499999"},"modified":"2024-01-11T21:10:20","modified_gmt":"2024-01-12T01:10:20","slug":"expulsado-de-por-vida-por-alta-traicion","status":"publish","type":"post","link":"https:\/\/diariodominicano.com\/?p=499999","title":{"rendered":"Expulsado de por vida por alta traici\u00f3n"},"content":{"rendered":"\n<p><strong><em>Tribunal Superior Electoral (TSE)<\/em><\/strong><em>\u00a0 ratifica decisi\u00f3n de expulsi\u00f3n de por vida y alta traici\u00f3n de Diego Jos\u00e9 Garc\u00eda del Partido de la Liberaci\u00f3n Dominicana<\/em>  <\/p>\n\n\n\n<p><strong>El Tribunal Superior Electoral (TSE)<\/strong>\u00a0declar\u00f3 inadmisible una acci\u00f3n de amparo del\u00a0<strong>ex candidato del Colegio de Abogados de la Rep\u00fablica Dominicana, Diego Jos\u00e9 Garc\u00eda,<\/strong>\u00a0 mediante el cual buscaba la restituci\u00f3n de su membres\u00eda en el \u00a0<strong>Partido de la Liberaci\u00f3n Dominicana (PLD),<\/strong>\u00a0 tras su reciente expulsi\u00f3n <\/p>\n\n\n\n<p>Es el propio Tribunal quien da a conocer su decisi\u00f3n al publicar en su portal la decisi\u00f3n adoptada en audiencia: \u201c El Tribunal Superior Electoral, declar\u00f3 inadmisible la acci\u00f3n de amparo restituci\u00f3n de afiliaci\u00f3n partidaria, incoada &nbsp;por ciudadano Diego Jos\u00e9 Arqu\u00edmedes Garc\u00eda Ovalles, contra el Tribunal de Disciplina y \u00c9tica del Partido de la Liberaci\u00f3n Dominicana (PLD), por falta de calidad o legitimaci\u00f3n procesal pasiva de la parte accionada, el Tribunal de Disciplina y \u00c9tica del Partido de la Liberaci\u00f3n Dominicana (PLD), interpuesto el 22 de diciembre 2023\u201d.<\/p>\n\n\n\n<p>La Alta Corte acogi\u00f3 el medio de inadmisi\u00f3n planteado por la parte accionada, y en consecuencia, &nbsp;declar\u00f3 la inadmisibilidad de proceso por falta de calidad o legitimaci\u00f3n procesal pasiva de la parte accionada, el Tribunal de Disciplina y \u00c9tica del Partido de la Liberaci\u00f3n Dominicana (PLD), al tenor de lo previsto en los art\u00edculos 21 de la Ley n\u00fam. 33-18 de Partidos, Agrupaciones y Movimientos Pol\u00edticos y el p\u00e1rrafo II del art\u00edculo 101 del Reglamento de Procedimientos Contenciosos Electorales, por carecer dicho \u00f3rgano partidario de personalidad jur\u00eddica para ser llamado en justicia.<\/p>\n\n\n\n<p>La sentencia, la firmaron los magistrados Ygnacio Pascual Camacho Hidalgo, presidente, Rosa P\u00e9rez de Garc\u00eda, Pedro Pablo Y\u00e9rmenos Forastieri, Fernando Fern\u00e1ndez Cruz y Hermenegilda del Rosario Fondeur Ram\u00edrez, quienes tambi\u00e9n declararon tambi\u00e9n las costas de oficio.<\/p>\n\n\n\n<p>\u201cEl Tribunal Superior Electoral, le cerr\u00f3 el paso nuevamente a DIEGO JOS\u00c9 GARC\u00cdA, al declarar INADMISIBLE SU ACCI\u00d3N CONSTITUCIONAL DE AMPARO al pretender retornar a las filas del PLD, de donde fue expulsado de por vida por alta traici\u00f3n al PLD, como&nbsp;&nbsp; lo hab\u00eda hecho anteriormente su Tribunal Nacional de Disciplina y \u00c9tica, despu\u00e9s de cumplir con el debido proceso constitucional\u201d, explicaron los juristas quienes representaron al TNDE del PLD ante el Tribunal Superior Electoral.<\/p>\n\n\n\n<p><strong>SECRETAR\u00cdA DE COMUNICACIONES <\/strong><\/p>\n","protected":false},"excerpt":{"rendered":"<p>Tribunal Superior Electoral (TSE)\u00a0 ratifica decisi\u00f3n de expulsi\u00f3n de por vida y alta traici\u00f3n de Diego Jos\u00e9 Garc\u00eda del Partido de la Liberaci\u00f3n Dominicana El Tribunal Superior Electoral (TSE)\u00a0declar\u00f3 inadmisible una acci\u00f3n de amparo del\u00a0ex candidato del Colegio de Abogados de la Rep\u00fablica Dominicana, Diego Jos\u00e9 Garc\u00eda,\u00a0 mediante el cual buscaba la restituci\u00f3n de su [&hellip;]<\/p>\n","protected":false},"author":7,"featured_media":500050,"comment_status":"closed","ping_status":"","sticky":true,"template":"","format":"standard","meta":{"footnotes":""},"categories":[22,27],"tags":[],"class_list":["post-499999","post","type-post","status-publish","format-standard","has-post-thumbnail","hentry","category-politica","category-portada"],"_links":{"self":[{"href":"https:\/\/diariodominicano.com\/index.php?rest_route=\/wp\/v2\/posts\/499999","targetHints":{"allow":["GET"]}}],"collection":[{"href":"https:\/\/diariodominicano.com\/index.php?rest_route=\/wp\/v2\/posts"}],"about":[{"href":"https:\/\/diariodominicano.com\/index.php?rest_route=\/wp\/v2\/types\/post"}],"author":[{"embeddable":true,"href":"https:\/\/diariodominicano.com\/index.php?rest_route=\/wp\/v2\/users\/7"}],"replies":[{"embeddable":true,"href":"https:\/\/diariodominicano.com\/index.php?rest_route=%2Fwp%2Fv2%2Fcomments&post=499999"}],"version-history":[{"count":4,"href":"https:\/\/diariodominicano.com\/index.php?rest_route=\/wp\/v2\/posts\/499999\/revisions"}],"predecessor-version":[{"id":500051,"href":"https:\/\/diariodominicano.com\/index.php?rest_route=\/wp\/v2\/posts\/499999\/revisions\/500051"}],"wp:featuredmedia":[{"embeddable":true,"href":"https:\/\/diariodominicano.com\/index.php?rest_route=\/wp\/v2\/media\/500050"}],"wp:attachment":[{"href":"https:\/\/diariodominicano.com\/index.php?rest_route=%2Fwp%2Fv2%2Fmedia&parent=499999"}],"wp:term":[{"taxonomy":"category","embeddable":true,"href":"https:\/\/diariodominicano.com\/index.php?rest_route=%2Fwp%2Fv2%2Fcategories&post=499999"},{"taxonomy":"post_tag","embeddable":true,"href":"https:\/\/diariodominicano.com\/index.php?rest_route=%2Fwp%2Fv2%2Ftags&post=499999"}],"curies":[{"name":"wp","href":"https:\/\/api.w.org\/{rel}","templated":true}]}}