{"id":499988,"date":"2024-01-11T16:43:54","date_gmt":"2024-01-11T20:43:54","guid":{"rendered":"https:\/\/diariodominicano.com\/?p=499988"},"modified":"2024-01-11T16:43:54","modified_gmt":"2024-01-11T20:43:54","slug":"iespec-y-el-ies-enmp-firman-acuerdo-de-cooperacion-para-capacitar-a-fiscales-electorales","status":"publish","type":"post","link":"https:\/\/diariodominicano.com\/?p=499988","title":{"rendered":"IESPEC y el IES-ENMP firman acuerdo de cooperaci\u00f3n para capacitar a fiscales electorales"},"content":{"rendered":"\n<p>diariodominicano.com<\/p>\n\n\n\n<p>Santo Domingo, 11 de enero, 2024.- El Instituto Especializado Superior en Formaci\u00f3n Pol\u00edtica y del Estado Civil de la Junta Central Electoral (IESPEC) y la Escuela Nacional del Ministerio P\u00fablico (IES-ENMP) firmaron este jueves un convenio espec\u00edfico de cooperaci\u00f3n interinstitucional para impartir un curso especializado en persecuci\u00f3n de delito electoral dirigido a los fiscales electorales.\u00a0<\/p>\n\n\n\n<p>Este acuerdo, firmado por el rector interino del del IESPEC, Felipe Carvajal y por la rectora del IES-ENMP, Marien Montero Beard, se lleva a cabo en cumplimiento a lo establecido en el art\u00edculo 330 de la Ley 20-23 Org\u00e1nica de R\u00e9gimen Electoral, convirti\u00e9ndose ambas instituciones acad\u00e9micas en el soporte de formaci\u00f3n en materia procesal penal electoral para impartir docencia especializada.<\/p>\n\n\n\n<p>Estuvieron presentes el procurador especializado contra los Delitos Electorales, Iv\u00e1n Feliz Vargas; la vicerrectora docente interina del IESPEC, Daiyud Bret\u00f3n Alba; Laura Casado Ortiz, vicerrectora interina de Investigaci\u00f3n y Posgrado; Jos\u00e9 Ram\u00edrez Segura, vicerrector Administrativo y Financiero; Joel Rosario Gonz\u00e1lez, secretario interino del Consejo Acad\u00e9mico; y Leonardo Borregui, consultor jur\u00eddico de la Escuela del Ministerio P\u00fablico.<\/p>\n\n\n\n<p>Titulares de ambas escuelas elogian acuerdo<\/p>\n\n\n\n<p>Al agotar unas palabras el rector interino del IESPEC, Felipe Carvajal, manifest\u00f3 que con esta firma de convenio se destaca que la confianza en el proceso electoral es un elemento clave en la legitimaci\u00f3n del acceso al poder p\u00fablico, para la consolidaci\u00f3n del r\u00e9gimen democr\u00e1tico y ante el reto de trabajar para vencer la impunidad de los delitos electorales y sus graves derivaciones sociales, econ\u00f3micas y pol\u00edticas, en aras de garantizar los derechos civiles y pol\u00edticos fundamentales que tutelan cualquier democracia.<\/p>\n\n\n\n<p>Mientras que la rectora del IES-ENMP, Marien Montero Beard, expuso que \u201cpara la escuela es de gran motivaci\u00f3n tener esta alianza con una escuela hermana, sobre todo porque con ellos estamos contribuyendo a la democracia de nuestro pa\u00eds\u201d.<\/p>\n\n\n\n<p>En tanto que el procurador especializado contra delitos electorales, Iv\u00e1n F\u00e9lix Vargas, destac\u00f3 el actual Pleno de la JCE ha acogido la propia ley en lo que concierne a esta alianza estrat\u00e9gica entre las dos escuelas, la del \u00f3rgano electoral y la del Ministerio P\u00fablico.<\/p>\n\n\n\n<p>Direcci\u00f3n de Comunicaciones<\/p>\n\n\n\n<p>Jueves 11 de enero de 2024<\/p>\n\n\n\n<p>Enlace de Video:\u00a0<a href=\"https:\/\/we.tl\/t-sA3tNG0YY2\" target=\"_blank\" rel=\"noreferrer noopener\">https:\/\/we.tl\/t-sA3tNG0YY2<\/a><\/p>\n\n\n\n<p><strong>Comunicaciones JCE<\/strong><\/p>\n","protected":false},"excerpt":{"rendered":"<p>diariodominicano.com Santo Domingo, 11 de enero, 2024.- El Instituto Especializado Superior en Formaci\u00f3n Pol\u00edtica y del Estado Civil de la Junta Central Electoral (IESPEC) y la Escuela Nacional del Ministerio P\u00fablico (IES-ENMP) firmaron este jueves un convenio espec\u00edfico de cooperaci\u00f3n interinstitucional para impartir un curso especializado en persecuci\u00f3n de delito electoral dirigido a los fiscales [&hellip;]<\/p>\n","protected":false},"author":5,"featured_media":499990,"comment_status":"closed","ping_status":"","sticky":true,"template":"","format":"standard","meta":{"footnotes":""},"categories":[20,22,27],"tags":[],"class_list":["post-499988","post","type-post","status-publish","format-standard","has-post-thumbnail","hentry","category-dominicana-hoy","category-politica","category-portada"],"_links":{"self":[{"href":"https:\/\/diariodominicano.com\/index.php?rest_route=\/wp\/v2\/posts\/499988","targetHints":{"allow":["GET"]}}],"collection":[{"href":"https:\/\/diariodominicano.com\/index.php?rest_route=\/wp\/v2\/posts"}],"about":[{"href":"https:\/\/diariodominicano.com\/index.php?rest_route=\/wp\/v2\/types\/post"}],"author":[{"embeddable":true,"href":"https:\/\/diariodominicano.com\/index.php?rest_route=\/wp\/v2\/users\/5"}],"replies":[{"embeddable":true,"href":"https:\/\/diariodominicano.com\/index.php?rest_route=%2Fwp%2Fv2%2Fcomments&post=499988"}],"version-history":[{"count":1,"href":"https:\/\/diariodominicano.com\/index.php?rest_route=\/wp\/v2\/posts\/499988\/revisions"}],"predecessor-version":[{"id":499991,"href":"https:\/\/diariodominicano.com\/index.php?rest_route=\/wp\/v2\/posts\/499988\/revisions\/499991"}],"wp:featuredmedia":[{"embeddable":true,"href":"https:\/\/diariodominicano.com\/index.php?rest_route=\/wp\/v2\/media\/499990"}],"wp:attachment":[{"href":"https:\/\/diariodominicano.com\/index.php?rest_route=%2Fwp%2Fv2%2Fmedia&parent=499988"}],"wp:term":[{"taxonomy":"category","embeddable":true,"href":"https:\/\/diariodominicano.com\/index.php?rest_route=%2Fwp%2Fv2%2Fcategories&post=499988"},{"taxonomy":"post_tag","embeddable":true,"href":"https:\/\/diariodominicano.com\/index.php?rest_route=%2Fwp%2Fv2%2Ftags&post=499988"}],"curies":[{"name":"wp","href":"https:\/\/api.w.org\/{rel}","templated":true}]}}