{"id":499943,"date":"2024-01-11T12:18:42","date_gmt":"2024-01-11T16:18:42","guid":{"rendered":"https:\/\/diariodominicano.com\/?p=499943"},"modified":"2024-01-11T12:19:48","modified_gmt":"2024-01-11T16:19:48","slug":"abinader-somete-a-la-poblacion-a-un-estado-de-incertidumbre-y-calamidad-alimentaria-denuncia-la-fp","status":"publish","type":"post","link":"https:\/\/diariodominicano.com\/?p=499943","title":{"rendered":"Abinader somete a la poblaci\u00f3n \u00aba un estado de incertidumbre y calamidad alimentaria\u00bb, denuncia la FP"},"content":{"rendered":"\n<p>Solicita revisar el Plan de Ordenamiento Territorial, en el municipio de Constanza.<\/p>\n\n\n\n<p>Santo Domingo, DN.- El partido Fuerza del Pueblo, a trav\u00e9s de la Secretar\u00eda de Desarrollo Rural, la Secretar\u00eda de Asuntos Agropecuarios y la Secretar\u00eda de Medio Ambiente, denunci\u00f3  que el Gobierno de Abinader, ha sumergido a las familias dominicanas, especialmente las m\u00e1s pobres, en una situaci\u00f3n de incertidumbre y calamidad alimentaria, ya que su poder adquisitivo ha disminuido de manera sustancial y, consecuentemente, un segmento importante de la poblaci\u00f3n hoy d\u00eda de 3 comidas s\u00f3lo puede consumir una o dos, pero en muchas ocasiones, hasta se le dificulta hacer una sola.\u00a0<\/p>\n\n\n\n<figure class=\"wp-block-image size-large\"><img loading=\"lazy\" decoding=\"async\" width=\"1024\" height=\"683\" src=\"https:\/\/diariodominicano.com\/wp-content\/uploads\/2024\/01\/IMG-20240111-WA0137-1024x683.jpg\" alt=\"\" class=\"wp-image-499946\" srcset=\"https:\/\/diariodominicano.com\/wp-content\/uploads\/2024\/01\/IMG-20240111-WA0137-1024x683.jpg 1024w, https:\/\/diariodominicano.com\/wp-content\/uploads\/2024\/01\/IMG-20240111-WA0137-300x200.jpg 300w, https:\/\/diariodominicano.com\/wp-content\/uploads\/2024\/01\/IMG-20240111-WA0137-768x512.jpg 768w, https:\/\/diariodominicano.com\/wp-content\/uploads\/2024\/01\/IMG-20240111-WA0137-1536x1025.jpg 1536w, https:\/\/diariodominicano.com\/wp-content\/uploads\/2024\/01\/IMG-20240111-WA0137-2048x1367.jpg 2048w, https:\/\/diariodominicano.com\/wp-content\/uploads\/2024\/01\/IMG-20240111-WA0137-816x545.jpg 816w\" sizes=\"auto, (max-width: 1024px) 100vw, 1024px\" \/><\/figure>\n\n\n\n<p>Modesto Reyes, titular de la Secretar\u00eda de Desarrollo Rural, expres\u00f3 que \u201cla situaci\u00f3n descrita anteriormente se refleja en el hecho de que, \u201cel costo de la Canasta B\u00e1sica Familiar, reportado por el Banco Central, para la poblaci\u00f3n de menos ingresos (Primer Quintil), se increment\u00f3 en RD$5,645.19 pesos, al pasar de RD$21,153.19 pesos, en agosto del a\u00f1o 2020, a RD$26,798.70 pesos, en diciembre de 2023, es decir, un aumento de 26.69%, en circunstancias en que los salarios han permanecidos estancados\u201d.<\/p>\n\n\n\n<p>Asimismo, el catedr\u00e1tico y dirigente pol\u00edtico, manifest\u00f3 que \u201cpeor es a\u00fan se\u00f1alar que, el componente de la mencionada Canasta B\u00e1sica Familiar que m\u00e1s ha aumentado, es Alimentos y Bebidas No Alcoh\u00f3lica, ya que los precios de los alimentos que consume el pueblo han subido de precio entre un 40 y 60% en sentido general, siendo en algunos casos, incrementos mayores al 100%\u201d.<\/p>\n\n\n\n<p>De su lado, H\u00e9ctor Acosta, titular de la Secretar\u00eda de Asuntos Agropecuarios, dijo que \u201clo expresado anteriormente es consecuencia de un rotundo fracaso del gobierno de Lu\u00eds Abinader, en materia agropecuaria, debido a la incorrecta aplicaci\u00f3n de pol\u00edticas p\u00fablicas que han hundido el aparato productivo nacional, quebrando a los productores, entre las cuales se pueden mencionar: la preferencia por las importaciones agropecuarias a tasa cero, adoleciendo de controles sanitarios; la cancelaci\u00f3n de la mayor\u00eda de los t\u00e9cnicos y profesionales agropecuarios, correspondientes a los servicios de extensi\u00f3n; y la falta de planificaci\u00f3n, en la producci\u00f3n nacional, entre otras medidas desacertadas\u201d.<\/p>\n\n\n\n<figure class=\"wp-block-image size-large\"><img loading=\"lazy\" decoding=\"async\" width=\"1024\" height=\"683\" src=\"https:\/\/diariodominicano.com\/wp-content\/uploads\/2024\/01\/IMG-20240111-WA0141-1024x683.jpg\" alt=\"\" class=\"wp-image-499948\" srcset=\"https:\/\/diariodominicano.com\/wp-content\/uploads\/2024\/01\/IMG-20240111-WA0141-1024x683.jpg 1024w, https:\/\/diariodominicano.com\/wp-content\/uploads\/2024\/01\/IMG-20240111-WA0141-300x200.jpg 300w, https:\/\/diariodominicano.com\/wp-content\/uploads\/2024\/01\/IMG-20240111-WA0141-768x512.jpg 768w, https:\/\/diariodominicano.com\/wp-content\/uploads\/2024\/01\/IMG-20240111-WA0141-1536x1025.jpg 1536w, https:\/\/diariodominicano.com\/wp-content\/uploads\/2024\/01\/IMG-20240111-WA0141-2048x1367.jpg 2048w, https:\/\/diariodominicano.com\/wp-content\/uploads\/2024\/01\/IMG-20240111-WA0141-816x545.jpg 816w\" sizes=\"auto, (max-width: 1024px) 100vw, 1024px\" \/><\/figure>\n\n\n\n<p>En este orden, H\u00e9ctor Acosta, se\u00f1al\u00f3 que \u201cpara tener una idea de la insaciabilidad importadora del actual gobierno, seg\u00fan apuntan las proyecciones estad\u00edsticas de la Direcci\u00f3n General de Aduanas (DGA): las importaciones de alimentos se aumentar\u00e1n en m\u00e1s de un 100% al pasar de US$3,109 millones de d\u00f3lares, en el a\u00f1o 2019, a m\u00e1s de US$6,000 millones, en el 2023\u201d.&nbsp;<\/p>\n\n\n\n<p>Dijo adem\u00e1s que, \u201ca modo de ejemplos, las importaciones de ajo, se incrementaron en un 92.86%, al pasar de 8,121.63 TM, en el a\u00f1o 2019, a 15,663.57 TM, en el 2022; y, las de papa, subieron un 84.90%, al pasar de 37,495.93 TM, en el a\u00f1o 20219, a unas 69,331.41 TM en el 2022\u201d.<\/p>\n\n\n\n<p>Igualmente, destac\u00f3 que, \u201cFuerza del Pueblo, ya ha fijado su posici\u00f3n de rotundo rechazo al nuevo proyecto de Ley Tasa Cero, para la importaci\u00f3n de alimentos, sometido por el gobierno del presidente Luis Abinader, al Congreso Nacional, con el cual se pretende finalmente dar la estocada mortal al sector agropecuario nacional, a los productores y a la seguridad alimentaria del pa\u00eds\u201d.<\/p>\n\n\n\n<p>En otro orden, Paino Abreu, titular de la Secretar\u00eda de Medio Ambiente, denunci\u00f3 que \u201cel gobierno del Partido Revolucionario Moderno (PRM), en violaci\u00f3n a las normas establecidas, se ha convertido en promotor del desarrollo inmobiliario en suelos con alto potencial para la producci\u00f3n de alimentos, reduciendo el \u00e1rea de cultivo y dificultando la aprobaci\u00f3n y puesta en funcionamiento del reglamento de la Ley 368-22 sobre Ordenamiento Territorial\u201d.<\/p>\n\n\n\n<p>\u201cEl caso de Constanza, es particularmente alarmante, porque all\u00ed, est\u00e1 ocurriendo un desarrollo urbano incontrolado que ya ha utilizado alrededor del 20% de los suelos Categor\u00eda I del Valle, es decir, los mejores suelos para agricultura. Y lo peor es que, dicho proceso se est\u00e1 llevando a cabo ante la mirada indiferente de las autoridades, sin ning\u00fan tipo de ordenamiento y poniendo en peligro no solo la producci\u00f3n de vegetales, hortalizas, frutas y flores, sino tambi\u00e9n el propio potencial tur\u00edstico del municipio, sum\u00e1ndose al hist\u00f3rico problema de la contaminaci\u00f3n por uso indiscriminado de qu\u00edmicos, el incremento de la basura por falta de un relleno sanitario y la contaminaci\u00f3n ac\u00fastica por el desorden permitido de aparatos de sonido con bocinas de alto vol\u00famen\u201d, explic\u00f3 Abreu.<\/p>\n\n\n\n<p>Agregando adem\u00e1s que: \u201cFuerza del Pueblo, hace un llamado a las autoridades correspondientes para que se revise, excepcionalmente, en el caso del municipio de Constanza, la disposici\u00f3n del Ministerio de Medio Ambiente, la cual proh\u00edbe infraestructuras y edificaciones por encima de los 1,200 metros, sobre el nivel del mar, ya que estimula construir directamente en el Valle, convirti\u00e9ndolo en un centro poblado\u201d.&nbsp;<\/p>\n\n\n\n<p>\u201cEl municipio de Constanza, necesita con urgencia un verdadero Plan de Ordenamiento Territorial y Ambiental, que aproveche de manera adecuada, sus condiciones ambientales, privilegiadas, armonizando con sabidur\u00eda la agricultura, el ecoturismo y el turismo de monta\u00f1a\u201d. Dijo finalmente, Paino Abreu.<\/p>\n\n\n\n<p>Comunicaciones FP<\/p>\n","protected":false},"excerpt":{"rendered":"<p>Solicita revisar el Plan de Ordenamiento Territorial, en el municipio de Constanza. Santo Domingo, DN.- El partido Fuerza del Pueblo, a trav\u00e9s de la Secretar\u00eda de Desarrollo Rural, la Secretar\u00eda de Asuntos Agropecuarios y la Secretar\u00eda de Medio Ambiente, denunci\u00f3 que el Gobierno de Abinader, ha sumergido a las familias dominicanas, especialmente las m\u00e1s pobres, [&hellip;]<\/p>\n","protected":false},"author":28,"featured_media":499944,"comment_status":"closed","ping_status":"","sticky":true,"template":"","format":"standard","meta":{"footnotes":""},"categories":[36,18,22,27],"tags":[],"class_list":["post-499943","post","type-post","status-publish","format-standard","has-post-thumbnail","hentry","category-hombresmujeresycosas","category-economia","category-politica","category-portada"],"_links":{"self":[{"href":"https:\/\/diariodominicano.com\/index.php?rest_route=\/wp\/v2\/posts\/499943","targetHints":{"allow":["GET"]}}],"collection":[{"href":"https:\/\/diariodominicano.com\/index.php?rest_route=\/wp\/v2\/posts"}],"about":[{"href":"https:\/\/diariodominicano.com\/index.php?rest_route=\/wp\/v2\/types\/post"}],"author":[{"embeddable":true,"href":"https:\/\/diariodominicano.com\/index.php?rest_route=\/wp\/v2\/users\/28"}],"replies":[{"embeddable":true,"href":"https:\/\/diariodominicano.com\/index.php?rest_route=%2Fwp%2Fv2%2Fcomments&post=499943"}],"version-history":[{"count":3,"href":"https:\/\/diariodominicano.com\/index.php?rest_route=\/wp\/v2\/posts\/499943\/revisions"}],"predecessor-version":[{"id":499949,"href":"https:\/\/diariodominicano.com\/index.php?rest_route=\/wp\/v2\/posts\/499943\/revisions\/499949"}],"wp:featuredmedia":[{"embeddable":true,"href":"https:\/\/diariodominicano.com\/index.php?rest_route=\/wp\/v2\/media\/499944"}],"wp:attachment":[{"href":"https:\/\/diariodominicano.com\/index.php?rest_route=%2Fwp%2Fv2%2Fmedia&parent=499943"}],"wp:term":[{"taxonomy":"category","embeddable":true,"href":"https:\/\/diariodominicano.com\/index.php?rest_route=%2Fwp%2Fv2%2Fcategories&post=499943"},{"taxonomy":"post_tag","embeddable":true,"href":"https:\/\/diariodominicano.com\/index.php?rest_route=%2Fwp%2Fv2%2Ftags&post=499943"}],"curies":[{"name":"wp","href":"https:\/\/api.w.org\/{rel}","templated":true}]}}