{"id":499911,"date":"2024-01-11T00:36:47","date_gmt":"2024-01-11T04:36:47","guid":{"rendered":"https:\/\/diariodominicano.com\/?p=499911"},"modified":"2024-01-11T00:36:47","modified_gmt":"2024-01-11T04:36:47","slug":"acds-recordara-fallecidos-el-11-de-enero-de-1948-en-acto-realizara-este-jueves-en-el-cementerio-de-la-30-de-marzo-2","status":"publish","type":"post","link":"https:\/\/diariodominicano.com\/?p=499911","title":{"rendered":"ACDS recordar\u00e1 fallecidos el 11 de enero de 1948 en acto realizar\u00e1 este jueves en el Cementerio de la 30 de Marzo"},"content":{"rendered":"\n<p><strong>SANTIAGO DE LOS CABALLEROS, Santiago, Rep\u00fablica Dominicana (10-01-2024).-<\/strong>&nbsp;La Asociaci\u00f3n de Cronistas Deportivos de Santiago (ACDS) realizar\u00e1 este jueves a partir de las 9:30am, en el Cementerio de la 30 de Marzo, el acto de recordaci\u00f3n a los peloteros ca\u00eddos el 11 de Enero de 1948 en la tragedia de R\u00edo Verde, Yamas\u00e1, en su 76\u00ba aniversario.<\/p>\n\n\n\n<p>El presidente de la ACDS, Am\u00e9rico Cabrera, quien ofreci\u00f3 la informaci\u00f3n, dio a conocer que, la actividad comenzar\u00e1 exactamente a la hora se\u00f1alada con los saludos del maestro de ceremonia, luego, la Banda Municipal de M\u00fasica de la Alcald\u00eda de Santiago, interpretar\u00e1 el Himno Nacional Dominicano.<\/p>\n\n\n\n<p>El mismo presidente de la ACDS, periodista Cabrera, dir\u00e1 las palabras de bienvenida, a la vez, discurso central, all\u00ed tambi\u00e9n hablar\u00e1 la gloria del b\u00e9isbol profesional dominicano, Winston -Chilote- Llenas, vicepresidente de LIDOM y el principal ejecutivo del Comit\u00e9 Ol\u00edmpico Dominicano, Garibaldi Bautista.<\/p>\n\n\n\n<p>El pase de lista de los fallecidos aquel 11 de enero de 1948, lo har\u00e1 la cronista deportivo, Judith Hern\u00e1ndez, mientras que, el poema alusivo a los ca\u00eddos que escribi\u00f3 el poeta Su\u00e1rez V\u00e1squez, ser\u00e1 declamado por el locutor Andr\u00e9s Garc\u00eda, al tiempo que, el licenciado Radham\u00e9s Bonilla, dir\u00e1 el paneg\u00edrico y el di\u00e1cono Cheo N\u00fa\u00f1ez, el responso.<\/p>\n\n\n\n<p>Luego se proceder\u00e1 a las entregas de coronas florales a cargo de diversas instituciones deportivas, p\u00fablicas, oficiales y privadas.<\/p>\n\n\n\n<p>La tragedia en que perecieron los beisbolistas de la selecci\u00f3n de Santiago el 11 de enero de 1948, acompa\u00f1antes y tripulantes, acaeci\u00f3 cuando, luego de realizado en Barahona los juegos correspondientes, el avi\u00f3n en que viajaban, por causa del mal tiempo, cay\u00f3 en la zona boscosa de R\u00edo Verde, Yamas\u00e1.<\/p>\n\n\n\n<p>Oscar Polanco<\/p>\n\n\n\n<p><a target=\"_blank\" href=\"mailto:oscarpolanco.santiagord@gmail.com\" rel=\"noreferrer noopener\">oscarpolanco.santiagord@gmail.com<\/a><\/p>\n","protected":false},"excerpt":{"rendered":"<p>SANTIAGO DE LOS CABALLEROS, Santiago, Rep\u00fablica Dominicana (10-01-2024).-&nbsp;La Asociaci\u00f3n de Cronistas Deportivos de Santiago (ACDS) realizar\u00e1 este jueves a partir de las 9:30am, en el Cementerio de la 30 de Marzo, el acto de recordaci\u00f3n a los peloteros ca\u00eddos el 11 de Enero de 1948 en la tragedia de R\u00edo Verde, Yamas\u00e1, en su 76\u00ba [&hellip;]<\/p>\n","protected":false},"author":28,"featured_media":499912,"comment_status":"closed","ping_status":"","sticky":true,"template":"","format":"standard","meta":{"footnotes":""},"categories":[17,26,27],"tags":[],"class_list":["post-499911","post","type-post","status-publish","format-standard","has-post-thumbnail","hentry","category-deportes","category-efemerides","category-portada"],"_links":{"self":[{"href":"https:\/\/diariodominicano.com\/index.php?rest_route=\/wp\/v2\/posts\/499911","targetHints":{"allow":["GET"]}}],"collection":[{"href":"https:\/\/diariodominicano.com\/index.php?rest_route=\/wp\/v2\/posts"}],"about":[{"href":"https:\/\/diariodominicano.com\/index.php?rest_route=\/wp\/v2\/types\/post"}],"author":[{"embeddable":true,"href":"https:\/\/diariodominicano.com\/index.php?rest_route=\/wp\/v2\/users\/28"}],"replies":[{"embeddable":true,"href":"https:\/\/diariodominicano.com\/index.php?rest_route=%2Fwp%2Fv2%2Fcomments&post=499911"}],"version-history":[{"count":1,"href":"https:\/\/diariodominicano.com\/index.php?rest_route=\/wp\/v2\/posts\/499911\/revisions"}],"predecessor-version":[{"id":499913,"href":"https:\/\/diariodominicano.com\/index.php?rest_route=\/wp\/v2\/posts\/499911\/revisions\/499913"}],"wp:featuredmedia":[{"embeddable":true,"href":"https:\/\/diariodominicano.com\/index.php?rest_route=\/wp\/v2\/media\/499912"}],"wp:attachment":[{"href":"https:\/\/diariodominicano.com\/index.php?rest_route=%2Fwp%2Fv2%2Fmedia&parent=499911"}],"wp:term":[{"taxonomy":"category","embeddable":true,"href":"https:\/\/diariodominicano.com\/index.php?rest_route=%2Fwp%2Fv2%2Fcategories&post=499911"},{"taxonomy":"post_tag","embeddable":true,"href":"https:\/\/diariodominicano.com\/index.php?rest_route=%2Fwp%2Fv2%2Ftags&post=499911"}],"curies":[{"name":"wp","href":"https:\/\/api.w.org\/{rel}","templated":true}]}}