{"id":49984,"date":"2020-09-01T13:52:52","date_gmt":"2020-09-01T13:52:52","guid":{"rendered":"http:\/\/diariodominicano.ddns.net\/?p=49984"},"modified":"2020-09-01T13:52:52","modified_gmt":"2020-09-01T13:52:52","slug":"ministerio-de-cultura-aplaza-recepcion-de-obras-participantes-premio-anual-de-historia","status":"publish","type":"post","link":"https:\/\/diariodominicano.com\/?p=49984","title":{"rendered":"Ministerio de Cultura aplaza recepci\u00f3n de obras participantes Premio Anual de Historia"},"content":{"rendered":"<p><body><\/p>\n<p><img decoding=\"async\" src=\"http:\/\/localhost:8080\/img3\/Premio%20Anual%20de%20Historia%202020%20Jos%C3%83%C2%A9%20Gabriel%20Garc%C3%83%C2%ADa%20(1).jpg\" \/>  <\/p>\n<p><span class=\"text1noticias\">diariodominicano.com<\/span><\/p>\n<p><span class=\"text1noticias\">  <\/span><\/p>\n<p><span class=\"text1noticias\">Santo Domingo, R. D., 1 de septiiembre, 2020.-  El Ministerio de Cultura extiende el plazo para la recepci\u00f3n de obras participantes en el Premio Anual de Historia \u00abJos\u00e9 Gabriel Garc\u00eda\u00bb 2020, dando una pr\u00f3rroga hasta el 15 de septiembre del a\u00f1o en curso.   <\/span><\/p>\n<p><span class=\"text1noticias\"> <\/span><\/p>\n<p><span class=\"text1noticias\">Estas medidas fueron tomadas debido a la situaci\u00f3n actual que vive la Rep\u00fablica Dominicana y el mundo por la pandemia del COVID-19, para preservar el confinamiento y distanciamiento social propuesto por las autoridades. <\/span><\/p>\n<p><span class=\"text1noticias\"> <\/span><\/p>\n<p><span class=\"text1noticias\">El Ministerio de Cultura ha decidido aceptar las obras participantes en formato digital, las cuales podr\u00e1n ser enviadas al correo institucional culturagestionliterarartia@gmail.com, para su evaluaci\u00f3n. <\/span><\/p>\n<p><span class=\"text1noticias\"> <\/span><\/p>\n<p><span class=\"text1noticias\">Las bases del concurso destacan como objetivo fundamental estimular y reconocer las obras de investigadores de nacionalidad dominicana residentes en el pa\u00eds o en el extranjero y que representen un aporte original, trascendente e innegable para la historia dominicana.<\/span><\/p>\n<p><span class=\"text1noticias\"> <\/span><\/p>\n<p><span class=\"text1noticias\">El premio, con una dotaci\u00f3n de quinientos mil pesos, un diploma y la publicaci\u00f3n de su obra al ganador, fue anunciado por el Ministerio de Cultura (MINC), en conformidad con el decreto n\u00famero 3-17, emitido en fecha del 6 de enero del a\u00f1o 2017.<\/span><\/p>\n<p><span class=\"text1noticias\"> <\/span><\/p>\n<p><span class=\"text1noticias\">Los contenidos de las obras originales a concursar deben representar un aporte trascendente e incuestionable al acervo bibli\u00f3grafo de la historia dominicana.<\/span><\/p>\n<p><span class=\"text1noticias\"> <\/span><\/p>\n<p><span class=\"text1noticias\">Fuente: Direcci\u00f3n de Comunicaciones<\/span><\/p>\n<p><span class=\"text1noticias\">Ministerio de Cultura de la Rep\u00fablica Dominicana<\/span><\/p>\n<p><span class=\"text1noticias\">Ministerio de Cultura Rep\u00fablica Dominicana <\/span><\/p>\n<h6> 2020-09-01 13:52:52 <\/h6>\n<p><!--\n<link rel=\"stylesheet\" href=\"css\/bootstrap.min.css\">\n\n\n<ul class=\"pagination\">\n\t    \n\t\n\n<li >\n\t<a href='?page_no=256'>Previous<\/a>\n\t<\/li>\n\n\n       \n    \n\n<li><a href='?page_no=1'>1<\/a><\/li>\n\n\n\n<li><a href='?page_no=2'>2<\/a><\/li>\n\n\n\n<li><a>...<\/a><\/li>\n\n\n\n<li><a href='?page_no=255'>255<\/a><\/li>\n\n\n\n<li><a href='?page_no=256'>256<\/a><\/li>\n\n\n\n<li class='active'><a>257<\/a><\/li>\n\n\n\n<li><a href='?page_no=258'>258<\/a><\/li>\n\n\n\n<li><a href='?page_no=259'>259<\/a><\/li>\n\n\n\n<li><a>...<\/a><\/li>\n\n\n\n<li><a href='?page_no=22911'>22911<\/a><\/li>\n\n\n\n<li><a href='?page_no=22912'>22912<\/a><\/li>\n\n    \n\t\n\n<li >\n\t<a href='?page_no=258'>Next<\/a>\n\t<\/li>\n\n\n    \n\n<li><a href='?page_no=22912'>Last &rsaquo;&rsaquo;<\/a><\/li>\n\n<\/ul>\n\n\n--><br \/>\n<\/body><\/p>\n","protected":false},"excerpt":{"rendered":"<p>diariodominicano.com Santo Domingo, R. D., 1 de septiiembre, 2020.- El Ministerio de Cultura extiende el plazo para la recepci\u00f3n de obras participantes en el Premio Anual de Historia \u00abJos\u00e9 Gabriel Garc\u00eda\u00bb 2020, dando una pr\u00f3rroga hasta el 15 de septiembre del a\u00f1o en curso. Estas medidas fueron tomadas debido a la situaci\u00f3n actual que vive [&hellip;]<\/p>\n","protected":false},"author":3,"featured_media":0,"comment_status":"open","ping_status":"open","sticky":false,"template":"","format":"standard","meta":{"footnotes":""},"categories":[21],"tags":[],"class_list":["post-49984","post","type-post","status-publish","format-standard","hentry","category-cultura"],"_links":{"self":[{"href":"https:\/\/diariodominicano.com\/index.php?rest_route=\/wp\/v2\/posts\/49984","targetHints":{"allow":["GET"]}}],"collection":[{"href":"https:\/\/diariodominicano.com\/index.php?rest_route=\/wp\/v2\/posts"}],"about":[{"href":"https:\/\/diariodominicano.com\/index.php?rest_route=\/wp\/v2\/types\/post"}],"author":[{"embeddable":true,"href":"https:\/\/diariodominicano.com\/index.php?rest_route=\/wp\/v2\/users\/3"}],"replies":[{"embeddable":true,"href":"https:\/\/diariodominicano.com\/index.php?rest_route=%2Fwp%2Fv2%2Fcomments&post=49984"}],"version-history":[{"count":0,"href":"https:\/\/diariodominicano.com\/index.php?rest_route=\/wp\/v2\/posts\/49984\/revisions"}],"wp:attachment":[{"href":"https:\/\/diariodominicano.com\/index.php?rest_route=%2Fwp%2Fv2%2Fmedia&parent=49984"}],"wp:term":[{"taxonomy":"category","embeddable":true,"href":"https:\/\/diariodominicano.com\/index.php?rest_route=%2Fwp%2Fv2%2Fcategories&post=49984"},{"taxonomy":"post_tag","embeddable":true,"href":"https:\/\/diariodominicano.com\/index.php?rest_route=%2Fwp%2Fv2%2Ftags&post=49984"}],"curies":[{"name":"wp","href":"https:\/\/api.w.org\/{rel}","templated":true}]}}