{"id":499692,"date":"2024-01-10T19:39:22","date_gmt":"2024-01-10T23:39:22","guid":{"rendered":"https:\/\/diariodominicano.com\/?p=499692"},"modified":"2024-01-10T21:59:01","modified_gmt":"2024-01-11T01:59:01","slug":"un-pld-preparado-para-afrontar-con-exito-sus-nuevos-retos","status":"publish","type":"post","link":"https:\/\/diariodominicano.com\/?p=499692","title":{"rendered":"Bichara asegura PLD est\u00e1 preparado para afrontar con \u00e9xito sus nuevos retos"},"content":{"rendered":"\n<p><strong><em>Rub\u00e9n Bichara<\/em><\/strong><em>\u00a0resalta la fortaleza del\u00a0<strong>PLD<\/strong>\u00a0luego de su proceso reorganizativo y pondera el candidato Presidencial  Abel Mart\u00ednez.<\/em><\/p>\n\n\n\n<p><strong>Rub\u00e9n Bichara, miembro del Comit\u00e9 Pol\u00edtico del Partido de la Liberaci\u00f3n Dominicana (PLD),<\/strong>\u00a0resalt\u00f3 la fortaleza que dijo exhibe en la actual coyuntura electoral esa organizaci\u00f3n pol\u00edtica luego de su paso por el poder y por un proceso introspectivo que ha transformado sus estructuras internas, ahora reforzada con el ingreso de cientos de miles de nuevos miembros.<\/p>\n\n\n\n<p>\u201cEl primer reto del PLD en los actuales momentos es que su dirigencia, militancia, candidatos y candidatas entiendan que luego de mucho tiempo en el gobierno, son las primeras elecciones como opositores y eso es fundamental para el enfoque de campa\u00f1a\u201d, dijo Bichara a sus entrevistadores del programa Despierta RD.<\/p>\n\n\n\n<p>Bichara cit\u00f3 los procesos internos pelede\u00edstas que le han trazado un cambio &nbsp;&nbsp;de paradigma; en ese sentido mencion\u00f3 el IX Congreso Ordinario Jos\u00e9 Joaqu\u00edn Bid\u00f3 Medina, la implementaci\u00f3n de una nueva l\u00ednea organizativa y electoral, la organizaci\u00f3n de una Consulta Ciudadana con participaci\u00f3n general de la poblaci\u00f3n en la que sali\u00f3 Abel Mart\u00ednez, candidato a la Presidencia de la Rep\u00fablica, con un gran potencial del triunfo.<\/p>\n\n\n\n<p>En su exposici\u00f3n el tambi\u00e9n titular de la secretar\u00eda de Enlace y Comunicaci\u00f3n Interna del PLD, cit\u00f3 el proceso electoral interno para escoger los ahora candidatos y candidatas a posiciones municipales, agregando tambi\u00e9n las conversaciones guiadas hacia la alianza Opositora Rescate RD.<\/p>\n\n\n\n<p>\u201cAgotamos tambi\u00e9n un proceso amplio de discusi\u00f3n de una alianza en principio con miras a las elecciones municipales que ha permitido una sinergia en m\u00e1s de 300 demarcaciones y en la que tambi\u00e9n se ha avanzado con miras a las elecciones congresuales\u201d, explic\u00f3.<\/p>\n\n\n\n<p>Rub\u00e9n Bichara explic\u00f3 a sus entrevistadores que los partidos de la alianza Rescate RD tienen hasta marzo para cualquier ajuste en el tema de congresual, como se ha ido pensando.<\/p>\n\n\n\n<p>Dijo tambi\u00e9n en torno al PLD que, as\u00ed como se logr\u00f3 la reorganizaci\u00f3n en el territorio nacional se trabaja y se sigue trabajando en la reorganizaci\u00f3n de las seccionales, teniendo en la direcci\u00f3n de ese proceso a Alexis Lantigua, titular de la Secretar\u00eda de Dominicanos en el Exterior y Melanio Paredes, quien coordina la campa\u00f1a electoral en Estados Unidos.<\/p>\n\n\n\n<p>Bichara ponder\u00f3 las cualidades de Abel Mart\u00ednez, candidato presidencial, de quien dijo el PLD lo escogi\u00f3 en el momento preciso para ir trabajando una campa\u00f1a con miras a los comicios y que como tal viene realizando un gran trabajo, aunque aclar\u00f3 que el andamiaje de la campa\u00f1a presidencial de armar\u00e1 luego de las elecciones municipales.<\/p>\n\n\n\n<p><strong>SECRETAR\u00cdA DE COMUNICACIONES<\/strong><\/p>\n","protected":false},"excerpt":{"rendered":"<p>Rub\u00e9n Bichara\u00a0resalta la fortaleza del\u00a0PLD\u00a0luego de su proceso reorganizativo y pondera el candidato Presidencial Abel Mart\u00ednez. Rub\u00e9n Bichara, miembro del Comit\u00e9 Pol\u00edtico del Partido de la Liberaci\u00f3n Dominicana (PLD),\u00a0resalt\u00f3 la fortaleza que dijo exhibe en la actual coyuntura electoral esa organizaci\u00f3n pol\u00edtica luego de su paso por el poder y por un proceso introspectivo que [&hellip;]<\/p>\n","protected":false},"author":7,"featured_media":499806,"comment_status":"closed","ping_status":"","sticky":true,"template":"","format":"standard","meta":{"footnotes":""},"categories":[22,27],"tags":[],"class_list":["post-499692","post","type-post","status-publish","format-standard","has-post-thumbnail","hentry","category-politica","category-portada"],"_links":{"self":[{"href":"https:\/\/diariodominicano.com\/index.php?rest_route=\/wp\/v2\/posts\/499692","targetHints":{"allow":["GET"]}}],"collection":[{"href":"https:\/\/diariodominicano.com\/index.php?rest_route=\/wp\/v2\/posts"}],"about":[{"href":"https:\/\/diariodominicano.com\/index.php?rest_route=\/wp\/v2\/types\/post"}],"author":[{"embeddable":true,"href":"https:\/\/diariodominicano.com\/index.php?rest_route=\/wp\/v2\/users\/7"}],"replies":[{"embeddable":true,"href":"https:\/\/diariodominicano.com\/index.php?rest_route=%2Fwp%2Fv2%2Fcomments&post=499692"}],"version-history":[{"count":4,"href":"https:\/\/diariodominicano.com\/index.php?rest_route=\/wp\/v2\/posts\/499692\/revisions"}],"predecessor-version":[{"id":499832,"href":"https:\/\/diariodominicano.com\/index.php?rest_route=\/wp\/v2\/posts\/499692\/revisions\/499832"}],"wp:featuredmedia":[{"embeddable":true,"href":"https:\/\/diariodominicano.com\/index.php?rest_route=\/wp\/v2\/media\/499806"}],"wp:attachment":[{"href":"https:\/\/diariodominicano.com\/index.php?rest_route=%2Fwp%2Fv2%2Fmedia&parent=499692"}],"wp:term":[{"taxonomy":"category","embeddable":true,"href":"https:\/\/diariodominicano.com\/index.php?rest_route=%2Fwp%2Fv2%2Fcategories&post=499692"},{"taxonomy":"post_tag","embeddable":true,"href":"https:\/\/diariodominicano.com\/index.php?rest_route=%2Fwp%2Fv2%2Ftags&post=499692"}],"curies":[{"name":"wp","href":"https:\/\/api.w.org\/{rel}","templated":true}]}}