{"id":499652,"date":"2024-01-10T13:43:27","date_gmt":"2024-01-10T17:43:27","guid":{"rendered":"https:\/\/diariodominicano.com\/?p=499652"},"modified":"2024-01-10T13:43:27","modified_gmt":"2024-01-10T17:43:27","slug":"el-partido-moda-juramento-su-comando-nacional-de-campana","status":"publish","type":"post","link":"https:\/\/diariodominicano.com\/?p=499652","title":{"rendered":"El Partido MODA jurament\u00f3 su Comando Nacional de Campa\u00f1a"},"content":{"rendered":"\n<p>diariodominicano.com<\/p>\n\n\n\n<p>Santo Domingo, R. D.,\u200210 de enero, 2024.- El Partido Democr\u00e1tico Alternativo MODA conform\u00f3 y jurament\u00f3 su Comando Nacional de Campa\u00f1a, para las elecciones del a\u00f1o 2024, durante una actividad que se llev\u00f3 a cabo en el Hotel Barcel\u00f3 antiguo Lina y que estuvo encabezada por el doctor Elsido D\u00edaz, presidente de esa organizaci\u00f3n, junto a importantes dirigentes pol\u00edticos miembros del MODA.<\/p>\n\n\n\n<p>Con la conformaci\u00f3n y &nbsp;juramentaci\u00f3n de su Comando Nacional de Campa\u00f1a, el MODA se convierte en el primer Partido aliado al PRM, en formalizar el inicio del tramo final de la ruta electoral 2024, que abarca las elecciones Municipales, Congresuales y Presidenciales, donde prometen marcar la diferencia y ser qui\u00e9nes m\u00e1s votos aporten para que el PRM obtenga la victoria de manera contundente, en todos los niveles.<\/p>\n\n\n\n<p>El doctor Elsido D\u00edaz dijo estar convencido que el Comando Nacional de Campa\u00f1a del Partido MODA har\u00e1 un trabajo extraordinario para tener decenas de alcaldes, regidores, diputados y que Luis Abinader gane nueva vez en primera vuelta, puntualizando que el MODA fue la primera instituci\u00f3n pol\u00edtica, en formalizar su alianza con el PRM y proclamar como su candidato presidencial, al presidente Abinader el pasado 15 de octubre en el Club San Carlos.<\/p>\n\n\n\n<p>A continuaci\u00f3n, el listado del Comando Nacional de Campa\u00f1a, Coordinador General Dr. Elsido D\u00edaz, Co-Coordinadora General Jacqueline Ram\u00edrez, Coordinador Ejecutivo Jos\u00e9 V\u00e1squez Natera, Coordinador Nacional Operativo Santiago Ozuna, Coordinador Nacional Adjunto &#8211; Distrito Nacional Henry Agramonte, Coordinador Nacional Adjunto Salvador Disla, Coordinador Nacional Adjunto Miguel \u00c1ngel De Los Santos F., Coordinador Nacional de Organizaci\u00f3n Deivin Jim\u00e9nez,Co-Coordinador Nacional de Organizaci\u00f3n Jes\u00fas Morillo.<\/p>\n\n\n\n<p>Coordinador Nacional &#8211; Sector Externo &nbsp;Mahesh Timath, Coordinador Nacional Adjunto Enc. de Log\u00edstica Bienvenido Santana, Coordinador Nacional Adjunto con Asiento en el Distrito Nac. Milton Salda\u00f1a, Coordinador Nacional de Comunicaciones Andr\u00e9s Villanueva, Co-Coordinador Nacional de Comunicaciones Rafael Milllord, Coordinador Nacional Adjunto &#8211; con asiento en Barahona Yonis Reyes, Coordinador Nacional Adjunto &#8211; con asiento en el Cibao Central Leoncio Perdomo.<\/p>\n\n\n\n<p>Coordinadora Nacional de la Mujer Josefina Genao, Coordinador Nacional de la Juventud Richard Chayanne Noble, Co-Coordinador Nacional de la Juventud James Cottrell, Coordinador de Tecnolog\u00eda Maximin P\u00e9rez, Coordinador Operativo del Distrito Nacional Seraf\u00edn Oriolis, Coordinador Adjunto &#8211; del Distrito Nacional Jonathan Cabral, Coordinador Adjunto &#8211; del Distrito Nacional Jos\u00e9 Cuevas, Coordinador Nacional de los Profesionales Jos\u00e9 &nbsp;Echavarr\u00eda , Coordinador Regional Nordeste Cristino Rodr\u00edguez, Coordinador Regional Noroeste Rodolfo G\u00f3mez.<\/p>\n\n\n\n<p>CONTACTO<br>Lic. Andr\u00e9s Villanueva director de Comunicaciones<br><\/p>\n","protected":false},"excerpt":{"rendered":"<p>diariodominicano.com Santo Domingo, R. D.,\u200210 de enero, 2024.- El Partido Democr\u00e1tico Alternativo MODA conform\u00f3 y jurament\u00f3 su Comando Nacional de Campa\u00f1a, para las elecciones del a\u00f1o 2024, durante una actividad que se llev\u00f3 a cabo en el Hotel Barcel\u00f3 antiguo Lina y que estuvo encabezada por el doctor Elsido D\u00edaz, presidente de esa organizaci\u00f3n, junto [&hellip;]<\/p>\n","protected":false},"author":5,"featured_media":499653,"comment_status":"closed","ping_status":"","sticky":true,"template":"","format":"standard","meta":{"footnotes":""},"categories":[22,27],"tags":[],"class_list":["post-499652","post","type-post","status-publish","format-standard","has-post-thumbnail","hentry","category-politica","category-portada"],"_links":{"self":[{"href":"https:\/\/diariodominicano.com\/index.php?rest_route=\/wp\/v2\/posts\/499652","targetHints":{"allow":["GET"]}}],"collection":[{"href":"https:\/\/diariodominicano.com\/index.php?rest_route=\/wp\/v2\/posts"}],"about":[{"href":"https:\/\/diariodominicano.com\/index.php?rest_route=\/wp\/v2\/types\/post"}],"author":[{"embeddable":true,"href":"https:\/\/diariodominicano.com\/index.php?rest_route=\/wp\/v2\/users\/5"}],"replies":[{"embeddable":true,"href":"https:\/\/diariodominicano.com\/index.php?rest_route=%2Fwp%2Fv2%2Fcomments&post=499652"}],"version-history":[{"count":1,"href":"https:\/\/diariodominicano.com\/index.php?rest_route=\/wp\/v2\/posts\/499652\/revisions"}],"predecessor-version":[{"id":499654,"href":"https:\/\/diariodominicano.com\/index.php?rest_route=\/wp\/v2\/posts\/499652\/revisions\/499654"}],"wp:featuredmedia":[{"embeddable":true,"href":"https:\/\/diariodominicano.com\/index.php?rest_route=\/wp\/v2\/media\/499653"}],"wp:attachment":[{"href":"https:\/\/diariodominicano.com\/index.php?rest_route=%2Fwp%2Fv2%2Fmedia&parent=499652"}],"wp:term":[{"taxonomy":"category","embeddable":true,"href":"https:\/\/diariodominicano.com\/index.php?rest_route=%2Fwp%2Fv2%2Fcategories&post=499652"},{"taxonomy":"post_tag","embeddable":true,"href":"https:\/\/diariodominicano.com\/index.php?rest_route=%2Fwp%2Fv2%2Ftags&post=499652"}],"curies":[{"name":"wp","href":"https:\/\/api.w.org\/{rel}","templated":true}]}}