{"id":49962,"date":"2020-09-02T07:23:56","date_gmt":"2020-09-02T07:23:56","guid":{"rendered":"http:\/\/diariodominicano.ddns.net\/?p=49962"},"modified":"2020-09-02T07:23:56","modified_gmt":"2020-09-02T07:23:56","slug":"trasladan-a-la-capital-a-duarte-y-companeros-detenidos-en-puerto-plata","status":"publish","type":"post","link":"https:\/\/diariodominicano.com\/?p=49962","title":{"rendered":"Trasladan a la Capital a Duarte y compa\u00f1eros detenidos en Puerto Plata"},"content":{"rendered":"<p><body><\/p>\n<p><img decoding=\"async\" src=\"img3\/Duarte joven00.jpg\" \/>  <\/p>\n<p><strong>Diariodominicano.com<\/strong><\/p>\n<p><strong>Trasladan a la Capital a Duarte y compa\u00f1eros detenidos en Puerto Plata<\/strong><\/p>\n<p><strong>SANTO DOMINGO, el 2  de septiembre de 1844<\/strong>, el pr\u00f3cer Juan Pablo Duarte y varios de sus compa\u00f1eros trinitarios fueron tra\u00eddos  detenidos de Puerto Plata a la ciudad de Santo Domingo.<\/p>\n<\/p>\n<p>   El grupo que formaban adem\u00e1s de Juan Pablo Duarte, Juan Isidro P\u00e9rez, Juan Evangelista Jim\u00e9nez y el espa\u00f1ol Gregorio del Valle, fue transportado desde Puerto Plata, en la goleta \u00abSeparaci\u00f3n Dominicana\u00bb, capitaneada por el coronel Juan Bautista Cambiaso, quien lleg\u00f3 al Puerto de Santo Domingo, en horas de la noche.  <\/p>\n<\/p>\n<p>    Los presos  fueron llevados a la Fortaleza  de la Torre del Homenaje, donde quedaron en prisi\u00f3n hasta el d\u00eda 10 de septiembre de 1844, cuando fueron deportados.  En ese momento Duarte estaba afectado por una fiebre y estaba muy d\u00e9bil.<\/p>\n<\/p>\n<p>     Jos\u00e9 Gabriel Garc\u00eda, en el II tomo de su obra \u00abCompendio de la Historia de Santo Domingo\u00bb, anota que desde la Torre del Homenaje, Duarte \u00abpresenci\u00f3 la farsa rid\u00edcula con que hombres apasionados, vali\u00e9ndose de ignorantes esbirros, hicieron aparecer al pueblo pidiendo con furor las cabezas de los iniciadores de su independencia, y al ej\u00e9rcito las de los m\u00e1s ilustrados de sus generales, augurio fatal de la larga serie de cr\u00edmenes que en nombre de entidades morales tan respetables deb\u00edan realizarse en no lejano porvenir\u00bb.<\/p>\n<\/p>\n<p>     Juan Pablo Duarte hab\u00eda sido detenido el 27 de agosto de 1844,  por una patrulla militar que lo localiz\u00f3  en  Jamao, Puerto Plata,  en la residencia de su amigo el ex oficial del Ej\u00e9rcito franc\u00e9s  Pedro Eduardo Dubocq.<\/p>\n<p><strong>      La patrulla que apres\u00f3 a  Duarte, la comandaba el General Pedro Ram\u00f3n Mena, quien traslad\u00f3 al detenido a la Fortaleza San Felipe.<\/strong><\/p>\n<\/p>\n<p>    En la prisi\u00f3n Juan Pablo Duarte fue visitado por varios amigos,  incluidos  el Presb\u00edtero Manuel Gonz\u00e1lez  Regalado y Mu\u00f1oz,  y el trinitario Juan Isidro P\u00e9rez.<\/p>\n<\/p>\n<p>    Fue en la c\u00e1rcel de San Felipe, en Puerto Plata, que Juan Isidro P\u00e9rez le expres\u00f3 a Duarte: <\/p>\n<\/p>\n<p>    \u00abS\u00e9 que vas a morir, y he venido a cumplir el sagrado juramento de dar mi vida por la tuya\u00bb.<\/p>\n<\/p>\n<p>     Horas despu\u00e9s Juan Pablo Duarte fue trasladado a Santo Domingo, para ser deportado, por disposici\u00f3n de la Junta Central Gubernativa  encabezada por el General Pedro Santana.<\/p>\n<\/p>\n<p>     El d\u00eda 22 de agosto de 1844, La Junta Central Gubernativa, hab\u00eda declarado  al patricio Juan Pablo Duarte y a un grupo de trinitarios traidores e infieles a la patria.<\/p>\n<\/p>\n<p>   En el momento que se produjo la decisi\u00f3n, Juan Pablo Duarte, se encontraba escondido en Puerto Plata, luego que fue  calificado de anarquista por el general Pedro Santana.<\/p>\n<\/p>\n<p>   La Junta Central Gubernativa cuando declar\u00f3 a Duarte y a los trinitarios traidores a la patria era presidida por el General Pedro Santana. La integraban los dem\u00e1s miembros Tom\u00e1s Bobadilla, Manuel Jimenes, F\u00e9lix Mercenario, Toribio Ma\u00f1\u00f3n,  J. Tom\u00e1s Medrano, Norberto Linares,  Toribio L. Villanueva y F\u00e9lix M. Marcano, secretario.<\/p>\n<\/p>\n<p>    Adem\u00e1s de Juan Pablo Duarte, la Junta declar\u00f3 traidores a la patria a los generales Francisco del Rosario S\u00e1nchez,  y Mat\u00edas Ram\u00f3n Mella; a los coroneles Pedro Alejandrino Pina y Gregorio del Valle.<\/p>\n<\/p>\n<p>   Tambi\u00e9n el comandante Juan Evangelista Jim\u00e9nez, el capit\u00e1n y poeta venezolano Juan Jos\u00e9 Illas y el ex secretario de la Junta, Juan Isidro P\u00e9rez.<\/p>\n<\/p>\n<p>   Al  considerar que  Juan Pablo Duarte y sus compa\u00f1eros hab\u00edan sido traidores e infieles a su patria, \u00aby como tales eran indignos de los empleos y cargos que ejerc\u00edan, de los que quedaban depuestos y destituidos, ordenando que todos ellos fueran inmediatamente desterrados y extra\u00f1ados \u00e1 perpetuidad del pa\u00eds,  sin que pudieran volver \u00e1 poner el pi\u00e9 en \u00e9l, bajo la pena de muerte, que ser\u00eda ejecutada en la persona del que lo hiciera, despu\u00e9s que fuera aprehendido y se justificara la identidad de su persona, \u00e1 cuyo efecto se le daba poder y facultad \u00e1 cualquiera autoridad civil y militar que verificara la captura, todo ello sin perjuicio de las indemnizaciones civiles que debieran al erario p\u00fablico \u00f3 \u00e1 algunos ciudadanos particulares, por la mala inversi\u00f3n que hubieran tenido en sus empleos, por el abuso de poder que hubieran hecho, \u00f3 por los da\u00f1os y perjuicios que hubieran causado\u00bb. (sic)<\/p>\n<p><strong>    Con la decisi\u00f3n se intensific\u00f3 una pol\u00edtica de intolerancia que llevar\u00eda al exilio a Juan Pablo Duarte, a sus seguidores y a su familia.<\/strong><\/p>\n<\/p>\n<p>    El  24 de julio de 1844, la Junta Central Gubernativa, presidida por el general Pedro Santana, hab\u00eda rechazado la decisi\u00f3n de los pueblos del Cibao de proclamar a Juan Pablo Duarte, Presidente de la Rep\u00fablica.<\/p>\n<\/p>\n<p>    La reacci\u00f3n del primer organismo de Gobierno de Rep\u00fablica Dominicana se produjo cuando una comisi\u00f3n encabezada por el coronel Domingo Mallol y Juan Luis Franco Bid\u00f3, le entreg\u00f3 el 24 de julio, la proclama aprobada en Santiago de los Caballeros, por los  pueblos del Cibao,  el d\u00eda 19 de julio de 1844.<\/p>\n<\/p>\n<p>     El d\u00eda  19 de julio de 1844, el pr\u00f3cer Mat\u00edas Ram\u00f3n Mella, Jefe del Departamento de Santiago y frontera del Noroeste,   envi\u00f3 el  informe a la Junta Central Gubernativa, en el  que le comunicaba de manera oficial, <\/p>\n<p>que Juan Pablo Duarte  hab\u00eda sido proclamado Presidente de la Rep\u00fablica por los pueblos del Cibao.<\/p>\n<\/p>\n<p>    En el  momento que dirigi\u00f3 el documento  a la Junta Central Gubernativa, Mat\u00edas Ram\u00f3n Mella, ignoraba que en la Capital el general Pedro Santana hab\u00eda dado un golpe el d\u00eda 16 de julio que desaloj\u00f3 del primer organismo de <\/p>\n<\/p>\n<p>Gobierno dominicano a los trinitarios que encabezaba Francisco del Rosario S\u00e1nchez.<\/p>\n<\/p>\n<p>    De esa manera, los conservadores que presid\u00eda Tom\u00e1s Bobadilla, retomaron el control de la Junta Central Gubernativa, que era dirigida por los trinitarios desde el d\u00eda 9 de junio de 1844.<\/p>\n<\/p>\n<p>    La nueva Junta  rechaz\u00f3 el documento de Mella,  y el d\u00eda 24 de julio de 1844, dio a conocer un  manifiesto  en el que advirti\u00f3  que \u00abno reconoce ni reconocer\u00e1 el nombramiento de Presidente en el General Duarte ni en ninguna otra  persona,  a menos que no sea hecho por el Congreso Constituyente\u00bb.<\/p>\n<\/p>\n<p>   Tras tomar  el poder, Pedro Santana desat\u00f3 un plan represivo contra los trinitarios, el cual culmin\u00f3 con la deportaci\u00f3n de Juan Pablo Duarte, el 10 de septiembre de 1844.<\/p>\n<\/p>\n<h6> 2020-09-02 07:23:56 <\/h6>\n<p><!--\n<link rel=\"stylesheet\" href=\"css\/bootstrap.min.css\">\n\n\n<ul class=\"pagination\">\n\t    \n\t\n\n<li >\n\t<a href='?page_no=254'>Previous<\/a>\n\t<\/li>\n\n\n       \n    \n\n<li><a href='?page_no=1'>1<\/a><\/li>\n\n\n\n<li><a href='?page_no=2'>2<\/a><\/li>\n\n\n\n<li><a>...<\/a><\/li>\n\n\n\n<li><a href='?page_no=253'>253<\/a><\/li>\n\n\n\n<li><a href='?page_no=254'>254<\/a><\/li>\n\n\n\n<li class='active'><a>255<\/a><\/li>\n\n\n\n<li><a href='?page_no=256'>256<\/a><\/li>\n\n\n\n<li><a href='?page_no=257'>257<\/a><\/li>\n\n\n\n<li><a>...<\/a><\/li>\n\n\n\n<li><a href='?page_no=22911'>22911<\/a><\/li>\n\n\n\n<li><a href='?page_no=22912'>22912<\/a><\/li>\n\n    \n\t\n\n<li >\n\t<a href='?page_no=256'>Next<\/a>\n\t<\/li>\n\n\n    \n\n<li><a href='?page_no=22912'>Last &rsaquo;&rsaquo;<\/a><\/li>\n\n<\/ul>\n\n\n--><br \/>\n<\/body><\/p>\n","protected":false},"excerpt":{"rendered":"<p>Diariodominicano.com Trasladan a la Capital a Duarte y compa\u00f1eros detenidos en Puerto Plata SANTO DOMINGO, el 2 de septiembre de 1844, el pr\u00f3cer Juan Pablo Duarte y varios de sus compa\u00f1eros trinitarios fueron tra\u00eddos detenidos de Puerto Plata a la ciudad de Santo Domingo. El grupo que formaban adem\u00e1s de Juan Pablo Duarte, Juan Isidro [&hellip;]<\/p>\n","protected":false},"author":3,"featured_media":0,"comment_status":"open","ping_status":"open","sticky":false,"template":"","format":"standard","meta":{"footnotes":""},"categories":[21],"tags":[],"class_list":["post-49962","post","type-post","status-publish","format-standard","hentry","category-cultura"],"_links":{"self":[{"href":"https:\/\/diariodominicano.com\/index.php?rest_route=\/wp\/v2\/posts\/49962","targetHints":{"allow":["GET"]}}],"collection":[{"href":"https:\/\/diariodominicano.com\/index.php?rest_route=\/wp\/v2\/posts"}],"about":[{"href":"https:\/\/diariodominicano.com\/index.php?rest_route=\/wp\/v2\/types\/post"}],"author":[{"embeddable":true,"href":"https:\/\/diariodominicano.com\/index.php?rest_route=\/wp\/v2\/users\/3"}],"replies":[{"embeddable":true,"href":"https:\/\/diariodominicano.com\/index.php?rest_route=%2Fwp%2Fv2%2Fcomments&post=49962"}],"version-history":[{"count":0,"href":"https:\/\/diariodominicano.com\/index.php?rest_route=\/wp\/v2\/posts\/49962\/revisions"}],"wp:attachment":[{"href":"https:\/\/diariodominicano.com\/index.php?rest_route=%2Fwp%2Fv2%2Fmedia&parent=49962"}],"wp:term":[{"taxonomy":"category","embeddable":true,"href":"https:\/\/diariodominicano.com\/index.php?rest_route=%2Fwp%2Fv2%2Fcategories&post=49962"},{"taxonomy":"post_tag","embeddable":true,"href":"https:\/\/diariodominicano.com\/index.php?rest_route=%2Fwp%2Fv2%2Ftags&post=49962"}],"curies":[{"name":"wp","href":"https:\/\/api.w.org\/{rel}","templated":true}]}}