{"id":499528,"date":"2024-01-09T23:51:58","date_gmt":"2024-01-10T03:51:58","guid":{"rendered":"https:\/\/diariodominicano.com\/?p=499528"},"modified":"2024-01-09T23:52:55","modified_gmt":"2024-01-10T03:52:55","slug":"lamentan-la-incursion-del-tse-en-el-conflicto-de-los-abogados-y-esperan-que-los-jueces-reflexionen","status":"publish","type":"post","link":"https:\/\/diariodominicano.com\/?p=499528","title":{"rendered":"Lamentan la incursi\u00f3n del TSE en el conflicto de los abogados y esperan que los jueces reflexionen"},"content":{"rendered":"\n<p><strong>Presidente del CARD pide la intervenci\u00f3n de Luis Abinader ante crisis del gremio, por afectaci\u00f3n a la inversi\u00f3n extranjera, la seguridad jur\u00eddica y la econom\u00eda<\/strong><br><br><br><br>El presidente del Colegio de Abogados de la Rep\u00fablica Dominicana (CARD), Trajano Potentini, hizo un llamado al presidente, Luis Abinader para que urgentemente intervenga en la crisis que mantiene al gremio de los abogados, cerrado y en un limbo, ante las tantas demandas y desconocimiento, del contundente triunfo que obtuvimos el pasado diciembre en las elecciones del CARD.<br><br>Potentini al participar en el programa TeleMatutino 11, que se transmite por Telesistema, canal 11, explic\u00f3 la trascendencia del gremio y su impacto en los sectores econ\u00f3micos y productivos del pa\u00eds, incluso afectando de forma sensible la inversi\u00f3n extranjera, la seguridad jur\u00eddica, y eventualmente el acceso y funcionamiento de la justicia.<br><br>El reci\u00e9n electo presidente de los abogados, record\u00f3 que son los abogados, que le dan expresi\u00f3n jur\u00eddica a todos los negocios del pa\u00eds, adem\u00e1s de concretar v\u00eda su accionar, la concreci\u00f3n del presupuesto general del estado; y con ello todas las gestiones y tributaci\u00f3n propia del desarrollo comercial y financiero del pa\u00eds.<br><br>De acuerdo con el jurista, el colegio de abogados, conforme a su ley 3-19, posee funciones que son vitales para el desarrollo nacional, toda vez que controla el ejercicio profesional del derecho, la acreditaci\u00f3n de los nuevos abogados, adem\u00e1s de la responsabilidad de la justicia y sanci\u00f3n disciplinaria para los abogados, que se apartan de la \u00e9tica con los servicios que les ofrecen a sus clientes.<br><br>Lamentan incursi\u00f3n del TSE en conflicto de los abogados y esperan jueces reflexionen.<br><br>Asimismo, Potentini lament\u00f3 la incursi\u00f3n del Tribunal Superior Electoral en el conflicto que envuelve a los abogados, el cual le es totalmente ajeno a su competencia, en suma, estamos en presencia de un tribunal que se adjudica v\u00eda reglamentaria, una competencia que no le corresponde, en violaci\u00f3n a la constituci\u00f3n y su ley org\u00e1nica, desvirt\u00faan su capacidad reglamentaria y la esencia y fundamento de las medidas precautorias, las cuales se expresan sobre hechos a\u00fan no realizados, nunca sobre una juramentaci\u00f3n consumada, acogen un amparo de un accionante sin inter\u00e9s, ni calidad, desconocen y violan sus propios precedentes y peor a\u00fan tambi\u00e9n los precedentes vinculantes del Tribunal Constitucional.<br><br>Tambi\u00e9n el TSE se extralimit\u00f3 en los pedimentos del accionante, le pide paralizar la juramentaci\u00f3n, algo ins\u00f3lito, lo que hacen es suspender los efectos de la juramentaci\u00f3n, previamente realizada, violando la inmutabilidad del proceso, lo peor a\u00fan es que con este accionar estar\u00edan minando su credibilidad de cara a los procesos eleccionarios que se avecinan.<br><br>Finalmente esperamos que los jueces del TSE puedan reflexionar y dejar sin efecto la medida precautoria decretada, permitiendo que el gremio vuelva a su normalidad.<br><\/p>\n\n\n\n<p>Alexis Roa<\/p>\n\n\n\n<p><a target=\"_blank\" href=\"mailto:alexisrpdncd1@gmail.com\" rel=\"noreferrer noopener\">alexisrpdncd1@gmail.com<\/a><\/p>\n\n\n\n<p><br><strong>Direcci\u00f3n de Prensa<\/strong><strong><br><br><\/strong><\/p>\n","protected":false},"excerpt":{"rendered":"<p>Presidente del CARD pide la intervenci\u00f3n de Luis Abinader ante crisis del gremio, por afectaci\u00f3n a la inversi\u00f3n extranjera, la seguridad jur\u00eddica y la econom\u00eda El presidente del Colegio de Abogados de la Rep\u00fablica Dominicana (CARD), Trajano Potentini, hizo un llamado al presidente, Luis Abinader para que urgentemente intervenga en la crisis que mantiene al [&hellip;]<\/p>\n","protected":false},"author":28,"featured_media":499529,"comment_status":"closed","ping_status":"","sticky":true,"template":"","format":"standard","meta":{"footnotes":""},"categories":[24,22,27],"tags":[],"class_list":["post-499528","post","type-post","status-publish","format-standard","has-post-thumbnail","hentry","category-justicia-y-derecho","category-politica","category-portada"],"_links":{"self":[{"href":"https:\/\/diariodominicano.com\/index.php?rest_route=\/wp\/v2\/posts\/499528","targetHints":{"allow":["GET"]}}],"collection":[{"href":"https:\/\/diariodominicano.com\/index.php?rest_route=\/wp\/v2\/posts"}],"about":[{"href":"https:\/\/diariodominicano.com\/index.php?rest_route=\/wp\/v2\/types\/post"}],"author":[{"embeddable":true,"href":"https:\/\/diariodominicano.com\/index.php?rest_route=\/wp\/v2\/users\/28"}],"replies":[{"embeddable":true,"href":"https:\/\/diariodominicano.com\/index.php?rest_route=%2Fwp%2Fv2%2Fcomments&post=499528"}],"version-history":[{"count":2,"href":"https:\/\/diariodominicano.com\/index.php?rest_route=\/wp\/v2\/posts\/499528\/revisions"}],"predecessor-version":[{"id":499531,"href":"https:\/\/diariodominicano.com\/index.php?rest_route=\/wp\/v2\/posts\/499528\/revisions\/499531"}],"wp:featuredmedia":[{"embeddable":true,"href":"https:\/\/diariodominicano.com\/index.php?rest_route=\/wp\/v2\/media\/499529"}],"wp:attachment":[{"href":"https:\/\/diariodominicano.com\/index.php?rest_route=%2Fwp%2Fv2%2Fmedia&parent=499528"}],"wp:term":[{"taxonomy":"category","embeddable":true,"href":"https:\/\/diariodominicano.com\/index.php?rest_route=%2Fwp%2Fv2%2Fcategories&post=499528"},{"taxonomy":"post_tag","embeddable":true,"href":"https:\/\/diariodominicano.com\/index.php?rest_route=%2Fwp%2Fv2%2Ftags&post=499528"}],"curies":[{"name":"wp","href":"https:\/\/api.w.org\/{rel}","templated":true}]}}