{"id":49951,"date":"2020-09-02T07:31:28","date_gmt":"2020-09-02T07:31:28","guid":{"rendered":"http:\/\/diariodominicano.ddns.net\/?p=49951"},"modified":"2020-09-02T07:31:28","modified_gmt":"2020-09-02T07:31:28","slug":"el-ejercito-espanol-organiza-columna-para-enfrentar-de-nuevo-a-los-restauradores","status":"publish","type":"post","link":"https:\/\/diariodominicano.com\/?p=49951","title":{"rendered":"El Ej\u00e9rcito Espa\u00f1ol  organiza columna para enfrentar de nuevo a los restauradores"},"content":{"rendered":"<p><body><\/p>\n<p><strong>Diariodominicano.com<\/strong><\/p>\n<p><strong>Tras p\u00e9rdida el Ej\u00e9rcito Espa\u00f1ol  organiza columna para enfrentar de nuevo a los restauradores<\/strong><\/p>\n<p><strong>  PUERTO PLATA, el 2 de septiembre de 1863, <\/strong> durante la Guerra de la Restauraci\u00f3n, el general Juan Suero y el coronel  Manuel Cappa, del Ej\u00e9rcito del Gobierno de la Anexi\u00f3n, permanecieron en Puerto Plata, dando los toques finales a la organizaci\u00f3n de la columna que llevar\u00edan a Santiago de los Caballeros para combatir a los restauradores, quienes el d\u00eda 1 de septiembre derrotaron a los espa\u00f1oles en varios combates y los sitiaron en la Fortaleza San Luis.<\/p>\n<\/p>\n<p>   Al  enterarse de los hechos del d\u00eda anterior el  general  Juan Suero y el Coronel Manuel Cappa, decidieron organizar una columna compuesta de mil 800 hombres para ir en auxilio de las tropas espa\u00f1olas que se encontraban sitiadas  en el Fuerte de San Luis.<\/p>\n<\/p>\n<p>    Sin embargo, no lograron su objetivo, porque al llegar  a Hojas Anchas, cerca de Bajabonico, el 1 de septiembre de 1863, \u00abun pu\u00f1ado de patriotas al mando de Juan Nouesit, estableci\u00f3 una emboscada que caus\u00f3 grandes bajas en el enemigo, oblig\u00e1ndolo a replegarse a Puerto Plata\u00bb.<\/p>\n<\/p>\n<p>   El informe militar precisa que al terminar el combate, el Coronel Juan Nouesit (Lafit)  dispuso que la zona de Las Hojas Anchas, quedara al mando del teniente Juan Bautista Laour.<\/p>\n<\/p>\n<h6> 2020-09-02 07:31:28 <\/h6>\n<p><!--\n<link rel=\"stylesheet\" href=\"css\/bootstrap.min.css\">\n\n\n<ul class=\"pagination\">\n\t    \n\t\n\n<li >\n\t<a href='?page_no=253'>Previous<\/a>\n\t<\/li>\n\n\n       \n    \n\n<li><a href='?page_no=1'>1<\/a><\/li>\n\n\n\n<li><a href='?page_no=2'>2<\/a><\/li>\n\n\n\n<li><a>...<\/a><\/li>\n\n\n\n<li><a href='?page_no=252'>252<\/a><\/li>\n\n\n\n<li><a href='?page_no=253'>253<\/a><\/li>\n\n\n\n<li class='active'><a>254<\/a><\/li>\n\n\n\n<li><a href='?page_no=255'>255<\/a><\/li>\n\n\n\n<li><a href='?page_no=256'>256<\/a><\/li>\n\n\n\n<li><a>...<\/a><\/li>\n\n\n\n<li><a href='?page_no=22911'>22911<\/a><\/li>\n\n\n\n<li><a href='?page_no=22912'>22912<\/a><\/li>\n\n    \n\t\n\n<li >\n\t<a href='?page_no=255'>Next<\/a>\n\t<\/li>\n\n\n    \n\n<li><a href='?page_no=22912'>Last &rsaquo;&rsaquo;<\/a><\/li>\n\n<\/ul>\n\n\n--><br \/>\n<\/body><\/p>\n","protected":false},"excerpt":{"rendered":"<p>Diariodominicano.com Tras p\u00e9rdida el Ej\u00e9rcito Espa\u00f1ol organiza columna para enfrentar de nuevo a los restauradores PUERTO PLATA, el 2 de septiembre de 1863, durante la Guerra de la Restauraci\u00f3n, el general Juan Suero y el coronel Manuel Cappa, del Ej\u00e9rcito del Gobierno de la Anexi\u00f3n, permanecieron en Puerto Plata, dando los toques finales a la [&hellip;]<\/p>\n","protected":false},"author":3,"featured_media":0,"comment_status":"open","ping_status":"open","sticky":false,"template":"","format":"standard","meta":{"footnotes":""},"categories":[21],"tags":[],"class_list":["post-49951","post","type-post","status-publish","format-standard","hentry","category-cultura"],"_links":{"self":[{"href":"https:\/\/diariodominicano.com\/index.php?rest_route=\/wp\/v2\/posts\/49951","targetHints":{"allow":["GET"]}}],"collection":[{"href":"https:\/\/diariodominicano.com\/index.php?rest_route=\/wp\/v2\/posts"}],"about":[{"href":"https:\/\/diariodominicano.com\/index.php?rest_route=\/wp\/v2\/types\/post"}],"author":[{"embeddable":true,"href":"https:\/\/diariodominicano.com\/index.php?rest_route=\/wp\/v2\/users\/3"}],"replies":[{"embeddable":true,"href":"https:\/\/diariodominicano.com\/index.php?rest_route=%2Fwp%2Fv2%2Fcomments&post=49951"}],"version-history":[{"count":0,"href":"https:\/\/diariodominicano.com\/index.php?rest_route=\/wp\/v2\/posts\/49951\/revisions"}],"wp:attachment":[{"href":"https:\/\/diariodominicano.com\/index.php?rest_route=%2Fwp%2Fv2%2Fmedia&parent=49951"}],"wp:term":[{"taxonomy":"category","embeddable":true,"href":"https:\/\/diariodominicano.com\/index.php?rest_route=%2Fwp%2Fv2%2Fcategories&post=49951"},{"taxonomy":"post_tag","embeddable":true,"href":"https:\/\/diariodominicano.com\/index.php?rest_route=%2Fwp%2Fv2%2Ftags&post=49951"}],"curies":[{"name":"wp","href":"https:\/\/api.w.org\/{rel}","templated":true}]}}