{"id":499507,"date":"2024-01-09T23:13:21","date_gmt":"2024-01-10T03:13:21","guid":{"rendered":"https:\/\/diariodominicano.com\/?p=499507"},"modified":"2024-01-09T23:13:21","modified_gmt":"2024-01-10T03:13:21","slug":"aspirante-a-regidora-desea-un-ano-de-avance-en-la-proyeccion-del-medio-ambiente-en-santo-domingo-este","status":"publish","type":"post","link":"https:\/\/diariodominicano.com\/?p=499507","title":{"rendered":"Aspirante a Regidora desea un a\u00f1o de avance en la proyecci\u00f3n del Medio Ambiente en Santo Domingo Este"},"content":{"rendered":"\n<p>Ysmeira Germ\u00e1n<\/p>\n\n\n\n<p>La aspirante a regidora de la Circunscripci\u00f3n 2 del Municipio Santo Domingo Este, por el partido Alianza Pa\u00eds, Ysmeira Germ\u00e1n, expres\u00f3 su deseo de que, en el presente a\u00f1o, el municipio avance en la protecci\u00f3n del medio ambiente y la puesta en valor de las \u00e1reas verdes, r\u00edos y parques de la comunidad.<\/p>\n\n\n\n<p>Dijo que las comunidades deben asumir, junto a sus dirigentes, el cuidado y limpieza de sus parques y sus calles.<\/p>\n\n\n\n<p>La aspirante a regidora Ysmeira Germ\u00e1n, consider\u00f3 que los residentes de los diferentes sectores del municipio Santo Domingo Este, pueden contar con su apoyo y su soporte en la implementaci\u00f3n de proyectos tendentes a su desarrollo.<\/p>\n\n\n\n<p>\u00b4\u00b4La implementaci\u00f3n de Huertos Comunitarios, charlas, conversatorios directos con la comunidad, la habilitaci\u00f3n de&nbsp;&nbsp; contenedores para residuos s\u00f3lidos y la promoci\u00f3n de las tres R (Reducir, Reutilizar y Reciclar), como elementos esenciales en la protecci\u00f3n del medio ambiente\u00b4\u00b4, sostuvo Ysmeira Germ\u00e1n.<\/p>\n\n\n\n<p>Otro de los aspectos importantes a desarrollar, es el sector artesanal, el cual defini\u00f3 como vital para la creaci\u00f3n de empleos y la promoci\u00f3n de los valores culturales del municipio y el pa\u00eds.<\/p>\n\n\n\n<p>La aspirante a regidora por el partido Alianza Pa\u00eds, Ysmeira Germ\u00e1n, es una dirigente comunitaria preocupada por la protecci\u00f3n del medio ambiente, la artesan\u00eda popular y el desarrollo de huertos comunitarios.<\/p>\n\n\n\n<p>Tambi\u00e9n, ha instalado zafacones e implementado campa\u00f1as de recolecci\u00f3n de todo tipo de pl\u00e1sticos, entre otros importantes proyectos.\u00a0<\/p>\n\n\n\n<p>elvi omar paredes cruz<\/p>\n\n\n\n<p><a target=\"_blank\" href=\"mailto:elviomarparedescruz@gmail.com\" rel=\"noreferrer noopener\">elviomarparedescruz@gmail.com<\/a><\/p>\n","protected":false},"excerpt":{"rendered":"<p>Ysmeira Germ\u00e1n La aspirante a regidora de la Circunscripci\u00f3n 2 del Municipio Santo Domingo Este, por el partido Alianza Pa\u00eds, Ysmeira Germ\u00e1n, expres\u00f3 su deseo de que, en el presente a\u00f1o, el municipio avance en la protecci\u00f3n del medio ambiente y la puesta en valor de las \u00e1reas verdes, r\u00edos y parques de la comunidad. [&hellip;]<\/p>\n","protected":false},"author":28,"featured_media":499508,"comment_status":"closed","ping_status":"","sticky":false,"template":"","format":"standard","meta":{"footnotes":""},"categories":[22],"tags":[],"class_list":["post-499507","post","type-post","status-publish","format-standard","has-post-thumbnail","hentry","category-politica"],"_links":{"self":[{"href":"https:\/\/diariodominicano.com\/index.php?rest_route=\/wp\/v2\/posts\/499507","targetHints":{"allow":["GET"]}}],"collection":[{"href":"https:\/\/diariodominicano.com\/index.php?rest_route=\/wp\/v2\/posts"}],"about":[{"href":"https:\/\/diariodominicano.com\/index.php?rest_route=\/wp\/v2\/types\/post"}],"author":[{"embeddable":true,"href":"https:\/\/diariodominicano.com\/index.php?rest_route=\/wp\/v2\/users\/28"}],"replies":[{"embeddable":true,"href":"https:\/\/diariodominicano.com\/index.php?rest_route=%2Fwp%2Fv2%2Fcomments&post=499507"}],"version-history":[{"count":1,"href":"https:\/\/diariodominicano.com\/index.php?rest_route=\/wp\/v2\/posts\/499507\/revisions"}],"predecessor-version":[{"id":499509,"href":"https:\/\/diariodominicano.com\/index.php?rest_route=\/wp\/v2\/posts\/499507\/revisions\/499509"}],"wp:featuredmedia":[{"embeddable":true,"href":"https:\/\/diariodominicano.com\/index.php?rest_route=\/wp\/v2\/media\/499508"}],"wp:attachment":[{"href":"https:\/\/diariodominicano.com\/index.php?rest_route=%2Fwp%2Fv2%2Fmedia&parent=499507"}],"wp:term":[{"taxonomy":"category","embeddable":true,"href":"https:\/\/diariodominicano.com\/index.php?rest_route=%2Fwp%2Fv2%2Fcategories&post=499507"},{"taxonomy":"post_tag","embeddable":true,"href":"https:\/\/diariodominicano.com\/index.php?rest_route=%2Fwp%2Fv2%2Ftags&post=499507"}],"curies":[{"name":"wp","href":"https:\/\/api.w.org\/{rel}","templated":true}]}}