{"id":499494,"date":"2024-01-09T22:48:47","date_gmt":"2024-01-10T02:48:47","guid":{"rendered":"https:\/\/diariodominicano.com\/?p=499494"},"modified":"2024-01-09T22:48:47","modified_gmt":"2024-01-10T02:48:47","slug":"pld-y-opcion-democratica-dan-a-conocer-el-pacto-de-alianza-firmaron-para-participar-unidos-en-las-elecciones-congresuales-y-municipales","status":"publish","type":"post","link":"https:\/\/diariodominicano.com\/?p=499494","title":{"rendered":"PLD y Opci\u00f3n Democr\u00e1tica dan a conocer el pacto de alianza firmaron para participar unidos en las elecciones congresuales y municipales"},"content":{"rendered":"\n<p><strong>El Partido de la Liberaci\u00f3n Dominicana (PLD) dio a conocer el\u00a0acuerdo de alianza al cual arrib\u00f3 con el Partido Opci\u00f3n Democr\u00e1tica (OD)<\/strong>\u00a0en los niveles municipal y congresual en diferentes demarcaciones territoriales de Rep\u00fablica Dominicana, \u00abcon el inter\u00e9s de fortalecer el sistema democr\u00e1tico y presentar candidatos y candidatas preparados para un ejercicio de respeto al pueblo y a las aspiraciones ciudadanas\u00bb.<\/p>\n\n\n\n<p>En un encuentro con los medios de comunicaci\u00f3n, la representaci\u00f3n del PLD y OD dieron a conocer el pacto de alianza depositado ante la Junta Central Electoral con las r\u00fabricas de: \u00a0Danilo Medina, presidente del PLD, Charles Mariotti, secretario general, Minou Tav\u00e1rez Mirabal, presidenta de Opci\u00f3n Democr\u00e1tica Y Franiel Genao N\u00fa\u00f1ez secretario general de OD.<\/p>\n\n\n\n<p>La alianza debidamente \u00a0\u00a0notarizada, como ordenan las leyes electorales, abarca 92 candidaturas para Alcald\u00edas, 137 candidaturas a direcciones de Distritos Municipales, 17 senadur\u00edas, que incluyen tambi\u00e9n diputaciones, precis\u00f3 el PLD en un comunicado de prensa.<\/p>\n\n\n\n<p>Mediante un documento entregado a los representantes de los medios de comunicaci\u00f3n, se informa que se trata de un pacto de alianza parcial, que responde a los mecanismos de consulta de ambas organizaciones, ya por Asambleas de Delegados o por Convenci\u00f3n Nacional de Delegados.<\/p>\n\n\n\n<p>El PLD y OD manifiestan su compromiso, su vocaci\u00f3n y determinaci\u00f3n opositora de desplazar al actual gobierno \u00abencabezado por el PRM, que ha incumplido con las promesas a la poblaci\u00f3n y as\u00ed rescatar a la familia dominicana de la situaci\u00f3n de retroceso, dificultades y pobreza en que la ha sumido este gobierno incumplidor\u00bb.<\/p>\n\n\n\n<figure class=\"wp-block-image size-full is-resized\"><img loading=\"lazy\" decoding=\"async\" width=\"1016\" height=\"768\" src=\"https:\/\/diariodominicano.com\/wp-content\/uploads\/2024\/01\/DSC_9325.jpg\" alt=\"\" class=\"wp-image-499496\" style=\"width:616px;height:auto\" srcset=\"https:\/\/diariodominicano.com\/wp-content\/uploads\/2024\/01\/DSC_9325.jpg 1016w, https:\/\/diariodominicano.com\/wp-content\/uploads\/2024\/01\/DSC_9325-300x227.jpg 300w, https:\/\/diariodominicano.com\/wp-content\/uploads\/2024\/01\/DSC_9325-768x581.jpg 768w, https:\/\/diariodominicano.com\/wp-content\/uploads\/2024\/01\/DSC_9325-816x617.jpg 816w\" sizes=\"auto, (max-width: 1016px) 100vw, 1016px\" \/><\/figure>\n\n\n\n<p>Los partidos de oposici\u00f3n recordaron que ir\u00e1n a las elecciones de este a\u00f1o con candidaturas presidenciales propias, el PLD presenta a Abel Mart\u00ednez y Opci\u00f3n Democr\u00e1tica a Virginia Antares.<\/p>\n\n\n\n<p>Luego de precisar el contenido del acuerdo, Darys Estrella, quien es la candidata a la Senadur\u00eda de San Jos\u00e9 de Ocoa en la alianza, dijo sentirse halagada con el apoyo que le ha dado el PLD a la candidatura que presenta su Partido, Opci\u00f3n Democr\u00e1tica, resaltando la admiraci\u00f3n por el l\u00edder hist\u00f3rico del PLD, Profesor Juan Bosch, por el v\u00ednculo del fundador del PLD con su Padre.<\/p>\n\n\n\n<p>Adelant\u00f3 que representar\u00e1 dignamente su provincia en la C\u00e1mara Alta al destacar que ser\u00e1 la primera candidata a senadora por San Jos\u00e9 de Ocoa y se convertir\u00e1 con el respaldo de su pueblo en la primera Senadora de la sure\u00f1a provincia &nbsp;<\/p>\n\n\n\n<figure class=\"wp-block-image size-full\"><img loading=\"lazy\" decoding=\"async\" width=\"1024\" height=\"707\" src=\"https:\/\/diariodominicano.com\/wp-content\/uploads\/2024\/01\/DSC_9335.jpg\" alt=\"\" class=\"wp-image-499497\" srcset=\"https:\/\/diariodominicano.com\/wp-content\/uploads\/2024\/01\/DSC_9335.jpg 1024w, https:\/\/diariodominicano.com\/wp-content\/uploads\/2024\/01\/DSC_9335-300x207.jpg 300w, https:\/\/diariodominicano.com\/wp-content\/uploads\/2024\/01\/DSC_9335-768x530.jpg 768w, https:\/\/diariodominicano.com\/wp-content\/uploads\/2024\/01\/DSC_9335-816x563.jpg 816w\" sizes=\"auto, (max-width: 1024px) 100vw, 1024px\" \/><figcaption class=\"wp-element-caption\">Juan Ariel Jim\u00e9nez<\/figcaption><\/figure>\n\n\n\n<p>En representaci\u00f3n de la direcci\u00f3n del PLD, Juan Ariel Jim\u00e9nez, su vicepresidente, apunt\u00f3 sobre el gran significado para su partido de pactar una alianza con una entidad partidaria llena de j\u00f3venes valores y de personas con un alto sentido democr\u00e1tico y apegado a sanos principios. &nbsp;&nbsp;<\/p>\n\n\n\n<p>Al informar sobre el acuerdo firmado tanto el PLD con la OD coincidieron al se\u00f1alar que la calidad de vida del pueblo dominicano se ha deteriorado en estos tres a\u00f1os de gobierno del PRM y cada d\u00eda ve m\u00e1s dif\u00edcil conseguir su bienestar y la de su familia con el presente gobierno.<\/p>\n\n\n\n<p>La mesa que inform\u00f3 sobre el acuerdo fue integrada por &nbsp;Opci\u00f3n Democr\u00e1tica: &nbsp;Minou Tavares Mirabal, presidenta de OD, Darys Estrella, candidata a Senadora por San Jos\u00e9 de Ocoa, as\u00ed como Jaime de la Rosa, candidato a la direcci\u00f3n de Cana Chapet\u00f3n &nbsp;Jorge Leyba y Federico Cuevas,<\/p>\n\n\n\n<p>El PLD estuvo representado por Juan Ariel Jim\u00e9nez, Vicepresidente del PLD, Jaime David Fern\u00e1ndez Mirabal, Danilo Diaz y Jos\u00e9 Dant\u00e9s Diaz, miembros del Comit\u00e9 Pol\u00edtico. &nbsp;<\/p>\n\n\n\n<figure class=\"wp-block-image size-full\"><img loading=\"lazy\" decoding=\"async\" width=\"1024\" height=\"541\" src=\"https:\/\/diariodominicano.com\/wp-content\/uploads\/2024\/01\/DSC_9307.jpg\" alt=\"\" class=\"wp-image-499498\" srcset=\"https:\/\/diariodominicano.com\/wp-content\/uploads\/2024\/01\/DSC_9307.jpg 1024w, https:\/\/diariodominicano.com\/wp-content\/uploads\/2024\/01\/DSC_9307-300x158.jpg 300w, https:\/\/diariodominicano.com\/wp-content\/uploads\/2024\/01\/DSC_9307-768x406.jpg 768w, https:\/\/diariodominicano.com\/wp-content\/uploads\/2024\/01\/DSC_9307-816x431.jpg 816w\" sizes=\"auto, (max-width: 1024px) 100vw, 1024px\" \/><\/figure>\n\n\n\n<p>Dentro de las demarcaciones que respalda la alianza del Partido de la Liberaci\u00f3n Dominicana &#8211; Opci\u00f3n Democr\u00e1tica se encuentra la Senadur\u00eda de la Provincia Santo Domingo representada por Cristina Lizardo y los candidatos a las alcald\u00edas de Santo Domingo Este con Luis Alberto Tejeda, Santiago de los Caballeros con V\u00edctor Fadul y Nelson Guillem candidato a la alcald\u00eda de San Crist\u00f3bal todos presentes en el encuentro.<\/p>\n\n\n\n<p>Al finalizar el encuentro los integrantes de la mesa directiva conjuntamente con los candidatos y candidatas presentes unieron sus manos para anunciar el seguro triunfo de sus propuestas en las elecciones del mes pr\u00f3ximo y la de mayo venidero.<\/p>\n\n\n\n<p><strong>SECRETAR\u00cdA DE COMUNICACIONES<\/strong><\/p>\n\n\n\n<p><strong>9 DE ENERO 2024<\/strong><\/p>\n","protected":false},"excerpt":{"rendered":"<p>El Partido de la Liberaci\u00f3n Dominicana (PLD) dio a conocer el\u00a0acuerdo de alianza al cual arrib\u00f3 con el Partido Opci\u00f3n Democr\u00e1tica (OD)\u00a0en los niveles municipal y congresual en diferentes demarcaciones territoriales de Rep\u00fablica Dominicana, \u00abcon el inter\u00e9s de fortalecer el sistema democr\u00e1tico y presentar candidatos y candidatas preparados para un ejercicio de respeto al pueblo [&hellip;]<\/p>\n","protected":false},"author":28,"featured_media":499495,"comment_status":"closed","ping_status":"","sticky":true,"template":"","format":"standard","meta":{"footnotes":""},"categories":[22,27],"tags":[],"class_list":["post-499494","post","type-post","status-publish","format-standard","has-post-thumbnail","hentry","category-politica","category-portada"],"_links":{"self":[{"href":"https:\/\/diariodominicano.com\/index.php?rest_route=\/wp\/v2\/posts\/499494","targetHints":{"allow":["GET"]}}],"collection":[{"href":"https:\/\/diariodominicano.com\/index.php?rest_route=\/wp\/v2\/posts"}],"about":[{"href":"https:\/\/diariodominicano.com\/index.php?rest_route=\/wp\/v2\/types\/post"}],"author":[{"embeddable":true,"href":"https:\/\/diariodominicano.com\/index.php?rest_route=\/wp\/v2\/users\/28"}],"replies":[{"embeddable":true,"href":"https:\/\/diariodominicano.com\/index.php?rest_route=%2Fwp%2Fv2%2Fcomments&post=499494"}],"version-history":[{"count":1,"href":"https:\/\/diariodominicano.com\/index.php?rest_route=\/wp\/v2\/posts\/499494\/revisions"}],"predecessor-version":[{"id":499499,"href":"https:\/\/diariodominicano.com\/index.php?rest_route=\/wp\/v2\/posts\/499494\/revisions\/499499"}],"wp:featuredmedia":[{"embeddable":true,"href":"https:\/\/diariodominicano.com\/index.php?rest_route=\/wp\/v2\/media\/499495"}],"wp:attachment":[{"href":"https:\/\/diariodominicano.com\/index.php?rest_route=%2Fwp%2Fv2%2Fmedia&parent=499494"}],"wp:term":[{"taxonomy":"category","embeddable":true,"href":"https:\/\/diariodominicano.com\/index.php?rest_route=%2Fwp%2Fv2%2Fcategories&post=499494"},{"taxonomy":"post_tag","embeddable":true,"href":"https:\/\/diariodominicano.com\/index.php?rest_route=%2Fwp%2Fv2%2Ftags&post=499494"}],"curies":[{"name":"wp","href":"https:\/\/api.w.org\/{rel}","templated":true}]}}