{"id":499489,"date":"2024-01-09T22:31:23","date_gmt":"2024-01-10T02:31:23","guid":{"rendered":"https:\/\/diariodominicano.com\/?p=499489"},"modified":"2024-01-09T22:32:55","modified_gmt":"2024-01-10T02:32:55","slug":"pld-informa-fallecimiento-del-doctor-malaquias-moya-miembro-del-cc-pld","status":"publish","type":"post","link":"https:\/\/diariodominicano.com\/?p=499489","title":{"rendered":"Fallece el Doctor Malaqu\u00edas Moya, miembro CC del PLD"},"content":{"rendered":"\n<p>Malaqu\u00edas Moya<\/p>\n\n\n\n<p>El PLD anunci\u00f3 recibir\u00e1 cristiana sepultura la tarde del mi\u00e9rcoles 10 de enero en su natal municipio S\u00e1nchez de la provincia Saman\u00e1,\u00a0<strong>Malaqu\u00edas Moya Cordero, miembro del Comit\u00e9 Central del Partido de la Liberaci\u00f3n Dominicana (PLD), cuyo deceso se produjo este martes.<\/strong><\/p>\n\n\n\n<p>Malaqu\u00edas Moya, fundador del PLD en la provincia Saman\u00e1 es un m\u00e9dico con especialidad en cardiolog\u00eda con una amplia trayectoria de servicio en su comunidad como profesional de la medicina y un historial de militante partidario bajo la orientaci\u00f3n del l\u00edder hist\u00f3rico del PLD, Profesor Juan Bosch.<\/p>\n\n\n\n<p>Se recuerda sus intervenciones en asambleas partidarias por sus claros conceptos y calidad expositiva y adem\u00e1s porque fue el primer candidato a Senador del PLD en la provincia Saman\u00e1.<\/p>\n\n\n\n<p>\u201cInformamos que nuestro compa\u00f1ero Malaqu\u00edas Moya Cordero termina de partir a los brazos del Se\u00f1or. Su cad\u00e1ver est\u00e1 siendo velado en la Funeraria Municipal de S\u00e1nchez, Provincia Saman\u00e1\u201d, inform\u00f3 a media ma\u00f1ana de este martes la representaci\u00f3n de la direcci\u00f3n provincial del PLD en Saman\u00e1.<\/p>\n\n\n\n<p>Al caer la tarde de este d\u00eda se confirm\u00f3 que el acto de sepelio se realizar\u00e1 el mi\u00e9rcoles a las tres horas de la tarde en el cementerio municipal de S\u00e1nchez, Saman\u00e1<\/p>\n\n\n\n<p>Que Descanse en Paz<\/p>\n\n\n\n<p><strong>SECRETAR\u00cdA DE COMUNICACIONES<\/strong><\/p>\n\n\n\n<p><strong>9 DE ENERO 2024<\/strong><\/p>\n\n\n\n<p>&nbsp;________________________________________________________________________________________________________<\/p>\n\n\n\n<p>Av. Independencia No. 401. Esq. Cervantes, Gazcue . Tels.: 809-685-3440 . Fax: 809-685-3445 . Central: 809-685-3540 .&nbsp;<a href=\"http:\/\/www.pldaldia.com\/\" target=\"_blank\" rel=\"noreferrer noopener\">http:\/\/www.pldaldia.com<\/a>&#8212;<br>________________________________________________________________________________________________________<br>Av. Independencia No. 401. Esq. Cervantes, Gazcue . Tels.: 809-685-3440 . Fax: 809-685-3445 . Central: 809-685-3540 .&nbsp;<a href=\"http:\/\/www.pldaldia.com\/\" target=\"_blank\" rel=\"noreferrer noopener\">http:\/\/www.pldaldia.com<\/a><br>&#8212;<br>Has recibido este mensaje porque est\u00e1s suscrito al grupo \u00abSECOM PLD\u00bb de Grupos de Google.<br>Para cancelar la suscripci\u00f3n a este grupo y dejar de recibir sus mensajes, env\u00eda un correo electr\u00f3nico a&nbsp;<a href=\"mailto:secom-pld+unsubscribe@googlegroups.com\" target=\"_blank\" rel=\"noreferrer noopener\">secom-pld+unsubscribe@googlegroups.com<\/a>.<br>Para ver esta conversaci\u00f3n en el sitio web, visita&nbsp;<a href=\"https:\/\/groups.google.com\/d\/msgid\/secom-pld\/CAEkgih1RDvkFCmaQWoewF1t7eiXuW_3-jkxSxQxgWKTJmu3y%2BQ%40mail.gmail.com?utm_medium=email&amp;utm_source=footer\" target=\"_blank\" rel=\"noreferrer noopener\">https:\/\/groups.google.com\/d\/msgid\/secom-pld\/CAEkgih1RDvkFCmaQWoewF1t7eiXuW_3-jkxSxQxgWKTJmu3y%2BQ%40mail.gmail.com<\/a>.<\/p>\n","protected":false},"excerpt":{"rendered":"<p>Malaqu\u00edas Moya El PLD anunci\u00f3 recibir\u00e1 cristiana sepultura la tarde del mi\u00e9rcoles 10 de enero en su natal municipio S\u00e1nchez de la provincia Saman\u00e1,\u00a0Malaqu\u00edas Moya Cordero, miembro del Comit\u00e9 Central del Partido de la Liberaci\u00f3n Dominicana (PLD), cuyo deceso se produjo este martes. Malaqu\u00edas Moya, fundador del PLD en la provincia Saman\u00e1 es un m\u00e9dico [&hellip;]<\/p>\n","protected":false},"author":28,"featured_media":499490,"comment_status":"closed","ping_status":"","sticky":true,"template":"","format":"standard","meta":{"footnotes":""},"categories":[20,22,27],"tags":[],"class_list":["post-499489","post","type-post","status-publish","format-standard","has-post-thumbnail","hentry","category-dominicana-hoy","category-politica","category-portada"],"_links":{"self":[{"href":"https:\/\/diariodominicano.com\/index.php?rest_route=\/wp\/v2\/posts\/499489","targetHints":{"allow":["GET"]}}],"collection":[{"href":"https:\/\/diariodominicano.com\/index.php?rest_route=\/wp\/v2\/posts"}],"about":[{"href":"https:\/\/diariodominicano.com\/index.php?rest_route=\/wp\/v2\/types\/post"}],"author":[{"embeddable":true,"href":"https:\/\/diariodominicano.com\/index.php?rest_route=\/wp\/v2\/users\/28"}],"replies":[{"embeddable":true,"href":"https:\/\/diariodominicano.com\/index.php?rest_route=%2Fwp%2Fv2%2Fcomments&post=499489"}],"version-history":[{"count":3,"href":"https:\/\/diariodominicano.com\/index.php?rest_route=\/wp\/v2\/posts\/499489\/revisions"}],"predecessor-version":[{"id":499493,"href":"https:\/\/diariodominicano.com\/index.php?rest_route=\/wp\/v2\/posts\/499489\/revisions\/499493"}],"wp:featuredmedia":[{"embeddable":true,"href":"https:\/\/diariodominicano.com\/index.php?rest_route=\/wp\/v2\/media\/499490"}],"wp:attachment":[{"href":"https:\/\/diariodominicano.com\/index.php?rest_route=%2Fwp%2Fv2%2Fmedia&parent=499489"}],"wp:term":[{"taxonomy":"category","embeddable":true,"href":"https:\/\/diariodominicano.com\/index.php?rest_route=%2Fwp%2Fv2%2Fcategories&post=499489"},{"taxonomy":"post_tag","embeddable":true,"href":"https:\/\/diariodominicano.com\/index.php?rest_route=%2Fwp%2Fv2%2Ftags&post=499489"}],"curies":[{"name":"wp","href":"https:\/\/api.w.org\/{rel}","templated":true}]}}