{"id":49940,"date":"2020-09-02T07:38:29","date_gmt":"2020-09-02T07:38:29","guid":{"rendered":"http:\/\/diariodominicano.ddns.net\/?p=49940"},"modified":"2020-09-02T07:38:29","modified_gmt":"2020-09-02T07:38:29","slug":"presidente-jose-bordas-valdez-suspende-garantias-constitucionales-por-alzamiento-de-horacio-vasquez","status":"publish","type":"post","link":"https:\/\/diariodominicano.com\/?p=49940","title":{"rendered":"Presidente Jos\u00e9  Bordas Valdez suspende garant\u00edas constitucionales por alzamiento de Horacio V\u00e1squez"},"content":{"rendered":"<p><body><\/p>\n<p><strong>Diariodominicano.com<\/strong><\/p>\n<p><strong>Presidente Jos\u00e9  Bordas Valdez suspende garant\u00edas constitucionales por alzamiento de Horacio V\u00e1squez <\/strong><\/p>\n<p><strong>SANTO DOMINGO, el 2 de septiembre de 1913<\/strong>, el Presidente de la Rep\u00fablica Dominicana, Jos\u00e9 Bordas Valdez declar\u00f3 la suspensi\u00f3n de las garant\u00edas constitucionales para enfrentar el alzamiento que hab\u00eda iniciado el General Horacio V\u00e1squez, el d\u00eda 1 de septiembre de 1913, en protesta porque el Gobierno le quit\u00f3 el control del Ferrocarril Central Dominicano, que comunicaba a Puerto Plata con Santiago.<\/p>\n<\/p>\n<p>     <strong>Al quitarle el ferrocarril a V\u00e1squez, el Gobierno convoc\u00f3 a una subasta para entregar a la administraci\u00f3n y le fue adjudicada a uno de los partidarios del general Desiderio Arias, quien pagar\u00eda 130 mil pesos.<\/strong><\/p>\n<\/p>\n<p>   Para los horacistas  el control del ferrocarril era muy importante, ya que de ah\u00ed obten\u00edan recursos para atender su clientela pol\u00edtica del Cibao.<\/p>\n<\/p>\n<p>   El alzamiento de Horacio V\u00e1squez es denominado como la \u00abRevoluci\u00f3n del Ferrocarril\u00bb, porque su origen fue la protesta de los horacistas o coludos, por lo que entend\u00edan despojo del \u00abFerrocarril Central Dominicano\u00bb.<\/p>\n<\/p>\n<p>     Horacio V\u00e1squez se proclam\u00f3 Presidente provisional, pero el Presidente Bordas Valdez pudo aplastarlo con rapidez, porque recibi\u00f3 el apoyo de las fuerzas jimenistas que encabezaba el general Desiderio Arias.<\/p>\n<\/p>\n<p>    El Gobierno de Estados Unidos apoy\u00f3 en la crisis al Presidente Bordas Valdez y a trav\u00e9s de sus diplom\u00e1ticos en Santo Domingo, le hizo saber a Horacio V\u00e1squez que si daba un golpe de estado no reconocer\u00eda su Gobierno.<\/p>\n<\/p>\n<p>    Asimismo, el Gobierno estadounidense encarg\u00f3 a un representante para que mediara entre el Gobierno de Bordas Valdez y Horacio V\u00e1squez, a fin de lograr un entendimiento.<\/p>\n<\/p>\n<p>   El objetivo se logr\u00f3 y Estados Unidos se comprometi\u00f3 a velar por la limpieza de las elecciones que se celebrar\u00edan en diciembre para escoger a las autoridades de los ayuntamientos y los diputados de la Asamblea Constituyente que producir\u00eda las reformas legales que posibilitar\u00edan celebrar elecciones presidenciales en junio de 1914.<\/p>\n<\/p>\n<p>    Las elecciones se celebraron, pero fueron calificadas de fraudulentas porque el Gobierno desat\u00f3 una campa\u00f1a de represi\u00f3n contra la oposici\u00f3n y en algunas urnas cambiaron votos.<\/p>\n<\/p>\n<p>     La nueva situaci\u00f3n agudiz\u00f3 la crisis, ya que los jimenistas, que hab\u00edan apoyado a Bordas Valdez, protestaron y se opusieron a que la Asamblea Constituyente, funcionara para evitar la reelecci\u00f3n del Presidente de la Rep\u00fablica.<\/p>\n<\/p>\n<p>    Sin embargo, eso no impidi\u00f3 los planes de Bordas Valdez. El d\u00eda 15 de junio logr\u00f3 ser reelecto Presidente de la Rep\u00fablica, quien  para apaciguar a los militares horacistas  les dio algunas funciones.<\/p>\n<\/p>\n<\/p>\n<\/p>\n<h6> 2020-09-02 07:38:29 <\/h6>\n<p><!--\n<link rel=\"stylesheet\" href=\"css\/bootstrap.min.css\">\n\n\n<ul class=\"pagination\">\n\t    \n\t\n\n<li >\n\t<a href='?page_no=252'>Previous<\/a>\n\t<\/li>\n\n\n       \n    \n\n<li><a href='?page_no=1'>1<\/a><\/li>\n\n\n\n<li><a href='?page_no=2'>2<\/a><\/li>\n\n\n\n<li><a>...<\/a><\/li>\n\n\n\n<li><a href='?page_no=251'>251<\/a><\/li>\n\n\n\n<li><a href='?page_no=252'>252<\/a><\/li>\n\n\n\n<li class='active'><a>253<\/a><\/li>\n\n\n\n<li><a href='?page_no=254'>254<\/a><\/li>\n\n\n\n<li><a href='?page_no=255'>255<\/a><\/li>\n\n\n\n<li><a>...<\/a><\/li>\n\n\n\n<li><a href='?page_no=22911'>22911<\/a><\/li>\n\n\n\n<li><a href='?page_no=22912'>22912<\/a><\/li>\n\n    \n\t\n\n<li >\n\t<a href='?page_no=254'>Next<\/a>\n\t<\/li>\n\n\n    \n\n<li><a href='?page_no=22912'>Last &rsaquo;&rsaquo;<\/a><\/li>\n\n<\/ul>\n\n\n--><br \/>\n<\/body><\/p>\n","protected":false},"excerpt":{"rendered":"<p>Diariodominicano.com Presidente Jos\u00e9 Bordas Valdez suspende garant\u00edas constitucionales por alzamiento de Horacio V\u00e1squez SANTO DOMINGO, el 2 de septiembre de 1913, el Presidente de la Rep\u00fablica Dominicana, Jos\u00e9 Bordas Valdez declar\u00f3 la suspensi\u00f3n de las garant\u00edas constitucionales para enfrentar el alzamiento que hab\u00eda iniciado el General Horacio V\u00e1squez, el d\u00eda 1 de septiembre de 1913, [&hellip;]<\/p>\n","protected":false},"author":3,"featured_media":0,"comment_status":"open","ping_status":"open","sticky":false,"template":"","format":"standard","meta":{"footnotes":""},"categories":[21],"tags":[],"class_list":["post-49940","post","type-post","status-publish","format-standard","hentry","category-cultura"],"_links":{"self":[{"href":"https:\/\/diariodominicano.com\/index.php?rest_route=\/wp\/v2\/posts\/49940","targetHints":{"allow":["GET"]}}],"collection":[{"href":"https:\/\/diariodominicano.com\/index.php?rest_route=\/wp\/v2\/posts"}],"about":[{"href":"https:\/\/diariodominicano.com\/index.php?rest_route=\/wp\/v2\/types\/post"}],"author":[{"embeddable":true,"href":"https:\/\/diariodominicano.com\/index.php?rest_route=\/wp\/v2\/users\/3"}],"replies":[{"embeddable":true,"href":"https:\/\/diariodominicano.com\/index.php?rest_route=%2Fwp%2Fv2%2Fcomments&post=49940"}],"version-history":[{"count":0,"href":"https:\/\/diariodominicano.com\/index.php?rest_route=\/wp\/v2\/posts\/49940\/revisions"}],"wp:attachment":[{"href":"https:\/\/diariodominicano.com\/index.php?rest_route=%2Fwp%2Fv2%2Fmedia&parent=49940"}],"wp:term":[{"taxonomy":"category","embeddable":true,"href":"https:\/\/diariodominicano.com\/index.php?rest_route=%2Fwp%2Fv2%2Fcategories&post=49940"},{"taxonomy":"post_tag","embeddable":true,"href":"https:\/\/diariodominicano.com\/index.php?rest_route=%2Fwp%2Fv2%2Ftags&post=49940"}],"curies":[{"name":"wp","href":"https:\/\/api.w.org\/{rel}","templated":true}]}}