{"id":499390,"date":"2024-01-09T15:41:27","date_gmt":"2024-01-09T19:41:27","guid":{"rendered":"https:\/\/diariodominicano.com\/?p=499390"},"modified":"2024-01-09T15:41:27","modified_gmt":"2024-01-09T19:41:27","slug":"preparados-para-el-triunfo-electoral","status":"publish","type":"post","link":"https:\/\/diariodominicano.com\/?p=499390","title":{"rendered":"Preparados para el triunfo electoral"},"content":{"rendered":"\n<p><strong><em>PLD<\/em><\/strong><em>\u00a0 en provincias y municipios reportan la realizaci\u00f3n de talleres de capacitaci\u00f3n de sus delegados y delegadas ante los Colegios Electorales<\/em> <\/p>\n\n\n\n<p><strong>El Partido de la Liberaci\u00f3n Dominicana (PLD)<\/strong>&nbsp;aprovech\u00f3 el fin de semana para dar continuidad a los talleres organizados por la Secretar\u00eda de Asuntos Electorales, capacitando a los delegados y delegadas de la organizaci\u00f3n en los Colegios Electorales.<\/p>\n\n\n\n<p>Desde toda la geograf\u00eda nacional se reportaron la realizaci\u00f3n de esos talleres formativos preparando a los dirigentes que representar\u00e1n los candidatos y candidatas en las elecciones del pr\u00f3ximo mes, al igual que la de mayo venidero.<\/p>\n\n\n\n<figure class=\"wp-block-gallery has-nested-images columns-default is-cropped wp-block-gallery-1 is-layout-flex wp-block-gallery-is-layout-flex\">\n<figure class=\"wp-block-image size-large\"><img loading=\"lazy\" decoding=\"async\" width=\"1024\" height=\"768\" data-id=\"499415\" src=\"https:\/\/diariodominicano.com\/wp-content\/uploads\/2024\/01\/Taller-PLD-Haina-1024x768.jpg\" alt=\"\" class=\"wp-image-499415\" srcset=\"https:\/\/diariodominicano.com\/wp-content\/uploads\/2024\/01\/Taller-PLD-Haina-1024x768.jpg 1024w, https:\/\/diariodominicano.com\/wp-content\/uploads\/2024\/01\/Taller-PLD-Haina-300x225.jpg 300w, https:\/\/diariodominicano.com\/wp-content\/uploads\/2024\/01\/Taller-PLD-Haina-768x576.jpg 768w, https:\/\/diariodominicano.com\/wp-content\/uploads\/2024\/01\/Taller-PLD-Haina-1536x1152.jpg 1536w, https:\/\/diariodominicano.com\/wp-content\/uploads\/2024\/01\/Taller-PLD-Haina-816x612.jpg 816w, https:\/\/diariodominicano.com\/wp-content\/uploads\/2024\/01\/Taller-PLD-Haina.jpg 1600w\" sizes=\"auto, (max-width: 1024px) 100vw, 1024px\" \/><\/figure>\n\n\n\n<figure class=\"wp-block-image size-large\"><img loading=\"lazy\" decoding=\"async\" width=\"1024\" height=\"461\" data-id=\"499414\" src=\"https:\/\/diariodominicano.com\/wp-content\/uploads\/2024\/01\/Altamira-Preparados-para-el-triunfo-electoral.jpg\" alt=\"\" class=\"wp-image-499414\" srcset=\"https:\/\/diariodominicano.com\/wp-content\/uploads\/2024\/01\/Altamira-Preparados-para-el-triunfo-electoral.jpg 1024w, https:\/\/diariodominicano.com\/wp-content\/uploads\/2024\/01\/Altamira-Preparados-para-el-triunfo-electoral-300x135.jpg 300w, https:\/\/diariodominicano.com\/wp-content\/uploads\/2024\/01\/Altamira-Preparados-para-el-triunfo-electoral-768x346.jpg 768w, https:\/\/diariodominicano.com\/wp-content\/uploads\/2024\/01\/Altamira-Preparados-para-el-triunfo-electoral-816x367.jpg 816w\" sizes=\"auto, (max-width: 1024px) 100vw, 1024px\" \/><\/figure>\n\n\n\n<figure class=\"wp-block-image size-large\"><img loading=\"lazy\" decoding=\"async\" width=\"1024\" height=\"373\" data-id=\"499413\" src=\"https:\/\/diariodominicano.com\/wp-content\/uploads\/2024\/01\/El-Llanos.jpg\" alt=\"\" class=\"wp-image-499413\" srcset=\"https:\/\/diariodominicano.com\/wp-content\/uploads\/2024\/01\/El-Llanos.jpg 1024w, https:\/\/diariodominicano.com\/wp-content\/uploads\/2024\/01\/El-Llanos-300x109.jpg 300w, https:\/\/diariodominicano.com\/wp-content\/uploads\/2024\/01\/El-Llanos-768x280.jpg 768w, https:\/\/diariodominicano.com\/wp-content\/uploads\/2024\/01\/El-Llanos-816x297.jpg 816w\" sizes=\"auto, (max-width: 1024px) 100vw, 1024px\" \/><\/figure>\n\n\n\n<figure class=\"wp-block-image size-large\"><img loading=\"lazy\" decoding=\"async\" width=\"1024\" height=\"504\" data-id=\"499412\" src=\"https:\/\/diariodominicano.com\/wp-content\/uploads\/2024\/01\/lA-Preparados-para-el-triunfo-electoral-PLD-1024x504.jpg\" alt=\"\" class=\"wp-image-499412\" srcset=\"https:\/\/diariodominicano.com\/wp-content\/uploads\/2024\/01\/lA-Preparados-para-el-triunfo-electoral-PLD-1024x504.jpg 1024w, https:\/\/diariodominicano.com\/wp-content\/uploads\/2024\/01\/lA-Preparados-para-el-triunfo-electoral-PLD-300x148.jpg 300w, https:\/\/diariodominicano.com\/wp-content\/uploads\/2024\/01\/lA-Preparados-para-el-triunfo-electoral-PLD-768x378.jpg 768w, https:\/\/diariodominicano.com\/wp-content\/uploads\/2024\/01\/lA-Preparados-para-el-triunfo-electoral-PLD-1536x756.jpg 1536w, https:\/\/diariodominicano.com\/wp-content\/uploads\/2024\/01\/lA-Preparados-para-el-triunfo-electoral-PLD-816x402.jpg 816w, https:\/\/diariodominicano.com\/wp-content\/uploads\/2024\/01\/lA-Preparados-para-el-triunfo-electoral-PLD.jpg 1600w\" sizes=\"auto, (max-width: 1024px) 100vw, 1024px\" \/><\/figure>\n<\/figure>\n\n\n\n<p>En las jornadas de los comit\u00e9s municipales y de distritos municipales, se recibieron las explicaciones de todo el proceso electoral y el papel de cada uno de los escogidos para representar al PLD en los colegios y recintos electorales.<\/p>\n\n\n\n<p>En las jornadas de fin de semana los dirigentes seleccionados como delegados y suplentes, recibieron las explicaciones sobre sus deberes y responsabilidades para cumplir sus tareas acordes a su rol de representantes del PLD en las mesas de votaciones.<\/p>\n\n\n\n<p>Los dirigentes enlaces en municipios y provincias reportaron la realizaci\u00f3n de talleres en&nbsp;<strong>Haina, Nigua, y Villa Altagracia de San Crist\u00f3bal, Neyba y Uvilla, Bahoruco, Quisqueya y Guayacanes de San Pedro de Macor\u00eds, Comendador, Sabana Larga y El llano, El\u00edas Pi\u00f1as, Imbert, La Isabela y Luper\u00f3n en Puerto Plata y en Los Alcarrizos,<\/strong>&nbsp;entre otras demarcaciones.<\/p>\n\n\n\n<p>&nbsp;Los talleres cuentan con una representaci\u00f3n de la Secretar\u00eda de Asuntos Electorales, la supervisi\u00f3n de los Enlaces y la presencia de los candidatos y candidatas municipales.<\/p>\n\n\n\n<p><strong>SECRETAR\u00cdA DE COMUNICACIONES<\/strong><strong><\/strong><\/p>\n","protected":false},"excerpt":{"rendered":"<p>PLD\u00a0 en provincias y municipios reportan la realizaci\u00f3n de talleres de capacitaci\u00f3n de sus delegados y delegadas ante los Colegios Electorales El Partido de la Liberaci\u00f3n Dominicana (PLD)&nbsp;aprovech\u00f3 el fin de semana para dar continuidad a los talleres organizados por la Secretar\u00eda de Asuntos Electorales, capacitando a los delegados y delegadas de la organizaci\u00f3n en [&hellip;]<\/p>\n","protected":false},"author":7,"featured_media":499415,"comment_status":"closed","ping_status":"open","sticky":true,"template":"","format":"standard","meta":{"footnotes":""},"categories":[22,27],"tags":[],"class_list":["post-499390","post","type-post","status-publish","format-standard","has-post-thumbnail","hentry","category-politica","category-portada"],"_links":{"self":[{"href":"https:\/\/diariodominicano.com\/index.php?rest_route=\/wp\/v2\/posts\/499390","targetHints":{"allow":["GET"]}}],"collection":[{"href":"https:\/\/diariodominicano.com\/index.php?rest_route=\/wp\/v2\/posts"}],"about":[{"href":"https:\/\/diariodominicano.com\/index.php?rest_route=\/wp\/v2\/types\/post"}],"author":[{"embeddable":true,"href":"https:\/\/diariodominicano.com\/index.php?rest_route=\/wp\/v2\/users\/7"}],"replies":[{"embeddable":true,"href":"https:\/\/diariodominicano.com\/index.php?rest_route=%2Fwp%2Fv2%2Fcomments&post=499390"}],"version-history":[{"count":2,"href":"https:\/\/diariodominicano.com\/index.php?rest_route=\/wp\/v2\/posts\/499390\/revisions"}],"predecessor-version":[{"id":499422,"href":"https:\/\/diariodominicano.com\/index.php?rest_route=\/wp\/v2\/posts\/499390\/revisions\/499422"}],"wp:featuredmedia":[{"embeddable":true,"href":"https:\/\/diariodominicano.com\/index.php?rest_route=\/wp\/v2\/media\/499415"}],"wp:attachment":[{"href":"https:\/\/diariodominicano.com\/index.php?rest_route=%2Fwp%2Fv2%2Fmedia&parent=499390"}],"wp:term":[{"taxonomy":"category","embeddable":true,"href":"https:\/\/diariodominicano.com\/index.php?rest_route=%2Fwp%2Fv2%2Fcategories&post=499390"},{"taxonomy":"post_tag","embeddable":true,"href":"https:\/\/diariodominicano.com\/index.php?rest_route=%2Fwp%2Fv2%2Ftags&post=499390"}],"curies":[{"name":"wp","href":"https:\/\/api.w.org\/{rel}","templated":true}]}}