{"id":499276,"date":"2024-01-08T09:07:31","date_gmt":"2024-01-08T13:07:31","guid":{"rendered":"https:\/\/diariodominicano.com\/?p=499276"},"modified":"2024-01-08T09:07:31","modified_gmt":"2024-01-08T13:07:31","slug":"haiti-desea-avanzar-en-inventario-de-gases-de-efecto-invernadero","status":"publish","type":"post","link":"https:\/\/diariodominicano.com\/?p=499276","title":{"rendered":"Hait\u00ed desea avanzar en inventario de gases de efecto invernadero"},"content":{"rendered":"\n<p>diariodominicano.com<\/p>\n\n\n\n<p>Puerto Pr\u00edncipe, 8 ene (Prensa Latina) El Ministerio de Medio Ambiente de Hait\u00ed mantiene hoy entre sus l\u00edneas estrat\u00e9gicas unir a todos los sectores del pa\u00eds para avanzar en el inventario de los gases de efecto invernadero.<\/p>\n\n\n\n<p>Los convenios firmados por el gobierno haitiano tienen una serie de exigencias, entre ellas la aplicaci\u00f3n de un marco de transparencia reforzado.<\/p>\n\n\n\n<p>Actualmente, el pa\u00eds caribe\u00f1o enfrenta un problema con la recogida de datos sobre los gases de efecto invernadero, y puede observarse una reticencia por parte de ciertos sectores a comunicar datos sobre el tema.<\/p>\n\n\n\n<p>Dicha cartera considera que esa informaci\u00f3n es crucial en la lucha contra el cambio clim\u00e1tico, pero si no est\u00e1 disponible dificulta cumplir las obligaciones en virtud de los acuerdos y convenios firmados por el gobierno en materia medioambiental.<\/p>\n\n\n\n<p>Es imprescindible -seg\u00fan la fuente- contar con la disponibilidad de datos para planificar acciones, calcular tendencias futuras y supervisar el progreso de las acciones ya emprendidas.<\/p>\n\n\n\n<p>El monitoreo de los gases de efecto invernadero es de vital importancia para la reducci\u00f3n de contaminantes y evitar el calentamiento global.<\/p>\n\n\n\n<p>mem\/joe<\/p>\n","protected":false},"excerpt":{"rendered":"<p>diariodominicano.com Puerto Pr\u00edncipe, 8 ene (Prensa Latina) El Ministerio de Medio Ambiente de Hait\u00ed mantiene hoy entre sus l\u00edneas estrat\u00e9gicas unir a todos los sectores del pa\u00eds para avanzar en el inventario de los gases de efecto invernadero. Los convenios firmados por el gobierno haitiano tienen una serie de exigencias, entre ellas la aplicaci\u00f3n de [&hellip;]<\/p>\n","protected":false},"author":5,"featured_media":499277,"comment_status":"closed","ping_status":"","sticky":true,"template":"","format":"standard","meta":{"footnotes":""},"categories":[112,23,27],"tags":[],"class_list":["post-499276","post","type-post","status-publish","format-standard","has-post-thumbnail","hentry","category-haiti","category-internacional","category-portada"],"_links":{"self":[{"href":"https:\/\/diariodominicano.com\/index.php?rest_route=\/wp\/v2\/posts\/499276","targetHints":{"allow":["GET"]}}],"collection":[{"href":"https:\/\/diariodominicano.com\/index.php?rest_route=\/wp\/v2\/posts"}],"about":[{"href":"https:\/\/diariodominicano.com\/index.php?rest_route=\/wp\/v2\/types\/post"}],"author":[{"embeddable":true,"href":"https:\/\/diariodominicano.com\/index.php?rest_route=\/wp\/v2\/users\/5"}],"replies":[{"embeddable":true,"href":"https:\/\/diariodominicano.com\/index.php?rest_route=%2Fwp%2Fv2%2Fcomments&post=499276"}],"version-history":[{"count":1,"href":"https:\/\/diariodominicano.com\/index.php?rest_route=\/wp\/v2\/posts\/499276\/revisions"}],"predecessor-version":[{"id":499278,"href":"https:\/\/diariodominicano.com\/index.php?rest_route=\/wp\/v2\/posts\/499276\/revisions\/499278"}],"wp:featuredmedia":[{"embeddable":true,"href":"https:\/\/diariodominicano.com\/index.php?rest_route=\/wp\/v2\/media\/499277"}],"wp:attachment":[{"href":"https:\/\/diariodominicano.com\/index.php?rest_route=%2Fwp%2Fv2%2Fmedia&parent=499276"}],"wp:term":[{"taxonomy":"category","embeddable":true,"href":"https:\/\/diariodominicano.com\/index.php?rest_route=%2Fwp%2Fv2%2Fcategories&post=499276"},{"taxonomy":"post_tag","embeddable":true,"href":"https:\/\/diariodominicano.com\/index.php?rest_route=%2Fwp%2Fv2%2Ftags&post=499276"}],"curies":[{"name":"wp","href":"https:\/\/api.w.org\/{rel}","templated":true}]}}