{"id":49907,"date":"2020-09-03T11:22:03","date_gmt":"2020-09-03T11:22:03","guid":{"rendered":"http:\/\/diariodominicano.ddns.net\/?p=49907"},"modified":"2020-09-03T11:22:03","modified_gmt":"2020-09-03T11:22:03","slug":"cooperacion-china-ee-uu-en-lucha-contra-agresion-japonesa-en-ii-guerra-mundial-merece-ser-recordada-dice-experto","status":"publish","type":"post","link":"https:\/\/diariodominicano.com\/?p=49907","title":{"rendered":"Cooperaci\u00f3n China-EE. UU. en lucha contra agresi\u00f3n japonesa en II Guerra Mundial \u00abmerece ser recordada\u00bb, dice experto"},"content":{"rendered":"<p><body><\/p>\n<p><img decoding=\"async\" src=\"img3\/LawrenceKunhn3-9-20.jpg\" \/>  <\/p>\n<p>diariodominicano.com<\/p>\n<\/p>\n<p><span class=\"text1noticias\">   WASHINGTON, 3 sep (Xinhua) &#8212; El renombrado intelectual estadounidense Robert Lawrence Kuhn dio \u00e9nfasis a la cooperaci\u00f3n entre Estados Unidos y China durante la Segunda Guerra Mundial, a pesar de que los intereses de ambos eran diferentes en ese entonces.<\/span><\/p>\n<\/p>\n<p><span class=\"text1noticias\">   \u00abLo que vale la pena recordar sobre la cooperaci\u00f3n entre EE. UU. y China en la lucha contra la agresi\u00f3n japonesa en la Segunda Guerra Mundial es que, en ese momento, los intereses de ambos eran diferentes, pero aun as\u00ed cooperaron, unidos contra un enemigo com\u00fan\u00bb, dijo Kuhn en una reciente entrevista con Xinhua.<\/span><\/p>\n<\/p>\n<p><span class=\"text1noticias\">   El di\u00e1logo se produjo en el marco del 75\u00ba aniversario de la Guerra de Resistencia del Pueblo Chino contra la Agresi\u00f3n Japonesa y de la Guerra Mundial Antifascista.<\/span><\/p>\n<\/p>\n<p><span class=\"text1noticias\">   \u00abPara China, la batalla en su suelo fue existencial: su pa\u00eds invadido, parcialmente ocupado y sufriendo horrores indescriptibles. Para EE. UU., la batalla en suelo chino significaba que fuerzas y recursos japoneses estaban distra\u00eddos en otro frente, reduciendo la capacidad de Jap\u00f3n para librar una guerra en contra del pa\u00eds norteamericano y sus intereses en el teatro del Pac\u00edfico\u00bb, record\u00f3 Kuhn.<\/span><\/p>\n<\/p>\n<p><span class=\"text1noticias\">   Sostuvo que \u00abes un momento propicio para reflexionar sobre el pasado a fin de comprender mejor el presente y planificar mejor el futuro\u00bb.<\/span><\/p>\n<\/p>\n<p><span class=\"text1noticias\">   \u00abTal reflexi\u00f3n parece especialmente importante hoy d\u00eda porque, lamentablemente, EE. UU. y China, las dos econom\u00edas m\u00e1s grandes del mundo, se han movido (&#8230;) de ser colaboradores a competidores, y algunos ahora llaman a EE. UU. y China adversarios; un descenso a un juego de suma cero hostil y peligroso\u00bb, explic\u00f3.<\/span><\/p>\n<\/p>\n<p><span class=\"text1noticias\">   En su opini\u00f3n, \u00absi lo que necesitamos son enemigos comunes, EE. UU. y China ya los tienen en abundancia. No se trata de soldados en marcha, pero son igual de peligrosos y mortales: pandemias, cambio clim\u00e1tico, pobreza mundial, desigualdades en el mundo, terrorismo, crimen organizado, guerras y amenazas de guerra en numerosos lugares\u00bb.<\/span><\/p>\n<\/p>\n<p><span class=\"text1noticias\">   \u00abDicho esto, mientras aprecio las lecciones que se pueden aprender de la historia, tambi\u00e9n creo, para advertir una posici\u00f3n opuesta, que las lecciones de la historia tienen un valor limitado hoy\u00bb, reclam\u00f3.<\/span><\/p>\n<\/p>\n<p><span class=\"text1noticias\">   El acad\u00e9mico hizo esta reflexi\u00f3n: \u00abNuestra \u00e9poca es \u00fanica. Por m\u00faltiples razones, especialmente debido a la comunicaci\u00f3n global instant\u00e1nea, nuestras condiciones geopol\u00edticas son sui g\u00e9neris, \u00fanicas, nunca antes vistas, lo que deber\u00eda darnos una pausa para reflexionar antes de reaccionar\u00bb.<\/span><\/p>\n<\/p>\n<p><span class=\"text1noticias\">   \u00abLa carga recae sobre nosotros, en especial en los liderazgos de EE. UU. y China, para encontrar la senda correcta por la que los dos grandes pa\u00edses y sus pueblos puedan caminar en paz y armon\u00eda, con honestidad, dignidad y respeto mutuo\u00bb, concluy\u00f3. Fin<\/span><\/p>\n<h6> 2020-09-03 11:22:03 <\/h6>\n<p><!--\n<link rel=\"stylesheet\" href=\"css\/bootstrap.min.css\">\n\n\n<ul class=\"pagination\">\n\t    \n\t\n\n<li >\n\t<a href='?page_no=249'>Previous<\/a>\n\t<\/li>\n\n\n       \n    \n\n<li><a href='?page_no=1'>1<\/a><\/li>\n\n\n\n<li><a href='?page_no=2'>2<\/a><\/li>\n\n\n\n<li><a>...<\/a><\/li>\n\n\n\n<li><a href='?page_no=248'>248<\/a><\/li>\n\n\n\n<li><a href='?page_no=249'>249<\/a><\/li>\n\n\n\n<li class='active'><a>250<\/a><\/li>\n\n\n\n<li><a href='?page_no=251'>251<\/a><\/li>\n\n\n\n<li><a href='?page_no=252'>252<\/a><\/li>\n\n\n\n<li><a>...<\/a><\/li>\n\n\n\n<li><a href='?page_no=22911'>22911<\/a><\/li>\n\n\n\n<li><a href='?page_no=22912'>22912<\/a><\/li>\n\n    \n\t\n\n<li >\n\t<a href='?page_no=251'>Next<\/a>\n\t<\/li>\n\n\n    \n\n<li><a href='?page_no=22912'>Last &rsaquo;&rsaquo;<\/a><\/li>\n\n<\/ul>\n\n\n--><br \/>\n<\/body><\/p>\n","protected":false},"excerpt":{"rendered":"<p>diariodominicano.com WASHINGTON, 3 sep (Xinhua) &#8212; El renombrado intelectual estadounidense Robert Lawrence Kuhn dio \u00e9nfasis a la cooperaci\u00f3n entre Estados Unidos y China durante la Segunda Guerra Mundial, a pesar de que los intereses de ambos eran diferentes en ese entonces. \u00abLo que vale la pena recordar sobre la cooperaci\u00f3n entre EE. UU. y China [&hellip;]<\/p>\n","protected":false},"author":3,"featured_media":0,"comment_status":"open","ping_status":"open","sticky":false,"template":"","format":"standard","meta":{"footnotes":""},"categories":[21],"tags":[],"class_list":["post-49907","post","type-post","status-publish","format-standard","hentry","category-cultura"],"_links":{"self":[{"href":"https:\/\/diariodominicano.com\/index.php?rest_route=\/wp\/v2\/posts\/49907","targetHints":{"allow":["GET"]}}],"collection":[{"href":"https:\/\/diariodominicano.com\/index.php?rest_route=\/wp\/v2\/posts"}],"about":[{"href":"https:\/\/diariodominicano.com\/index.php?rest_route=\/wp\/v2\/types\/post"}],"author":[{"embeddable":true,"href":"https:\/\/diariodominicano.com\/index.php?rest_route=\/wp\/v2\/users\/3"}],"replies":[{"embeddable":true,"href":"https:\/\/diariodominicano.com\/index.php?rest_route=%2Fwp%2Fv2%2Fcomments&post=49907"}],"version-history":[{"count":0,"href":"https:\/\/diariodominicano.com\/index.php?rest_route=\/wp\/v2\/posts\/49907\/revisions"}],"wp:attachment":[{"href":"https:\/\/diariodominicano.com\/index.php?rest_route=%2Fwp%2Fv2%2Fmedia&parent=49907"}],"wp:term":[{"taxonomy":"category","embeddable":true,"href":"https:\/\/diariodominicano.com\/index.php?rest_route=%2Fwp%2Fv2%2Fcategories&post=49907"},{"taxonomy":"post_tag","embeddable":true,"href":"https:\/\/diariodominicano.com\/index.php?rest_route=%2Fwp%2Fv2%2Ftags&post=49907"}],"curies":[{"name":"wp","href":"https:\/\/api.w.org\/{rel}","templated":true}]}}