{"id":49906,"date":"2020-11-23T09:33:46","date_gmt":"2020-11-23T09:33:46","guid":{"rendered":"http:\/\/diariodominicano.ddns.net\/?p=49906"},"modified":"2020-11-23T09:33:46","modified_gmt":"2020-11-23T09:33:46","slug":"rechazan-en-dominicana-texto-docente-ofensivo-a-tres-paises","status":"publish","type":"post","link":"https:\/\/diariodominicano.com\/?p=49906","title":{"rendered":"&#13;Rechazan en Dominicana texto docente ofensivo a tres pa\u00edses"},"content":{"rendered":"<p><body><\/p>\n<p><span class=\"text1noticias\"> <\/span><\/p>\n<p><span class=\"text1noticias\">diariodominicano.com<\/span><\/p>\n<p><span class=\"text1noticias\"> <\/span><\/p>\n<p><span class=\"text1noticias\">Santo Domingo, 23 nov (Prensa Latina) Varios sectores de la sociedad dominicana rechazan la distribuci\u00f3n por el Ministerio de Educaci\u00f3n (Minerd) de un cuadernillo para estudiantes de sexto grado que aborda contenidos falsos sobre Cuba, Venezuela y Nicaragua.<\/span><\/p>\n<p><span class=\"text1noticias\"> <\/span><\/p>\n<p><span class=\"text1noticias\">Entre esas fuerzas se encuentra la corriente magisterial Juan Pablo Duarte, la cual solicit\u00f3 al ministro del sector, Roberto Fulcar, modificar el mencionado texto por abordar contenidos de historia alejados del rigor educativo dominicano y contener criterios falsos de la realidad en las mencionadas naciones.<\/span><\/p>\n<p><span class=\"text1noticias\"> <\/span><\/p>\n<p><span class=\"text1noticias\">Tambi\u00e9n la Asociaci\u00f3n Dominicana de Profesores, polit\u00f3logos e historiadores llamaron a las autoridades del Minerd a revisar y retirar el cuadernillo de marras, el cual, se\u00f1alan, expone infundadas acusaciones contra los gobiernos de los tres pa\u00edses en cuesti\u00f3n, provenientes de fuentes sin cr\u00e9dito y enemigas de esos pueblos.<\/span><\/p>\n<p><span class=\"text1noticias\"> <\/span><\/p>\n<p><span class=\"text1noticias\">Seg\u00fan medios de prensa, Estados Unidos, a trav\u00e9s de su Agencia para el Desarrollo Internacional, efectu\u00f3 la donaci\u00f3n de esos materiales.<\/span><\/p>\n<p><span class=\"text1noticias\"> <\/span><\/p>\n<p><span class=\"text1noticias\">En tanto, el Fondo de las Naciones Unidas para la Infancia se\u00f1al\u00f3 que ese \u00f3rgano apoy\u00f3 con los textos desde preprimaria hasta primer ciclo de secundaria, no con el se\u00f1alado de sexto grado.<\/span><\/p>\n<p><span class=\"text1noticias\"> <\/span><\/p>\n<p><span class=\"text1noticias\">Lo cierto es que el material did\u00e1ctico contiene contenidos ofensivos y discriminatorios, los cuales, seg\u00fan el jurista Ram\u00f3n Antonio Veras, buscan confundir y enga\u00f1ar a la juventud dominicana y de una forma malintencionada adoctrinarla contra la pol\u00edtica interna de pa\u00edses con los cuales el gobierno dominicano mantiene relaciones.<\/span><\/p>\n<p><span class=\"text1noticias\"> <\/span><\/p>\n<p><span class=\"text1noticias\">Aunque para algunos resulta extra\u00f1o que las principales autoridades del Minerd hayan dado luz verde a ese tipo de materiales, se esperan sus pronunciamientos y, m\u00e1s que todo, sean sacados de circulaci\u00f3n para corregirlos y ajustarlos a la verdad.<\/span><\/p>\n<p><span class=\"text1noticias\"> <\/span><\/p>\n<p>jf\/ema<\/p>\n<h6> 2020-11-23 09:33:46 <\/h6>\n<p><!--\n<link rel=\"stylesheet\" href=\"css\/bootstrap.min.css\">\n\n\n<ul class=\"pagination\">\n\t    \n\t\n\n<li >\n\t<a href='?page_no=24'>Previous<\/a>\n\t<\/li>\n\n\n       \n    \n\n<li><a href='?page_no=1'>1<\/a><\/li>\n\n\n\n<li><a href='?page_no=2'>2<\/a><\/li>\n\n\n\n<li><a>...<\/a><\/li>\n\n\n\n<li><a href='?page_no=23'>23<\/a><\/li>\n\n\n\n<li><a href='?page_no=24'>24<\/a><\/li>\n\n\n\n<li class='active'><a>25<\/a><\/li>\n\n\n\n<li><a href='?page_no=26'>26<\/a><\/li>\n\n\n\n<li><a href='?page_no=27'>27<\/a><\/li>\n\n\n\n<li><a>...<\/a><\/li>\n\n\n\n<li><a href='?page_no=22911'>22911<\/a><\/li>\n\n\n\n<li><a href='?page_no=22912'>22912<\/a><\/li>\n\n    \n\t\n\n<li >\n\t<a href='?page_no=26'>Next<\/a>\n\t<\/li>\n\n\n    \n\n<li><a href='?page_no=22912'>Last &rsaquo;&rsaquo;<\/a><\/li>\n\n<\/ul>\n\n\n--><br \/>\n<\/body><\/p>\n","protected":false},"excerpt":{"rendered":"<p>diariodominicano.com Santo Domingo, 23 nov (Prensa Latina) Varios sectores de la sociedad dominicana rechazan la distribuci\u00f3n por el Ministerio de Educaci\u00f3n (Minerd) de un cuadernillo para estudiantes de sexto grado que aborda contenidos falsos sobre Cuba, Venezuela y Nicaragua. Entre esas fuerzas se encuentra la corriente magisterial Juan Pablo Duarte, la cual solicit\u00f3 al ministro [&hellip;]<\/p>\n","protected":false},"author":3,"featured_media":0,"comment_status":"open","ping_status":"open","sticky":false,"template":"","format":"standard","meta":{"footnotes":""},"categories":[21],"tags":[],"class_list":["post-49906","post","type-post","status-publish","format-standard","hentry","category-cultura"],"_links":{"self":[{"href":"https:\/\/diariodominicano.com\/index.php?rest_route=\/wp\/v2\/posts\/49906","targetHints":{"allow":["GET"]}}],"collection":[{"href":"https:\/\/diariodominicano.com\/index.php?rest_route=\/wp\/v2\/posts"}],"about":[{"href":"https:\/\/diariodominicano.com\/index.php?rest_route=\/wp\/v2\/types\/post"}],"author":[{"embeddable":true,"href":"https:\/\/diariodominicano.com\/index.php?rest_route=\/wp\/v2\/users\/3"}],"replies":[{"embeddable":true,"href":"https:\/\/diariodominicano.com\/index.php?rest_route=%2Fwp%2Fv2%2Fcomments&post=49906"}],"version-history":[{"count":0,"href":"https:\/\/diariodominicano.com\/index.php?rest_route=\/wp\/v2\/posts\/49906\/revisions"}],"wp:attachment":[{"href":"https:\/\/diariodominicano.com\/index.php?rest_route=%2Fwp%2Fv2%2Fmedia&parent=49906"}],"wp:term":[{"taxonomy":"category","embeddable":true,"href":"https:\/\/diariodominicano.com\/index.php?rest_route=%2Fwp%2Fv2%2Fcategories&post=49906"},{"taxonomy":"post_tag","embeddable":true,"href":"https:\/\/diariodominicano.com\/index.php?rest_route=%2Fwp%2Fv2%2Ftags&post=49906"}],"curies":[{"name":"wp","href":"https:\/\/api.w.org\/{rel}","templated":true}]}}