{"id":499057,"date":"2024-01-05T12:36:53","date_gmt":"2024-01-05T16:36:53","guid":{"rendered":"https:\/\/diariodominicano.com\/?p=499057"},"modified":"2024-01-05T12:36:53","modified_gmt":"2024-01-05T16:36:53","slug":"banco-de-haiti-enfrenta-falta-de-empleados-para-operar-en-sus-dependencias","status":"publish","type":"post","link":"https:\/\/diariodominicano.com\/?p=499057","title":{"rendered":"Banco de Hait\u00ed enfrenta falta de empleados para operar en sus dependencias"},"content":{"rendered":"\n<p>diariodominicano.com<\/p>\n\n\n\n<p>Puerto Pr\u00edncipe, 5 ene (Prensa Latina) El Banco de la Rep\u00fablica de Hait\u00ed suma hoy otro problema, la falta de recursos humanos para operar en sus dependencias debido a la inseguridad reinante en el pa\u00eds caribe\u00f1o.<\/p>\n\n\n\n<div class=\"wp-block-image\"><figure class=\"alignleft size-large is-resized\"><img decoding=\"async\" src=\"https:\/\/diariodominicano.com\/wp-content\/uploads\/2024\/01\/Haiti-Ronald_Gabriel-5-1-24-819x1024.jpg\" alt=\"\" class=\"wp-image-499059\" width=\"-280\" height=\"-349\" srcset=\"https:\/\/diariodominicano.com\/wp-content\/uploads\/2024\/01\/Haiti-Ronald_Gabriel-5-1-24-819x1024.jpg 819w, https:\/\/diariodominicano.com\/wp-content\/uploads\/2024\/01\/Haiti-Ronald_Gabriel-5-1-24-240x300.jpg 240w, https:\/\/diariodominicano.com\/wp-content\/uploads\/2024\/01\/Haiti-Ronald_Gabriel-5-1-24-768x960.jpg 768w, https:\/\/diariodominicano.com\/wp-content\/uploads\/2024\/01\/Haiti-Ronald_Gabriel-5-1-24-816x1020.jpg 816w, https:\/\/diariodominicano.com\/wp-content\/uploads\/2024\/01\/Haiti-Ronald_Gabriel-5-1-24.jpg 1024w\" sizes=\"(max-width: 819px) 100vw, 819px\" \/><\/figure><\/div>\n\n\n\n<p>El m\u00e1ximo responsable de la instituci\u00f3n, Ronald Gabriel, culp\u00f3 directamente a los grupos armados de tal situaci\u00f3n, aunque admiti\u00f3 que los salarios siguen sin satisfacer a los trabajadores y estos buscan opciones laborales m\u00e1s atractivas.<\/p>\n\n\n\n<p>Gabriel- en el programa Le Rendez-vous \u00e9conomique-explic\u00f3 que el primer d\u00e9ficit reside en el capital humano, pues m\u00e1s de 243 importantes ejecutivos abandonaron la industria bancaria, sin contar con los que pertenecen a la sede del Banco de la Rep\u00fablica de Hait\u00ed.<\/p>\n\n\n\n<p>Un caso cr\u00edtico -resalt\u00f3- fue en uno de los bancos comerciales que perdi\u00f3 casi el 25 por ciento de sus empleados.<\/p>\n\n\n\n<p>La banca tambi\u00e9n sufre una escasez importante de d\u00f3lares en efectivo en el mercado formal, de ah\u00ed que la situaci\u00f3n provoca que las sucursales impongan l\u00edmites a la extracci\u00f3n de la moneda estadounidense, lo cual causa frustraciones en los clientes.<\/p>\n\n\n\n<p>Las autoridades recomendaron a los clientes a utilizar otros medios como cheques, transferencias y pagos electr\u00f3nicos mientras la situaci\u00f3n se normaliza.<\/p>\n\n\n\n<p>mem\/joe<\/p>\n\n\n\n<p><\/p>\n","protected":false},"excerpt":{"rendered":"<p>diariodominicano.com Puerto Pr\u00edncipe, 5 ene (Prensa Latina) El Banco de la Rep\u00fablica de Hait\u00ed suma hoy otro problema, la falta de recursos humanos para operar en sus dependencias debido a la inseguridad reinante en el pa\u00eds caribe\u00f1o. El m\u00e1ximo responsable de la instituci\u00f3n, Ronald Gabriel, culp\u00f3 directamente a los grupos armados de tal situaci\u00f3n, aunque [&hellip;]<\/p>\n","protected":false},"author":5,"featured_media":499058,"comment_status":"closed","ping_status":"","sticky":true,"template":"","format":"standard","meta":{"footnotes":""},"categories":[112,23,27],"tags":[],"class_list":["post-499057","post","type-post","status-publish","format-standard","has-post-thumbnail","hentry","category-haiti","category-internacional","category-portada"],"_links":{"self":[{"href":"https:\/\/diariodominicano.com\/index.php?rest_route=\/wp\/v2\/posts\/499057","targetHints":{"allow":["GET"]}}],"collection":[{"href":"https:\/\/diariodominicano.com\/index.php?rest_route=\/wp\/v2\/posts"}],"about":[{"href":"https:\/\/diariodominicano.com\/index.php?rest_route=\/wp\/v2\/types\/post"}],"author":[{"embeddable":true,"href":"https:\/\/diariodominicano.com\/index.php?rest_route=\/wp\/v2\/users\/5"}],"replies":[{"embeddable":true,"href":"https:\/\/diariodominicano.com\/index.php?rest_route=%2Fwp%2Fv2%2Fcomments&post=499057"}],"version-history":[{"count":1,"href":"https:\/\/diariodominicano.com\/index.php?rest_route=\/wp\/v2\/posts\/499057\/revisions"}],"predecessor-version":[{"id":499062,"href":"https:\/\/diariodominicano.com\/index.php?rest_route=\/wp\/v2\/posts\/499057\/revisions\/499062"}],"wp:featuredmedia":[{"embeddable":true,"href":"https:\/\/diariodominicano.com\/index.php?rest_route=\/wp\/v2\/media\/499058"}],"wp:attachment":[{"href":"https:\/\/diariodominicano.com\/index.php?rest_route=%2Fwp%2Fv2%2Fmedia&parent=499057"}],"wp:term":[{"taxonomy":"category","embeddable":true,"href":"https:\/\/diariodominicano.com\/index.php?rest_route=%2Fwp%2Fv2%2Fcategories&post=499057"},{"taxonomy":"post_tag","embeddable":true,"href":"https:\/\/diariodominicano.com\/index.php?rest_route=%2Fwp%2Fv2%2Ftags&post=499057"}],"curies":[{"name":"wp","href":"https:\/\/api.w.org\/{rel}","templated":true}]}}