{"id":49895,"date":"2020-09-04T07:35:21","date_gmt":"2020-09-04T07:35:21","guid":{"rendered":"http:\/\/diariodominicano.ddns.net\/?p=49895"},"modified":"2020-09-04T07:35:21","modified_gmt":"2020-09-04T07:35:21","slug":"el-dia-que-el-ejercito-espanol-movilizo-tres-mil-hombres-desde-puerto-plata-con-el-fin-de-sacar-a-los-restauradores-del-fuerte-san-luis","status":"publish","type":"post","link":"https:\/\/diariodominicano.com\/?p=49895","title":{"rendered":"El d\u00eda que el Ej\u00e9rcito espa\u00f1ol moviliz\u00f3 tres mil hombres desde Puerto Plata con el fin de sacar a los restauradores del Fuerte San Luis&#13;"},"content":{"rendered":"<p><body><\/p>\n<p><img decoding=\"async\" src=\"img3\/san luis archivo.jpg\" \/>  <\/p>\n<p><strong><span class=\"text1noticias\">Diariodominicano.com<\/span><\/strong><\/p>\n<p><strong><span class=\"text1noticias\">El Fuerte San Luis, en Santiago, luego Fortaleza San Luis, era el s\u00edmbolo del Gobierno Espa\u00f1ol de la Anexi\u00f3n en el Cibao<\/span><\/strong><\/p>\n<\/p>\n<p><strong>El Fuerte San Luis, en Santiago, era el s\u00edmbolo del Gobierno Espa\u00f1ol de la Anexi\u00f3n en el Cibao<\/strong><\/p>\n<p><strong><span class=\"text1noticias\">El d\u00eda que el Ej\u00e9rcito espa\u00f1ol moviliz\u00f3 tres mil hombres desde Puerto Plata con el fin de sacar a los restauradores del Fuerte San Luis<\/span><\/strong><\/p>\n<\/p>\n<p><strong><span class=\"text1noticias\">Manuel Cappa al mando de un Ej\u00e9rcito de tres mil hombres ten\u00eda el prop\u00f3sito de atacar a los restauradores para que abandonaran el \u00e1rea pr\u00f3xima  a  la Fortaleza San Luis.<\/span><\/strong><\/p>\n<\/p>\n<p><strong><span class=\"text1noticias\">Por H\u00e9ctor Tineo Nolasco<\/span><\/strong><\/p>\n<p><strong><span class=\"text1noticias\">Diariodominicano.com<\/span><\/strong><\/p>\n<\/p>\n<p><strong><span class=\"text1noticias\">SANTO DOMINGO, el 4 de septiembre de 1863,<\/span><\/strong><span class=\"text1noticias\"> el Coronel Manuel Cappa, del Ej\u00e9rcito espa\u00f1ol del Gobierno de la Anexi\u00f3n, inici\u00f3 su marcha a Santiago de los Caballeros, donde los restauradores manten\u00edan sitiadas en la Fortaleza San Luis, a las tropas espa\u00f1olas que desalojaron  de El Fuerte del Castillo.       <\/span><\/p>\n<p><span class=\"text1noticias\">                                                                                                                                                     <\/span><\/p>\n<p><span class=\"text1noticias\">  \tManuel Cappa al mando de un Ej\u00e9rcito de tres mil hombres ten\u00eda el prop\u00f3sito de atacar a los restauradores para que abandonaran el \u00e1rea pr\u00f3xima  a  la Fortaleza San Luis.<\/span><\/p>\n<\/p>\n<p><span class=\"text1noticias\">   \t<strong>Cada uno de los tres mil soldados comandados por el Coronel  Cappa ten\u00eda raciones para tres d\u00edas, \u00abcon cinco paquetes de cartuchos por plaza, y una ac\u00e9mila por compa\u00f1\u00eda cargada de municiones de reserva, dejando una peque\u00f1a guarnici\u00f3n en el fuerte de San Felipe a las \u00f3rdenes del comandante Campillo\u00bb.<\/strong><\/span><\/p>\n<\/p>\n<p><span class=\"text1noticias\">      El historiador Jos\u00e9 Gabriel Garc\u00eda refiere que  Cappa, lleg\u00f3  a la estancia del General Suero a las cinco de la tarde del d\u00eda 4 de septiembre, donde pernoct\u00f3 rindiendo la jornada del d\u00eda 5 en El Lim\u00f3n.<\/span><\/p>\n<\/p>\n<p><span class=\"text1noticias\">   \t<strong>El  mismo d\u00eda 5 de septiembre   de 1863, el Coronel  Cappa y sus tropas lograron abrirse paso cuando fueron  emboscados por  restauradores en Hojas Anchas, en el punto   del r\u00edo Bajabonico  y en la Cuesta del Balazo.<\/strong><\/span><\/p>\n<\/p>\n<p><span class=\"text1noticias\">    El hecho de que los restauradores fueran menos en n\u00famero les posibilit\u00f3 a los espa\u00f1oles enfrentar con \u00e9xito a los criollos y continuar su marcha a Santiago de los Caballeros.<\/span><\/p>\n<\/p>\n<p><span class=\"text1noticias\">   <strong> El  d\u00eda 2 de septiembre de 1863  el general Juan Suero y el coronel  Cappa,  permanecieron en Puerto Plata, dando los toques finales a la organizaci\u00f3n de la columna que llevar\u00edan a Santiago de los Caballeros para combatir a los restauradores, quienes el d\u00eda 1 de septiembre derrotaron a los espa\u00f1oles en varios combates y los sitiaron en la Fortaleza San Luis.<\/strong><\/span><\/p>\n<\/p>\n<p><span class=\"text1noticias\">   Al  enterarse de los hechos del d\u00eda 31 de agosto de 1863,    el  general  Juan Suero y el Coronel Cappa, decidieron organizar una columna compuesta de mil 800 hombres para ir en auxilio de las tropas espa\u00f1olas que se encontraban sitiada en El Fuerte de San Luis. Al final lograron formar una columna de tres mil hombres.<\/span><\/p>\n<p><span class=\"text1noticias\">    Sin embargo, no lograron su objetivo,  porque al llegar  a Hojas Anchas, cerca de Bajabonico, el 1 de septiembre de 1863, \u00abun pu\u00f1ado de patriotas al mando de Juan Nouesit, estableci\u00f3 una emboscada que caus\u00f3 grandes bajas en el enemigo, oblig\u00e1ndolo a replegarse a Puerto Plata\u00bb.<\/span><\/p>\n<p><span class=\"text1noticias\">   El informe militar precisa que al terminar el combate, el Coronel Juan Nouesit (Lafit)  dispuso que la zona de Las Hojas Anchas, quedara al mando del teniente Juan Bautista Laour.<\/span><\/p>\n<\/p>\n<\/p>\n<\/p>\n<h6> 2020-09-04 07:35:21 <\/h6>\n<p><!--\n<link rel=\"stylesheet\" href=\"css\/bootstrap.min.css\">\n\n\n<ul class=\"pagination\">\n\t    \n\t\n\n<li >\n\t<a href='?page_no=248'>Previous<\/a>\n\t<\/li>\n\n\n       \n    \n\n<li><a href='?page_no=1'>1<\/a><\/li>\n\n\n\n<li><a href='?page_no=2'>2<\/a><\/li>\n\n\n\n<li><a>...<\/a><\/li>\n\n\n\n<li><a href='?page_no=247'>247<\/a><\/li>\n\n\n\n<li><a href='?page_no=248'>248<\/a><\/li>\n\n\n\n<li class='active'><a>249<\/a><\/li>\n\n\n\n<li><a href='?page_no=250'>250<\/a><\/li>\n\n\n\n<li><a href='?page_no=251'>251<\/a><\/li>\n\n\n\n<li><a>...<\/a><\/li>\n\n\n\n<li><a href='?page_no=22911'>22911<\/a><\/li>\n\n\n\n<li><a href='?page_no=22912'>22912<\/a><\/li>\n\n    \n\t\n\n<li >\n\t<a href='?page_no=250'>Next<\/a>\n\t<\/li>\n\n\n    \n\n<li><a href='?page_no=22912'>Last &rsaquo;&rsaquo;<\/a><\/li>\n\n<\/ul>\n\n\n--><br \/>\n<\/body><\/p>\n","protected":false},"excerpt":{"rendered":"<p>Diariodominicano.com El Fuerte San Luis, en Santiago, luego Fortaleza San Luis, era el s\u00edmbolo del Gobierno Espa\u00f1ol de la Anexi\u00f3n en el Cibao El Fuerte San Luis, en Santiago, era el s\u00edmbolo del Gobierno Espa\u00f1ol de la Anexi\u00f3n en el Cibao El d\u00eda que el Ej\u00e9rcito espa\u00f1ol moviliz\u00f3 tres mil hombres desde Puerto Plata con [&hellip;]<\/p>\n","protected":false},"author":3,"featured_media":0,"comment_status":"open","ping_status":"open","sticky":false,"template":"","format":"standard","meta":{"footnotes":""},"categories":[21],"tags":[],"class_list":["post-49895","post","type-post","status-publish","format-standard","hentry","category-cultura"],"_links":{"self":[{"href":"https:\/\/diariodominicano.com\/index.php?rest_route=\/wp\/v2\/posts\/49895","targetHints":{"allow":["GET"]}}],"collection":[{"href":"https:\/\/diariodominicano.com\/index.php?rest_route=\/wp\/v2\/posts"}],"about":[{"href":"https:\/\/diariodominicano.com\/index.php?rest_route=\/wp\/v2\/types\/post"}],"author":[{"embeddable":true,"href":"https:\/\/diariodominicano.com\/index.php?rest_route=\/wp\/v2\/users\/3"}],"replies":[{"embeddable":true,"href":"https:\/\/diariodominicano.com\/index.php?rest_route=%2Fwp%2Fv2%2Fcomments&post=49895"}],"version-history":[{"count":0,"href":"https:\/\/diariodominicano.com\/index.php?rest_route=\/wp\/v2\/posts\/49895\/revisions"}],"wp:attachment":[{"href":"https:\/\/diariodominicano.com\/index.php?rest_route=%2Fwp%2Fv2%2Fmedia&parent=49895"}],"wp:term":[{"taxonomy":"category","embeddable":true,"href":"https:\/\/diariodominicano.com\/index.php?rest_route=%2Fwp%2Fv2%2Fcategories&post=49895"},{"taxonomy":"post_tag","embeddable":true,"href":"https:\/\/diariodominicano.com\/index.php?rest_route=%2Fwp%2Fv2%2Ftags&post=49895"}],"curies":[{"name":"wp","href":"https:\/\/api.w.org\/{rel}","templated":true}]}}