{"id":498744,"date":"2024-01-04T03:37:44","date_gmt":"2024-01-04T07:37:44","guid":{"rendered":"https:\/\/diariodominicano.com\/?p=498744"},"modified":"2024-01-04T03:37:44","modified_gmt":"2024-01-04T07:37:44","slug":"candidata-a-regidora-del-prm-denuncia-estado-de-abandono-de-los-barrios-de-sdn","status":"publish","type":"post","link":"https:\/\/diariodominicano.com\/?p=498744","title":{"rendered":"Candidata a regidora del PRM denuncia estado de abandono de los barrios de SDN"},"content":{"rendered":"\n<p>EL NUEVO DIARIO, SANTO DOMINGO.- La candidata a regidora del Partido Revolucionario Moderno (PRM) por Santo Domingo Norte, Adalgisa Nu\u00f1ez, denunci\u00f3 el abandono en que se encuentran sumidos los barrios que integran ese municipio.<\/p>\n\n\n\n<p>Nu\u00f1ez, dijo que el municipio presenta un deterioro de los servicios que corresponden a la alcald\u00eda, entre estos la recogida de la basura y la falta de inversi\u00f3n en pol\u00edticas p\u00fablicas.<\/p>\n\n\n\n<p>\u201cEn Santo Domingo Norte prevalece la desigualdad social, la deficiencia en la recogida de la basura y no se invierte en pol\u00edticas p\u00fablicas, as\u00ed como en las mujeres y la juventud\u201d, signific\u00f3. &nbsp;<\/p>\n\n\n\n<p>La dirigente del Partido Revolucionario Moderno (PRM), habl\u00f3 sobre estos temas al ser entrevistada por los comunicadores,&nbsp;Doclar Castillo, Mois\u00e9s Ruiz y Janssen Valdez, en el programa \u201cEnfrentados\u201d, transmitido por la plataforma digital El Nuevo Diario TV.<\/p>\n\n\n\n<p>Destac\u00f3 adem\u00e1s, que Santo Domingo Norte es el tercer municipio m\u00e1s grande del pa\u00eds, que cuenta con tres regiones como son; Guaricano, Villa Mella Norte y Villa Mella Sur, entre otras.<\/p>\n\n\n\n<p>La dirigente pol\u00edtica, se\u00f1al\u00f3 que desde muy peque\u00f1a se sinti\u00f3 motivada y preocupada por los problemas de las comunidades que representa, decidiendo trabajar por la juventud.<\/p>\n\n\n\n<p>\u201cFue as\u00ed cuando pude hacer incidencia en los problemas que ata\u00f1en a los j\u00f3venes y luego a trav\u00e9s de la junta de vecinos y algunas ONG que trabajan contra la pobreza y la desigualdad social\u201d, sostuvo.<\/p>\n\n\n\n<p>\u201cSoy de una familia seguidora del extinto l\u00edder Jos\u00e9 Francisco Pena G\u00f3mez por lo que decid\u00ed trabajar en el PRM como una forma de propiciar cambios en la forma de vida de la gente\u201d, puntualiz\u00f3.&nbsp;<\/p>\n","protected":false},"excerpt":{"rendered":"<p>EL NUEVO DIARIO, SANTO DOMINGO.- La candidata a regidora del Partido Revolucionario Moderno (PRM) por Santo Domingo Norte, Adalgisa Nu\u00f1ez, denunci\u00f3 el abandono en que se encuentran sumidos los barrios que integran ese municipio. Nu\u00f1ez, dijo que el municipio presenta un deterioro de los servicios que corresponden a la alcald\u00eda, entre estos la recogida de [&hellip;]<\/p>\n","protected":false},"author":7,"featured_media":498771,"comment_status":"closed","ping_status":"","sticky":true,"template":"","format":"standard","meta":{"footnotes":""},"categories":[22,27],"tags":[],"class_list":["post-498744","post","type-post","status-publish","format-standard","has-post-thumbnail","hentry","category-politica","category-portada"],"_links":{"self":[{"href":"https:\/\/diariodominicano.com\/index.php?rest_route=\/wp\/v2\/posts\/498744","targetHints":{"allow":["GET"]}}],"collection":[{"href":"https:\/\/diariodominicano.com\/index.php?rest_route=\/wp\/v2\/posts"}],"about":[{"href":"https:\/\/diariodominicano.com\/index.php?rest_route=\/wp\/v2\/types\/post"}],"author":[{"embeddable":true,"href":"https:\/\/diariodominicano.com\/index.php?rest_route=\/wp\/v2\/users\/7"}],"replies":[{"embeddable":true,"href":"https:\/\/diariodominicano.com\/index.php?rest_route=%2Fwp%2Fv2%2Fcomments&post=498744"}],"version-history":[{"count":1,"href":"https:\/\/diariodominicano.com\/index.php?rest_route=\/wp\/v2\/posts\/498744\/revisions"}],"predecessor-version":[{"id":498772,"href":"https:\/\/diariodominicano.com\/index.php?rest_route=\/wp\/v2\/posts\/498744\/revisions\/498772"}],"wp:featuredmedia":[{"embeddable":true,"href":"https:\/\/diariodominicano.com\/index.php?rest_route=\/wp\/v2\/media\/498771"}],"wp:attachment":[{"href":"https:\/\/diariodominicano.com\/index.php?rest_route=%2Fwp%2Fv2%2Fmedia&parent=498744"}],"wp:term":[{"taxonomy":"category","embeddable":true,"href":"https:\/\/diariodominicano.com\/index.php?rest_route=%2Fwp%2Fv2%2Fcategories&post=498744"},{"taxonomy":"post_tag","embeddable":true,"href":"https:\/\/diariodominicano.com\/index.php?rest_route=%2Fwp%2Fv2%2Ftags&post=498744"}],"curies":[{"name":"wp","href":"https:\/\/api.w.org\/{rel}","templated":true}]}}