{"id":49873,"date":"2020-09-04T11:34:42","date_gmt":"2020-09-04T11:34:42","guid":{"rendered":"http:\/\/diariodominicano.ddns.net\/?p=49873"},"modified":"2020-09-04T11:34:42","modified_gmt":"2020-09-04T11:34:42","slug":"benedicto-xvi-es-el-papa-mas-anciano-de-la-historia","status":"publish","type":"post","link":"https:\/\/diariodominicano.com\/?p=49873","title":{"rendered":"Benedicto XVI es el Papa m\u00e1s anciano de la historia"},"content":{"rendered":"<p><body><\/p>\n<p><img decoding=\"async\" src=\"img3\/BenedictoXVI04092020.jpg\" \/>  <\/p>\n<p><span class=\"text1noticias\">diariodominicano.com<\/span><\/p>\n<\/p>\n<p><span class=\"text1noticias\">Redacci\u00f3n ACI Prensa<\/span><\/p>\n<p><span class=\"text1noticias\"> <\/span><\/p>\n<p><span class=\"text1noticias\">Vaticano, 4 de setiembre de 2020.- Desde hoy 4 de septiembre, Benedicto XVi es el Papa m\u00e1s anciano de la historia. <\/span><\/p>\n<p><span class=\"text1noticias\"> <\/span><\/p>\n<p><span class=\"text1noticias\">Hasta ahora Le\u00f3n XII era el Papa m\u00e1s longevo de la historia, sin embargo, hoy Benedicto XVI le ha superado con 93 a\u00f1os y 141 d\u00edas.<\/span><\/p>\n<p><span class=\"text1noticias\"> <\/span><\/p>\n<p><span class=\"text1noticias\">El Papa Le\u00f3n XIII naci\u00f3 en 1810 y falleci\u00f3 en Roma en 1903 y vivi\u00f3 93 a\u00f1os y 140 d\u00edas. Su papado dur\u00f3 25 a\u00f1os, y tan s\u00f3lo fue superado por P\u00edo IX, que estuvo al frente de la Iglesia durante 31 a\u00f1os, 7 meses  22 d\u00edas y San Juan Pablo II, que fue Papa durante 26 a\u00f1os, 5 meses y 18 d\u00edas.<\/span><\/p>\n<p><span class=\"text1noticias\"> <\/span><\/p>\n<p><span class=\"text1noticias\">El pontificado m\u00e1s coto fue el de Urbano VII, quien fue elegido Papa en el a\u00f1o 1590 y durante tan s\u00f3lo 13 d\u00edas.<\/span><\/p>\n<p><span class=\"text1noticias\"> <\/span><\/p>\n<p><span class=\"text1noticias\">Benedicto XVI naci\u00f3 el 16 de abril de 1927 en Markt am Inn, Baviera, Alemania.<\/span><\/p>\n<p><span class=\"text1noticias\"> <\/span><\/p>\n<p><span class=\"text1noticias\">Fue elegido pont\u00edfice cuando ten\u00eda 78 a\u00f1os y su papado dur\u00f3 8 a\u00f1os, desde 2005 hasta 2013. Desde hace 7 a\u00f1os se encuentra retirado en el monasterio Mater Ecclesiae en el interior del Vaticano. Es atendido por cuatro laicas consagradas de Comuni\u00f3n y Liberaci\u00f3n y por el prefecto de la Casa Pontificia y secretario personal Georg G\u00e4nswein.<\/span><\/p>\n<p><span class=\"text1noticias\"> <\/span><\/p>\n<p><span class=\"text1noticias\">La salud de Benedicto XVI siempre ha sido delicada. Seg\u00fan declar\u00f3 el escritor Peter Seewald el 3 de agosto de 2020 al diario Passaeuer Neue Press (PNP) el Papa em\u00e9rito estaba \u00abmuy fr\u00e1gil\u00bb de salud y sufr\u00eda erisipela facial, una infecci\u00f3n bacteriana de la piel que causa un sarpullido rojo y doloroso y se encontraba enfermo desde que visit\u00f3 en Alemania a su hemano antes de que falleciera el 1 de julio.<\/span><\/p>\n<p><span class=\"text1noticias\"> <\/span><\/p>\n<p><span class=\"text1noticias\">La Sala de Prensa de la Santa Sede indic\u00f3 el mismo 3 de agosto que la condici\u00f3n de Benedicto XVI \u00abno era particularmente preocupante\u00bb y que era una enfermedad \u00abdolorosa pero no grave\u00bb. <\/span><\/p>\n<p><span class=\"text1noticias\"> <\/span><\/p>\n<p><span class=\"text1noticias\">D\u00edas despu\u00e9s, el 11 de agosto, Mons. G\u00e4nswein declar\u00f3 la salud del Papa Em\u00e9rito Benedicto XVI estaba mejorando ya que \u00abla enfermedad estaba disminuyendo\u00bb y que causaba dolores que \u00abno desea ni a su peor<\/span> enemigo\u00bb. <\/p>\n<h6> 2020-09-04 11:34:42 <\/h6>\n<p><!--\n<link rel=\"stylesheet\" href=\"css\/bootstrap.min.css\">\n\n\n<ul class=\"pagination\">\n\t    \n\t\n\n<li >\n\t<a href='?page_no=246'>Previous<\/a>\n\t<\/li>\n\n\n       \n    \n\n<li><a href='?page_no=1'>1<\/a><\/li>\n\n\n\n<li><a href='?page_no=2'>2<\/a><\/li>\n\n\n\n<li><a>...<\/a><\/li>\n\n\n\n<li><a href='?page_no=245'>245<\/a><\/li>\n\n\n\n<li><a href='?page_no=246'>246<\/a><\/li>\n\n\n\n<li class='active'><a>247<\/a><\/li>\n\n\n\n<li><a href='?page_no=248'>248<\/a><\/li>\n\n\n\n<li><a href='?page_no=249'>249<\/a><\/li>\n\n\n\n<li><a>...<\/a><\/li>\n\n\n\n<li><a href='?page_no=22911'>22911<\/a><\/li>\n\n\n\n<li><a href='?page_no=22912'>22912<\/a><\/li>\n\n    \n\t\n\n<li >\n\t<a href='?page_no=248'>Next<\/a>\n\t<\/li>\n\n\n    \n\n<li><a href='?page_no=22912'>Last &rsaquo;&rsaquo;<\/a><\/li>\n\n<\/ul>\n\n\n--><br \/>\n<\/body><\/p>\n","protected":false},"excerpt":{"rendered":"<p>diariodominicano.com Redacci\u00f3n ACI Prensa Vaticano, 4 de setiembre de 2020.- Desde hoy 4 de septiembre, Benedicto XVi es el Papa m\u00e1s anciano de la historia. Hasta ahora Le\u00f3n XII era el Papa m\u00e1s longevo de la historia, sin embargo, hoy Benedicto XVI le ha superado con 93 a\u00f1os y 141 d\u00edas. El Papa Le\u00f3n XIII [&hellip;]<\/p>\n","protected":false},"author":3,"featured_media":0,"comment_status":"open","ping_status":"open","sticky":false,"template":"","format":"standard","meta":{"footnotes":""},"categories":[21],"tags":[],"class_list":["post-49873","post","type-post","status-publish","format-standard","hentry","category-cultura"],"_links":{"self":[{"href":"https:\/\/diariodominicano.com\/index.php?rest_route=\/wp\/v2\/posts\/49873","targetHints":{"allow":["GET"]}}],"collection":[{"href":"https:\/\/diariodominicano.com\/index.php?rest_route=\/wp\/v2\/posts"}],"about":[{"href":"https:\/\/diariodominicano.com\/index.php?rest_route=\/wp\/v2\/types\/post"}],"author":[{"embeddable":true,"href":"https:\/\/diariodominicano.com\/index.php?rest_route=\/wp\/v2\/users\/3"}],"replies":[{"embeddable":true,"href":"https:\/\/diariodominicano.com\/index.php?rest_route=%2Fwp%2Fv2%2Fcomments&post=49873"}],"version-history":[{"count":0,"href":"https:\/\/diariodominicano.com\/index.php?rest_route=\/wp\/v2\/posts\/49873\/revisions"}],"wp:attachment":[{"href":"https:\/\/diariodominicano.com\/index.php?rest_route=%2Fwp%2Fv2%2Fmedia&parent=49873"}],"wp:term":[{"taxonomy":"category","embeddable":true,"href":"https:\/\/diariodominicano.com\/index.php?rest_route=%2Fwp%2Fv2%2Fcategories&post=49873"},{"taxonomy":"post_tag","embeddable":true,"href":"https:\/\/diariodominicano.com\/index.php?rest_route=%2Fwp%2Fv2%2Ftags&post=49873"}],"curies":[{"name":"wp","href":"https:\/\/api.w.org\/{rel}","templated":true}]}}