{"id":498659,"date":"2024-01-03T18:52:39","date_gmt":"2024-01-03T22:52:39","guid":{"rendered":"https:\/\/diariodominicano.com\/?p=498659"},"modified":"2024-01-03T18:52:39","modified_gmt":"2024-01-03T22:52:39","slug":"candidato-a-diputado-jose-torres-la-verdadera-politica-no-se-trata-de-grupitos-ni-de-colores","status":"publish","type":"post","link":"https:\/\/diariodominicano.com\/?p=498659","title":{"rendered":"Candidato a diputado Jos\u00e9 Torres: \u201cla verdadera pol\u00edtica no se trata de grupitos, ni de colores\u201d"},"content":{"rendered":"\n<p>Candidato a diputado Jos\u00e9 Torres: \u201cla verdadera pol\u00edtica no se trata de grupitos, ni de colores\u201d\u00a0 \u00a0<\/p>\n\n\n\n<p>Santiago, RD. El candidato a diputado del Partido de la Liberaci\u00f3n Dominicana (PLD) por la circunscripci\u00f3n 3 de Santiago, Jos\u00e9 Torres, afirm\u00f3 que la verdadera pol\u00edtica es la que nos representa a todos, ya que no se trata de grupitos, ni de colores, sino de la gente y su progreso. <\/p>\n\n\n\n<p><br>\u00a0A trav\u00e9s de un audiovisual compartido en sus redes sociales, Torres indic\u00f3 que, en espec\u00edfico, la pol\u00edtica es de todos los que apuestan por un pa\u00eds m\u00e1s pr\u00f3spero y un mejor Santiago.\u00a0  <\/p>\n\n\n\n<p><br>\u00a0\u201cS\u00e9 que quieres un aliado en el Congreso y esa es la fuerza que nos mueve: tu futuro. El poder est\u00e1 en la gente\u201d, expres\u00f3 el candidato a diputado, al tiempo de alentar a los santiagueros a que voten por s\u00ed mismos y por su mejor\u00eda.\u00a0<br>\u201cLleg\u00f3 la hora de una verdadera representaci\u00f3n, una de calidad. Esa renovaci\u00f3n empieza contigo. Yo lo har\u00e9 contigo, por ti\u201d, concluy\u00f3 el tambi\u00e9n regidor m\u00e1s joven del pa\u00eds.\u00a0 <\/p>\n\n\n\n<p><br>\u00a0M\u00e1s sobre Jos\u00e9 Torres\u00a0<br>\u00a0Torres fue electo como el regidor m\u00e1s joven de la provincia de Santiago en la gesti\u00f3n 2020-2024, con 23 a\u00f1os. En la actualidad, funge como Subsecretario Nacional de Medioambiente y Recursos Naturales del PLD.\u00a0 <\/p>\n\n\n\n<p><br>\u00a0Es un profesional de la Diplomacia y Relaciones Internacionales, formado, adem\u00e1s, en la Comunicaci\u00f3n Pol\u00edtica Avanzada y la Econom\u00eda Verde: estrategias empresariales de sostenibilidad, entre otras \u00e1reas <\/p>\n","protected":false},"excerpt":{"rendered":"<p>Candidato a diputado Jos\u00e9 Torres: \u201cla verdadera pol\u00edtica no se trata de grupitos, ni de colores\u201d\u00a0 \u00a0 Santiago, RD. El candidato a diputado del Partido de la Liberaci\u00f3n Dominicana (PLD) por la circunscripci\u00f3n 3 de Santiago, Jos\u00e9 Torres, afirm\u00f3 que la verdadera pol\u00edtica es la que nos representa a todos, ya que no se trata [&hellip;]<\/p>\n","protected":false},"author":7,"featured_media":498686,"comment_status":"closed","ping_status":"","sticky":true,"template":"","format":"standard","meta":{"footnotes":""},"categories":[22,27],"tags":[],"class_list":["post-498659","post","type-post","status-publish","format-standard","has-post-thumbnail","hentry","category-politica","category-portada"],"_links":{"self":[{"href":"https:\/\/diariodominicano.com\/index.php?rest_route=\/wp\/v2\/posts\/498659","targetHints":{"allow":["GET"]}}],"collection":[{"href":"https:\/\/diariodominicano.com\/index.php?rest_route=\/wp\/v2\/posts"}],"about":[{"href":"https:\/\/diariodominicano.com\/index.php?rest_route=\/wp\/v2\/types\/post"}],"author":[{"embeddable":true,"href":"https:\/\/diariodominicano.com\/index.php?rest_route=\/wp\/v2\/users\/7"}],"replies":[{"embeddable":true,"href":"https:\/\/diariodominicano.com\/index.php?rest_route=%2Fwp%2Fv2%2Fcomments&post=498659"}],"version-history":[{"count":1,"href":"https:\/\/diariodominicano.com\/index.php?rest_route=\/wp\/v2\/posts\/498659\/revisions"}],"predecessor-version":[{"id":498687,"href":"https:\/\/diariodominicano.com\/index.php?rest_route=\/wp\/v2\/posts\/498659\/revisions\/498687"}],"wp:featuredmedia":[{"embeddable":true,"href":"https:\/\/diariodominicano.com\/index.php?rest_route=\/wp\/v2\/media\/498686"}],"wp:attachment":[{"href":"https:\/\/diariodominicano.com\/index.php?rest_route=%2Fwp%2Fv2%2Fmedia&parent=498659"}],"wp:term":[{"taxonomy":"category","embeddable":true,"href":"https:\/\/diariodominicano.com\/index.php?rest_route=%2Fwp%2Fv2%2Fcategories&post=498659"},{"taxonomy":"post_tag","embeddable":true,"href":"https:\/\/diariodominicano.com\/index.php?rest_route=%2Fwp%2Fv2%2Ftags&post=498659"}],"curies":[{"name":"wp","href":"https:\/\/api.w.org\/{rel}","templated":true}]}}