{"id":49862,"date":"2020-09-04T14:14:25","date_gmt":"2020-09-04T14:14:25","guid":{"rendered":"http:\/\/diariodominicano.ddns.net\/?p=49862"},"modified":"2020-09-04T14:14:25","modified_gmt":"2020-09-04T14:14:25","slug":"agn-extiende-plazo-entrega-de-propuestas-para-premio-de-historia-vetilio-alfau","status":"publish","type":"post","link":"https:\/\/diariodominicano.com\/?p=49862","title":{"rendered":"AGN extiende plazo entrega de propuestas para Premio de Historia Vetilio Alfau"},"content":{"rendered":"<p><body><\/p>\n<p><strong>Diariodominicano.com<\/strong><\/p>\n<p><strong>AGN extiende plazo entrega de propuestas para Premio de Historia Vetilio Alfau<\/strong><\/p>\n<p><strong>Santo Domingo, 2 de septiembre 2020 &#8211;<\/strong> El Archivo General de la Naci\u00f3n (AGN), extendi\u00f3 hasta el 23 de octubre, la recepci\u00f3n de trabajos para los interesados en participar de la cuarta versi\u00f3n del Premio de Historia Vetilio Alfau.<\/p>\n<p>El premio est\u00e1 dirigido a investigadores, estudiosos y escritores dominicanos o residentes legales en el pa\u00eds, y consta de cuatro categor\u00edas: \u00abPremio de Ensayo\u00bb, dotado con RD$200,000.  \u00abPremio de Compilaci\u00f3n Documental\u00bb, dotado con RD$150,000. Tres \u00abPremios Especiales de Ensayo para J\u00f3venes Investigadores\u00bb, de hasta 30 a\u00f1os de edad, dotado con RD$50,000 cada uno. \u00abPremio Enriquillo\u00bb, para novela hist\u00f3rica o colecci\u00f3n de relatos hist\u00f3ricos, dotado con RD$150,000.<\/p>\n<p>El certamen se realiza en el marco de la Feria del Libro de Historia Dominicana a celebrarse del 14 al 19 de noviembre. El proceso de elecci\u00f3n de las obras lo hace un jurado compuesto por destacados profesores de Historia de universidades e historiadores de la Academia Dominicana de la Historia, as\u00ed como un representante del AGN. Para todas las categor\u00edas es deseable que se usen los documentos que tenemos en el Archivo.<\/p>\n<p>Las obras premiadas ser\u00e1n publicadas en su totalidad o en parte por el AGN, y puestas a circular en la Feria del Libro de Historia Dominicana posterior a la celebraci\u00f3n del Premio.<\/p>\n<p>Requisitos para la presentaci\u00f3n<\/p>\n<p>Los textos deben ser originales e in\u00e9ditos, no habiendo recibido ning\u00fan otro tipo de premio, deber\u00e1n estar redactados en lengua castellana entre otras especificaciones disponibles en la p\u00e1gina web, agn.gov.do.<\/p>\n<p>El plazo de recepci\u00f3n de las obras finalizar\u00e1 el 23 de octubre del 2020, a las 2 de la tarde.<\/p>\n<h6> 2020-09-04 14:14:25 <\/h6>\n<p><!--\n<link rel=\"stylesheet\" href=\"css\/bootstrap.min.css\">\n\n\n<ul class=\"pagination\">\n\t    \n\t\n\n<li >\n\t<a href='?page_no=245'>Previous<\/a>\n\t<\/li>\n\n\n       \n    \n\n<li><a href='?page_no=1'>1<\/a><\/li>\n\n\n\n<li><a href='?page_no=2'>2<\/a><\/li>\n\n\n\n<li><a>...<\/a><\/li>\n\n\n\n<li><a href='?page_no=244'>244<\/a><\/li>\n\n\n\n<li><a href='?page_no=245'>245<\/a><\/li>\n\n\n\n<li class='active'><a>246<\/a><\/li>\n\n\n\n<li><a href='?page_no=247'>247<\/a><\/li>\n\n\n\n<li><a href='?page_no=248'>248<\/a><\/li>\n\n\n\n<li><a>...<\/a><\/li>\n\n\n\n<li><a href='?page_no=22911'>22911<\/a><\/li>\n\n\n\n<li><a href='?page_no=22912'>22912<\/a><\/li>\n\n    \n\t\n\n<li >\n\t<a href='?page_no=247'>Next<\/a>\n\t<\/li>\n\n\n    \n\n<li><a href='?page_no=22912'>Last &rsaquo;&rsaquo;<\/a><\/li>\n\n<\/ul>\n\n\n--><br \/>\n<\/body><\/p>\n","protected":false},"excerpt":{"rendered":"<p>Diariodominicano.com AGN extiende plazo entrega de propuestas para Premio de Historia Vetilio Alfau Santo Domingo, 2 de septiembre 2020 &#8211; El Archivo General de la Naci\u00f3n (AGN), extendi\u00f3 hasta el 23 de octubre, la recepci\u00f3n de trabajos para los interesados en participar de la cuarta versi\u00f3n del Premio de Historia Vetilio Alfau. El premio est\u00e1 [&hellip;]<\/p>\n","protected":false},"author":3,"featured_media":0,"comment_status":"open","ping_status":"open","sticky":false,"template":"","format":"standard","meta":{"footnotes":""},"categories":[21],"tags":[],"class_list":["post-49862","post","type-post","status-publish","format-standard","hentry","category-cultura"],"_links":{"self":[{"href":"https:\/\/diariodominicano.com\/index.php?rest_route=\/wp\/v2\/posts\/49862","targetHints":{"allow":["GET"]}}],"collection":[{"href":"https:\/\/diariodominicano.com\/index.php?rest_route=\/wp\/v2\/posts"}],"about":[{"href":"https:\/\/diariodominicano.com\/index.php?rest_route=\/wp\/v2\/types\/post"}],"author":[{"embeddable":true,"href":"https:\/\/diariodominicano.com\/index.php?rest_route=\/wp\/v2\/users\/3"}],"replies":[{"embeddable":true,"href":"https:\/\/diariodominicano.com\/index.php?rest_route=%2Fwp%2Fv2%2Fcomments&post=49862"}],"version-history":[{"count":0,"href":"https:\/\/diariodominicano.com\/index.php?rest_route=\/wp\/v2\/posts\/49862\/revisions"}],"wp:attachment":[{"href":"https:\/\/diariodominicano.com\/index.php?rest_route=%2Fwp%2Fv2%2Fmedia&parent=49862"}],"wp:term":[{"taxonomy":"category","embeddable":true,"href":"https:\/\/diariodominicano.com\/index.php?rest_route=%2Fwp%2Fv2%2Fcategories&post=49862"},{"taxonomy":"post_tag","embeddable":true,"href":"https:\/\/diariodominicano.com\/index.php?rest_route=%2Fwp%2Fv2%2Ftags&post=49862"}],"curies":[{"name":"wp","href":"https:\/\/api.w.org\/{rel}","templated":true}]}}