{"id":498608,"date":"2024-01-03T10:23:38","date_gmt":"2024-01-03T14:23:38","guid":{"rendered":"https:\/\/diariodominicano.com\/?p=498608"},"modified":"2024-01-03T11:16:30","modified_gmt":"2024-01-03T15:16:30","slug":"movimiento-popular-dominicano-mpd-celebra-el-65-aniversario-del-triunfo-de-la-revolucion-cubana","status":"publish","type":"post","link":"https:\/\/diariodominicano.com\/?p=498608","title":{"rendered":"Movimiento Popular Dominicano (MPD) celebra el 65 Aniversario del Triunfo de la Revoluci\u00f3n Cubana"},"content":{"rendered":"\n<p>diariodominicano.com<\/p>\n\n\n\n<p><em>El MPD condena en\u00e9rgicamente el bloqueo impuesto contra el pueblo cubano, calific\u00e1ndolo como criminal y brutal.<\/em><\/p>\n\n\n\n<p>Santo Domingo, R. D.,  3 de enero, 2024.-  El Movimiento Popular Dominicano (MPD) celebra con entusiasmo el sexag\u00e9simo quinto aniversario del hist\u00f3rico triunfo de la Revoluci\u00f3n Cubana, ocurrido el primero de enero de 1959. Este hito, que marca d\u00e9cadas de lucha por la independencia pol\u00edtica y econ\u00f3mica del pueblo cubano, es reconocido y celebrado por el MPD en un gesto de solidaridad y apoyo.<\/p>\n\n\n\n<div class=\"wp-block-image\"><figure class=\"alignright size-large is-resized\"><img loading=\"lazy\" decoding=\"async\" src=\"https:\/\/diariodominicano.com\/wp-content\/uploads\/2024\/01\/MPD-marcha3-1-24-1024x683.jpg\" alt=\"\" class=\"wp-image-498611\" width=\"298\" height=\"198\" srcset=\"https:\/\/diariodominicano.com\/wp-content\/uploads\/2024\/01\/MPD-marcha3-1-24-1024x683.jpg 1024w, https:\/\/diariodominicano.com\/wp-content\/uploads\/2024\/01\/MPD-marcha3-1-24-300x200.jpg 300w, https:\/\/diariodominicano.com\/wp-content\/uploads\/2024\/01\/MPD-marcha3-1-24-768x512.jpg 768w, https:\/\/diariodominicano.com\/wp-content\/uploads\/2024\/01\/MPD-marcha3-1-24-1536x1024.jpg 1536w, https:\/\/diariodominicano.com\/wp-content\/uploads\/2024\/01\/MPD-marcha3-1-24-2048x1365.jpg 2048w, https:\/\/diariodominicano.com\/wp-content\/uploads\/2024\/01\/MPD-marcha3-1-24-816x544.jpg 816w\" sizes=\"auto, (max-width: 298px) 100vw, 298px\" \/><\/figure><\/div>\n\n\n\n<p>A lo largo de 65 a\u00f1os, la Revoluci\u00f3n Cubana ha demostrado ser un faro de resistencia ind\u00f3mita frente a desaf\u00edos significativos, incluido el bloqueo impuesto por los Estados Unidos, expresa el MPD a trav\u00e9s de un comunicado que destaca la firme determinaci\u00f3n del pueblo cubano para construir una sociedad segura y feliz, a pesar de las dificultades impuestas desde el exterior.<\/p>\n\n\n\n<p>Bajo la direcci\u00f3n de l\u00edderes emblem\u00e1ticos como Fidel Castro, Ra\u00fal Castro y D\u00edaz Canel, Cuba ha experimentado una transformaci\u00f3n social notable, el MPD reconoce y elogia los avances significativos, especialmente en el \u00e1mbito de la medicina de alto nivel con acceso gratuito para todos los ciudadanos, destacando el compromiso con la igualdad y la justicia social.<\/p>\n\n\n\n<p>El MPD resalta los logros de Cuba en la superaci\u00f3n de la dependencia t\u00e9cnica y financiera que ha afectado hist\u00f3ricamente a muchas econom\u00edas del \u00a8tercer mundo\u00a8, posicion\u00e1ndola como un modelo inspirador para otros pueblos en busca de independencia y desarrollo.<\/p>\n\n\n\n<p>Se destaca tambi\u00e9n la seguridad p\u00fablica en Cuba, que ha alcanzado niveles encomiables, sirviendo como ejemplo de tranquilidad social en contraste con los desaf\u00edos de criminalidad que afectan a otras regiones. Adem\u00e1s, se subraya el acceso democr\u00e1tico y la gratuidad de la educaci\u00f3n cubana en sus diferentes niveles.<\/p>\n\n\n\n<p>El MPD condena en\u00e9rgicamente el bloqueo impuesto contra el pueblo cubano, calific\u00e1ndolo como criminal y brutal. El comunicado denuncia cualquier intento de guerra proxy que amenace la estabilidad interna de Cuba, as\u00ed como las restricciones y leyes ilegales extraterritoriales que obstaculizan el comercio con el pa\u00eds de Mart\u00ed y Fidel.<\/p>\n\n\n\n<p>Desde el Comit\u00e9 Central del Movimiento Popular Dominicano, se expresa un fervoroso saludo al 65 aniversario de la gloriosa Revoluci\u00f3n Cubana, reafirmando el compromiso del MPD con la solidaridad entre los pueblos y la lucha por la justicia y la independencia. Este gesto fortalece los lazos entre las naciones que buscan un mundo m\u00e1s equitativo y justo.<\/p>\n\n\n\n<p>Jennifer Germosen<\/p>\n\n\n\n<p><a rel=\"noreferrer noopener\" target=\"_blank\" href=\"mailto:jennifergermosenr@gmail.com\">jennifergermosenr@gmail.com<\/a><\/p>\n","protected":false},"excerpt":{"rendered":"<p>diariodominicano.com El MPD condena en\u00e9rgicamente el bloqueo impuesto contra el pueblo cubano, calific\u00e1ndolo como criminal y brutal. Santo Domingo, R. D., 3 de enero, 2024.- El Movimiento Popular Dominicano (MPD) celebra con entusiasmo el sexag\u00e9simo quinto aniversario del hist\u00f3rico triunfo de la Revoluci\u00f3n Cubana, ocurrido el primero de enero de 1959. Este hito, que marca [&hellip;]<\/p>\n","protected":false},"author":5,"featured_media":498609,"comment_status":"closed","ping_status":"","sticky":true,"template":"","format":"standard","meta":{"footnotes":""},"categories":[20,22,27],"tags":[],"class_list":["post-498608","post","type-post","status-publish","format-standard","has-post-thumbnail","hentry","category-dominicana-hoy","category-politica","category-portada"],"_links":{"self":[{"href":"https:\/\/diariodominicano.com\/index.php?rest_route=\/wp\/v2\/posts\/498608","targetHints":{"allow":["GET"]}}],"collection":[{"href":"https:\/\/diariodominicano.com\/index.php?rest_route=\/wp\/v2\/posts"}],"about":[{"href":"https:\/\/diariodominicano.com\/index.php?rest_route=\/wp\/v2\/types\/post"}],"author":[{"embeddable":true,"href":"https:\/\/diariodominicano.com\/index.php?rest_route=\/wp\/v2\/users\/5"}],"replies":[{"embeddable":true,"href":"https:\/\/diariodominicano.com\/index.php?rest_route=%2Fwp%2Fv2%2Fcomments&post=498608"}],"version-history":[{"count":1,"href":"https:\/\/diariodominicano.com\/index.php?rest_route=\/wp\/v2\/posts\/498608\/revisions"}],"predecessor-version":[{"id":498612,"href":"https:\/\/diariodominicano.com\/index.php?rest_route=\/wp\/v2\/posts\/498608\/revisions\/498612"}],"wp:featuredmedia":[{"embeddable":true,"href":"https:\/\/diariodominicano.com\/index.php?rest_route=\/wp\/v2\/media\/498609"}],"wp:attachment":[{"href":"https:\/\/diariodominicano.com\/index.php?rest_route=%2Fwp%2Fv2%2Fmedia&parent=498608"}],"wp:term":[{"taxonomy":"category","embeddable":true,"href":"https:\/\/diariodominicano.com\/index.php?rest_route=%2Fwp%2Fv2%2Fcategories&post=498608"},{"taxonomy":"post_tag","embeddable":true,"href":"https:\/\/diariodominicano.com\/index.php?rest_route=%2Fwp%2Fv2%2Ftags&post=498608"}],"curies":[{"name":"wp","href":"https:\/\/api.w.org\/{rel}","templated":true}]}}