{"id":498498,"date":"2024-01-02T16:59:43","date_gmt":"2024-01-02T20:59:43","guid":{"rendered":"https:\/\/diariodominicano.com\/?p=498498"},"modified":"2024-01-02T16:59:43","modified_gmt":"2024-01-02T20:59:43","slug":"el-candidato-a-regidor-angel-rivas-promete-trabajar-con-teson-para-hacer-una-gran-realidad-extension-de-la-uasd-en-sde","status":"publish","type":"post","link":"https:\/\/diariodominicano.com\/?p=498498","title":{"rendered":"El candidato a regidor \u00c1ngel Rivas promete trabajar con tes\u00f3n para hacer una gran realidad extensi\u00f3n de la UASD en SDE"},"content":{"rendered":"\n<p>El candidato a Regidor de la Fuerza del Pueblo en Santo Domingo Este, \u00c1ngel Rivas prometi\u00f3 encaminar esfuerzos para hacer una gran realidad la extensi\u00f3n de la Universidad Aut\u00f3noma de Santo Domingo en ese municipio.<\/p>\n\n\n\n<p>Rivas, quien preside la Secretar\u00eda de la Juventud de la Fuerza del Pueblo en la Circunscripci\u00f3n Uno de Santo Domingo Este, asegur\u00f3 que desplegar\u00e1 todo su esfuerzo en favor de la Juventud, tanto en lo educativo, como en lo laboral, la cultura y el deporte.<\/p>\n\n\n\n<p>Consider\u00f3 que la municipalidad debe involucrarse, tener participaci\u00f3n activa en el impulso de esa gran iniciativa en favor de la poblaci\u00f3n de ese municipio de la provincia Santo Domingo,<\/p>\n\n\n\n<p>Al resaltar la importancia de la instalaci\u00f3n de la extensi\u00f3n de la UASD en Santo Domingo Este, el aspirante a regidor asever\u00f3 que no s\u00f3lo garantiza los estudios universitarios a miles de j\u00f3venes, sino que tambi\u00e9n ayudar\u00eda, tendr\u00eda repercusiones en el descongestionamiento del tr\u00e1nsito en importantes v\u00edas de comunicaci\u00f3n&nbsp; del Gran Santo Domingo.<\/p>\n\n\n\n<p>Por tanto\u2014adelant\u00f3&#8211;en su agenda de trabajo en favor de la comunidad figuran programas, iniciativas para apoyar, impulsar y desarrollar iniciativas que repercutan en el bienestar de los habitantes de Santo Domingo Este, y que sobre todo tengan impacto en favor de la juventud y la ni\u00f1ez, en especial la educaci\u00f3n, los deportes, la cultura y el empleo.&nbsp;<\/p>\n\n\n\n<p>Record\u00f3 que hace tres a\u00f1os, en un Consejo de Gobierno en Santo Domingo Este, el presidente Luis Abinader prometi\u00f3 construir una extensi\u00f3n de la UASD, entre otras obras que est\u00e1n inconclusas.<\/p>\n\n\n\n<p>En la oportunidad, el mandatario inform\u00f3 que para la extensi\u00f3n de la UASD Obras P\u00fablicas dispon\u00eda&nbsp; de m\u00e1s de 600 millones de pesos, pero el proyecto no se ha materializado.<\/p>\n\n\n\n<p>De otro lado, \u00c1ngel Rivas manifest\u00f3 su satisfacci\u00f3n por la gran acogida y el impulso que cada d\u00eda tiene su candidatura, el m\u00e1s joven de todos los aspirantes, en distintos sectores de Santo Domingo Este, lo que le garantiza la victoria en las elecciones municipales del 18 de Febrero de este 2024.<\/p>\n\n\n\n<p>Rivas reiter\u00f3 que tan pronto asuma la curul en el Consejo de Regidores de Santo Domingo Este pondr\u00e1 \u00e9nfasis en el impulso para que se haga realidad el anhelado deseo de los habitantes del municipio de contar con una extensi\u00f3n de la UASD,<\/p>\n","protected":false},"excerpt":{"rendered":"<p>El candidato a Regidor de la Fuerza del Pueblo en Santo Domingo Este, \u00c1ngel Rivas prometi\u00f3 encaminar esfuerzos para hacer una gran realidad la extensi\u00f3n de la Universidad Aut\u00f3noma de Santo Domingo en ese municipio. Rivas, quien preside la Secretar\u00eda de la Juventud de la Fuerza del Pueblo en la Circunscripci\u00f3n Uno de Santo Domingo [&hellip;]<\/p>\n","protected":false},"author":7,"featured_media":0,"comment_status":"closed","ping_status":"","sticky":true,"template":"","format":"standard","meta":{"footnotes":""},"categories":[22,27],"tags":[],"class_list":["post-498498","post","type-post","status-publish","format-standard","hentry","category-politica","category-portada"],"_links":{"self":[{"href":"https:\/\/diariodominicano.com\/index.php?rest_route=\/wp\/v2\/posts\/498498","targetHints":{"allow":["GET"]}}],"collection":[{"href":"https:\/\/diariodominicano.com\/index.php?rest_route=\/wp\/v2\/posts"}],"about":[{"href":"https:\/\/diariodominicano.com\/index.php?rest_route=\/wp\/v2\/types\/post"}],"author":[{"embeddable":true,"href":"https:\/\/diariodominicano.com\/index.php?rest_route=\/wp\/v2\/users\/7"}],"replies":[{"embeddable":true,"href":"https:\/\/diariodominicano.com\/index.php?rest_route=%2Fwp%2Fv2%2Fcomments&post=498498"}],"version-history":[{"count":1,"href":"https:\/\/diariodominicano.com\/index.php?rest_route=\/wp\/v2\/posts\/498498\/revisions"}],"predecessor-version":[{"id":498507,"href":"https:\/\/diariodominicano.com\/index.php?rest_route=\/wp\/v2\/posts\/498498\/revisions\/498507"}],"wp:attachment":[{"href":"https:\/\/diariodominicano.com\/index.php?rest_route=%2Fwp%2Fv2%2Fmedia&parent=498498"}],"wp:term":[{"taxonomy":"category","embeddable":true,"href":"https:\/\/diariodominicano.com\/index.php?rest_route=%2Fwp%2Fv2%2Fcategories&post=498498"},{"taxonomy":"post_tag","embeddable":true,"href":"https:\/\/diariodominicano.com\/index.php?rest_route=%2Fwp%2Fv2%2Ftags&post=498498"}],"curies":[{"name":"wp","href":"https:\/\/api.w.org\/{rel}","templated":true}]}}