{"id":498469,"date":"2024-01-02T17:00:28","date_gmt":"2024-01-02T21:00:28","guid":{"rendered":"https:\/\/diariodominicano.com\/?p=498469"},"modified":"2024-01-02T17:00:28","modified_gmt":"2024-01-02T21:00:28","slug":"movimiento-todos-somos-uno-planifica-acto-en-favor-del-dr-daniel-rivera-senador-por-santiago","status":"publish","type":"post","link":"https:\/\/diariodominicano.com\/?p=498469","title":{"rendered":"Movimiento Todos Somos Uno planifica acto en favor del Dr Daniel Rivera senador por Santiago"},"content":{"rendered":"\n<p><strong>SANTIAGO DE LOS CABALLEROS, Santiago, Rep\u00fablica Dominicana.-<\/strong>\u00a0<strong>E<\/strong>l Movimiento Todos Somos Uno, que preside el doctor Fernando Ure\u00f1a y que apoya la candidatura presidencial de Lu\u00eds Abinader, junto a varios directores provinciales y de \u00e1rea, planifica un importante acto que favorecer\u00e1 al doctor Daniel Rivera como senador por Santiago representando al partico Revolucionario Moderno (PRM).<\/p>\n\n\n\n<p>La informaci\u00f3n la ofreci\u00f3 el doctor Ure\u00f1a, quien manifest\u00f3 que, una comisi\u00f3n del movimiento que encabeza, mientras realizaba actos en favor de la candidatura presidencial de Lu\u00eds Abinader, aprovechaba la ocasi\u00f3n para hacer sondeos y se encontr\u00f3 con que, la poblaci\u00f3n de Santiago prefiere al doctor Rivera como senador.<\/p>\n\n\n\n<p>\u201c\u00a1Por nuestra amada naci\u00f3n dominicana!&nbsp;El movimiento pol\u00edtico Todos Somos Uno asume como senador por Santiago al doctor Daniel Rivera y dem\u00e1s candidatos del PRM\u201d, apunt\u00f3 el doctor Ure\u00f1a.<\/p>\n\n\n\n<figure class=\"wp-block-image size-large\"><img loading=\"lazy\" decoding=\"async\" width=\"991\" height=\"1024\" src=\"https:\/\/diariodominicano.com\/wp-content\/uploads\/2024\/01\/Dr-Fernando-Urena--991x1024.jpg\" alt=\"\" class=\"wp-image-498487\" srcset=\"https:\/\/diariodominicano.com\/wp-content\/uploads\/2024\/01\/Dr-Fernando-Urena--991x1024.jpg 991w, https:\/\/diariodominicano.com\/wp-content\/uploads\/2024\/01\/Dr-Fernando-Urena--290x300.jpg 290w, https:\/\/diariodominicano.com\/wp-content\/uploads\/2024\/01\/Dr-Fernando-Urena--768x793.jpg 768w, https:\/\/diariodominicano.com\/wp-content\/uploads\/2024\/01\/Dr-Fernando-Urena--816x843.jpg 816w, https:\/\/diariodominicano.com\/wp-content\/uploads\/2024\/01\/Dr-Fernando-Urena-.jpg 994w\" sizes=\"auto, (max-width: 991px) 100vw, 991px\" \/><\/figure>\n\n\n\n<p>El presidente del Movimiento Todos Somos Uno, agreg\u00f3 que, es asombrosa la muestra de apoyo y respeto de los dominicanos por el doctor Daniel Rivera, sobre todo en la poblaci\u00f3n de su natal Santiago.<\/p>\n\n\n\n<p>De inmediato, dio a conocer que, el Movimiento Todos Somos Uno el cual favorece la candidatura presidencial de Lu\u00eds Abinader, junto a los directores provinciales y de \u00e1rea, anunciar\u00e1n en las pr\u00f3ximas horas, el acto donde favorecer\u00e1n la candidatura del doctor Daniel Rivera, como senador por Santiago.<\/p>\n\n\n\n<p><strong>PIES DE FOTOS NUMERADOS:<\/strong><\/p>\n\n\n\n<p>1-&nbsp;&nbsp;&nbsp;&nbsp;<strong>Dr Daniel Rivera<\/strong><strong><\/strong><strong>Dr Fernando Ure\u00f1a<\/strong><\/p>\n","protected":false},"excerpt":{"rendered":"<p>SANTIAGO DE LOS CABALLEROS, Santiago, Rep\u00fablica Dominicana.-\u00a0El Movimiento Todos Somos Uno, que preside el doctor Fernando Ure\u00f1a y que apoya la candidatura presidencial de Lu\u00eds Abinader, junto a varios directores provinciales y de \u00e1rea, planifica un importante acto que favorecer\u00e1 al doctor Daniel Rivera como senador por Santiago representando al partico Revolucionario Moderno (PRM). La [&hellip;]<\/p>\n","protected":false},"author":7,"featured_media":498488,"comment_status":"closed","ping_status":"","sticky":true,"template":"","format":"standard","meta":{"footnotes":""},"categories":[22,27],"tags":[],"class_list":["post-498469","post","type-post","status-publish","format-standard","has-post-thumbnail","hentry","category-politica","category-portada"],"_links":{"self":[{"href":"https:\/\/diariodominicano.com\/index.php?rest_route=\/wp\/v2\/posts\/498469","targetHints":{"allow":["GET"]}}],"collection":[{"href":"https:\/\/diariodominicano.com\/index.php?rest_route=\/wp\/v2\/posts"}],"about":[{"href":"https:\/\/diariodominicano.com\/index.php?rest_route=\/wp\/v2\/types\/post"}],"author":[{"embeddable":true,"href":"https:\/\/diariodominicano.com\/index.php?rest_route=\/wp\/v2\/users\/7"}],"replies":[{"embeddable":true,"href":"https:\/\/diariodominicano.com\/index.php?rest_route=%2Fwp%2Fv2%2Fcomments&post=498469"}],"version-history":[{"count":1,"href":"https:\/\/diariodominicano.com\/index.php?rest_route=\/wp\/v2\/posts\/498469\/revisions"}],"predecessor-version":[{"id":498508,"href":"https:\/\/diariodominicano.com\/index.php?rest_route=\/wp\/v2\/posts\/498469\/revisions\/498508"}],"wp:featuredmedia":[{"embeddable":true,"href":"https:\/\/diariodominicano.com\/index.php?rest_route=\/wp\/v2\/media\/498488"}],"wp:attachment":[{"href":"https:\/\/diariodominicano.com\/index.php?rest_route=%2Fwp%2Fv2%2Fmedia&parent=498469"}],"wp:term":[{"taxonomy":"category","embeddable":true,"href":"https:\/\/diariodominicano.com\/index.php?rest_route=%2Fwp%2Fv2%2Fcategories&post=498469"},{"taxonomy":"post_tag","embeddable":true,"href":"https:\/\/diariodominicano.com\/index.php?rest_route=%2Fwp%2Fv2%2Ftags&post=498469"}],"curies":[{"name":"wp","href":"https:\/\/api.w.org\/{rel}","templated":true}]}}