{"id":498365,"date":"2023-12-31T18:35:55","date_gmt":"2023-12-31T22:35:55","guid":{"rendered":"https:\/\/diariodominicano.com\/?p=498365"},"modified":"2023-12-31T18:35:55","modified_gmt":"2023-12-31T22:35:55","slug":"partido-dominicano-fuerza-del-pueblo-reitera-solidaridad-con-cuba","status":"publish","type":"post","link":"https:\/\/diariodominicano.com\/?p=498365","title":{"rendered":"Partido dominicano Fuerza del Pueblo reitera solidaridad con Cuba"},"content":{"rendered":"\n<p>diariodominicano.com<\/p>\n\n\n\n<p>Santo Domingo, 31 dic (Prensa Latina) La organizaci\u00f3n pol\u00edtica dominicana Fuerza del Pueblo (FP) reiter\u00f3 hoy la amistad y solidaridad al pueblo de Cuba y su Revoluci\u00f3n, a pocas horas de la celebraci\u00f3n del 65 aniversario del triunfo revolucionario del 1 de enero.<\/p>\n\n\n\n<p>En un comunicado suscrito por su Secretario de Relaciones Internacionales, Manolo Pichardo, la FP manifest\u00f3 su adhesi\u00f3n al principio de soberan\u00eda y autodeterminaci\u00f3n de los pueblos.<\/p>\n\n\n\n<p>Reclam\u00f3 la vigencia de las resoluciones adoptadas por la Asamblea General de las Naciones Unidas para que cese el bloqueo econ\u00f3mico, comercial y financiero de Estados Unidos, que tanto da\u00f1o le causa al noble y extraordinario pueblo de la isla caribe\u00f1a.<\/p>\n\n\n\n<p>El nuevo aniversario del triunfo de la Revoluci\u00f3n es una buena ocasi\u00f3n para tambi\u00e9n hacer un llamado a fomentar la paz y la solidaridad entre las naciones y pueblos del mundo, puntualiz\u00f3 el mensaje dirigido a Emilio Losada, jefe del Departamento de Relaciones Internacionales del Partido Comunista de Cuba.<\/p>\n\n\n\n<p>Tambi\u00e9n es una oportunidad para procurar que cesen las guerras que tanto dolor y sufrimiento generan sobre los habitantes de nuestro planeta, concluy\u00f3 la FP.<\/p>\n\n\n\n<p>jha\/mpv<\/p>\n","protected":false},"excerpt":{"rendered":"<p>diariodominicano.com Santo Domingo, 31 dic (Prensa Latina) La organizaci\u00f3n pol\u00edtica dominicana Fuerza del Pueblo (FP) reiter\u00f3 hoy la amistad y solidaridad al pueblo de Cuba y su Revoluci\u00f3n, a pocas horas de la celebraci\u00f3n del 65 aniversario del triunfo revolucionario del 1 de enero. En un comunicado suscrito por su Secretario de Relaciones Internacionales, Manolo [&hellip;]<\/p>\n","protected":false},"author":5,"featured_media":450410,"comment_status":"closed","ping_status":"","sticky":true,"template":"","format":"standard","meta":{"footnotes":""},"categories":[22,27],"tags":[],"class_list":["post-498365","post","type-post","status-publish","format-standard","has-post-thumbnail","hentry","category-politica","category-portada"],"_links":{"self":[{"href":"https:\/\/diariodominicano.com\/index.php?rest_route=\/wp\/v2\/posts\/498365","targetHints":{"allow":["GET"]}}],"collection":[{"href":"https:\/\/diariodominicano.com\/index.php?rest_route=\/wp\/v2\/posts"}],"about":[{"href":"https:\/\/diariodominicano.com\/index.php?rest_route=\/wp\/v2\/types\/post"}],"author":[{"embeddable":true,"href":"https:\/\/diariodominicano.com\/index.php?rest_route=\/wp\/v2\/users\/5"}],"replies":[{"embeddable":true,"href":"https:\/\/diariodominicano.com\/index.php?rest_route=%2Fwp%2Fv2%2Fcomments&post=498365"}],"version-history":[{"count":1,"href":"https:\/\/diariodominicano.com\/index.php?rest_route=\/wp\/v2\/posts\/498365\/revisions"}],"predecessor-version":[{"id":498366,"href":"https:\/\/diariodominicano.com\/index.php?rest_route=\/wp\/v2\/posts\/498365\/revisions\/498366"}],"wp:featuredmedia":[{"embeddable":true,"href":"https:\/\/diariodominicano.com\/index.php?rest_route=\/wp\/v2\/media\/450410"}],"wp:attachment":[{"href":"https:\/\/diariodominicano.com\/index.php?rest_route=%2Fwp%2Fv2%2Fmedia&parent=498365"}],"wp:term":[{"taxonomy":"category","embeddable":true,"href":"https:\/\/diariodominicano.com\/index.php?rest_route=%2Fwp%2Fv2%2Fcategories&post=498365"},{"taxonomy":"post_tag","embeddable":true,"href":"https:\/\/diariodominicano.com\/index.php?rest_route=%2Fwp%2Fv2%2Ftags&post=498365"}],"curies":[{"name":"wp","href":"https:\/\/api.w.org\/{rel}","templated":true}]}}