{"id":498351,"date":"2023-12-31T13:41:57","date_gmt":"2023-12-31T17:41:57","guid":{"rendered":"https:\/\/diariodominicano.com\/?p=498351"},"modified":"2023-12-31T13:41:57","modified_gmt":"2023-12-31T17:41:57","slug":"carlos-segura-foster-dice-decreto-que-regula-biodiversidad-de-granjas-porcinas-aumenta-peste","status":"publish","type":"post","link":"https:\/\/diariodominicano.com\/?p=498351","title":{"rendered":"Carlos Segura Foster dice: decreto que regula  biodiversidad de granjas porcinas aumenta peste"},"content":{"rendered":"\n<p>diariodominicano.com<\/p>\n\n\n\n<p>Santo Domingo, R. D.,  31 de diciembre, 2023.-  Carlos Segura Foster, del equipo agropecuario del Partido de la Liberaci\u00f3n Dominicana (PLD), por el bienestar de Rep\u00fablica Dominicana manifest\u00f3 sus deseos de que alcance el \u00e9xito\u00a0\u00a0la disposici\u00f3n sustentada en el decreto 663-23, firmado el pasado\u00a0 de diciembre y publicado el d\u00eda 31.<\/p>\n\n\n\n<p>\u201cLa situaci\u00f3n con esta repoblaci\u00f3n ser\u00e1 peor, van a repoblar con animales de granjas de aqu\u00ed, eso solo va a diseminar m\u00e1s la enfermedad, van a multiplicar las enfermedades y la gen\u00e9tica disminuir\u00e1 considerablemente , porque esos animales que tenemos no son capaces de mejorar nada\u201d,&nbsp; escribi\u00f3 Segura Foster en un hilo en su cuenta de la red social X.<\/p>\n\n\n\n<p>En su escrito record\u00f3 que la poblaci\u00f3n de hembras porcinas en el pa\u00eds ha disminuido casi un 70 por ciento y la Peste Porcina Africana (PPA) est\u00e1 en todas partes, incluyendo granjas organizadas.<\/p>\n\n\n\n<p>Considera el tambi\u00e9n miembro del Comit\u00e9 Central del PLD y del Gabinete T\u00e9cnico, que el prop\u00f3sito de repoblar a partir del pr\u00f3ximo lunes no es el adecuado, seg\u00fan testimonios de profesionales versados en este complejo y espinoso tema.<\/p>\n\n\n\n<p>&nbsp;\u201cPuede convertirse en otro dispendio de recursos\u201d, advirti\u00f3 Cargos Segura Foster, no de manifestar que por el bienestar del pa\u00eds desea el \u00e9xito de la medida.<\/p>\n\n\n\n<p><strong>SECRETARIA DE COMUNICACIONES<\/strong><\/p>\n\n\n\n<p><strong>31 DICIEMBRE 2023<\/strong><\/p>\n\n\n\n<p><strong>DECLARACI\u00d3N DE PRENSA<\/strong><\/p>\n","protected":false},"excerpt":{"rendered":"<p>diariodominicano.com Santo Domingo, R. D., 31 de diciembre, 2023.- Carlos Segura Foster, del equipo agropecuario del Partido de la Liberaci\u00f3n Dominicana (PLD), por el bienestar de Rep\u00fablica Dominicana manifest\u00f3 sus deseos de que alcance el \u00e9xito\u00a0\u00a0la disposici\u00f3n sustentada en el decreto 663-23, firmado el pasado\u00a0 de diciembre y publicado el d\u00eda 31. \u201cLa situaci\u00f3n con [&hellip;]<\/p>\n","protected":false},"author":5,"featured_media":333260,"comment_status":"closed","ping_status":"","sticky":true,"template":"","format":"standard","meta":{"footnotes":""},"categories":[20,22,27],"tags":[],"class_list":["post-498351","post","type-post","status-publish","format-standard","has-post-thumbnail","hentry","category-dominicana-hoy","category-politica","category-portada"],"_links":{"self":[{"href":"https:\/\/diariodominicano.com\/index.php?rest_route=\/wp\/v2\/posts\/498351","targetHints":{"allow":["GET"]}}],"collection":[{"href":"https:\/\/diariodominicano.com\/index.php?rest_route=\/wp\/v2\/posts"}],"about":[{"href":"https:\/\/diariodominicano.com\/index.php?rest_route=\/wp\/v2\/types\/post"}],"author":[{"embeddable":true,"href":"https:\/\/diariodominicano.com\/index.php?rest_route=\/wp\/v2\/users\/5"}],"replies":[{"embeddable":true,"href":"https:\/\/diariodominicano.com\/index.php?rest_route=%2Fwp%2Fv2%2Fcomments&post=498351"}],"version-history":[{"count":1,"href":"https:\/\/diariodominicano.com\/index.php?rest_route=\/wp\/v2\/posts\/498351\/revisions"}],"predecessor-version":[{"id":498352,"href":"https:\/\/diariodominicano.com\/index.php?rest_route=\/wp\/v2\/posts\/498351\/revisions\/498352"}],"wp:featuredmedia":[{"embeddable":true,"href":"https:\/\/diariodominicano.com\/index.php?rest_route=\/wp\/v2\/media\/333260"}],"wp:attachment":[{"href":"https:\/\/diariodominicano.com\/index.php?rest_route=%2Fwp%2Fv2%2Fmedia&parent=498351"}],"wp:term":[{"taxonomy":"category","embeddable":true,"href":"https:\/\/diariodominicano.com\/index.php?rest_route=%2Fwp%2Fv2%2Fcategories&post=498351"},{"taxonomy":"post_tag","embeddable":true,"href":"https:\/\/diariodominicano.com\/index.php?rest_route=%2Fwp%2Fv2%2Ftags&post=498351"}],"curies":[{"name":"wp","href":"https:\/\/api.w.org\/{rel}","templated":true}]}}