{"id":498228,"date":"2023-12-30T16:18:21","date_gmt":"2023-12-30T20:18:21","guid":{"rendered":"https:\/\/diariodominicano.com\/?p=498228"},"modified":"2023-12-30T16:19:48","modified_gmt":"2023-12-30T20:19:48","slug":"tasa-cero-planteada-por-abinader-es-una-cosa-como-de-manicomio-dice-leonel","status":"publish","type":"post","link":"https:\/\/diariodominicano.com\/?p=498228","title":{"rendered":"Tasa Cero planteada por Abinader es \u201cuna cosa como de manicomio\u201d, dice Leonel"},"content":{"rendered":"\n<p>Leonel Fern\u00e1ndez<\/p>\n\n\n\n<p>Santo Domingo, RD, D.N.- \u201cUna cosa como de manicomio\u201d, as\u00ed calific\u00f3 Leonel Fern\u00e1ndez la vocaci\u00f3n que tiene el presidente Luis Abinader de privilegiar las importaciones, en detrimento de los sectores productivos de Rep\u00fablica Dominicana.<\/p>\n\n\n\n<figure class=\"wp-block-image size-large is-resized\"><img loading=\"lazy\" decoding=\"async\" src=\"https:\/\/diariodominicano.com\/wp-content\/uploads\/2023\/12\/IMG-20231229-WA0204-1024x982.jpg\" alt=\"\" class=\"wp-image-498232\" width=\"616\" height=\"590\" srcset=\"https:\/\/diariodominicano.com\/wp-content\/uploads\/2023\/12\/IMG-20231229-WA0204-1024x982.jpg 1024w, https:\/\/diariodominicano.com\/wp-content\/uploads\/2023\/12\/IMG-20231229-WA0204-300x288.jpg 300w, https:\/\/diariodominicano.com\/wp-content\/uploads\/2023\/12\/IMG-20231229-WA0204-768x737.jpg 768w, https:\/\/diariodominicano.com\/wp-content\/uploads\/2023\/12\/IMG-20231229-WA0204-1536x1473.jpg 1536w, https:\/\/diariodominicano.com\/wp-content\/uploads\/2023\/12\/IMG-20231229-WA0204-2048x1964.jpg 2048w, https:\/\/diariodominicano.com\/wp-content\/uploads\/2023\/12\/IMG-20231229-WA0204-816x783.jpg 816w\" sizes=\"auto, (max-width: 616px) 100vw, 616px\" \/><figcaption>Leonel Fern\u00e1ndez <\/figcaption><\/figure>\n\n\n\n<p>El candidato presidencial de la Fuerza del Pueblo, habl\u00f3 en esos t\u00e9rminos en momentos que fue abordado por periodistas, previo a un encuentro con los candidatos a directores de Distritos Municipales de la Fuerza del Pueblo en todo el pa\u00eds, quienes pidieron su opini\u00f3n sobre el nuevo proyecto de Ley de Tasa Cero, que se conoce en el Congreso Nacional, introducido por el Poder Ejecutivo.\u00a0<\/p>\n\n\n\n<p><br>Fern\u00e1ndez, en innumerables ocasiones se ha referido al tema, y ha planteado su rechazo a la pol\u00edtica de importaciones de productos terminados que ha implementado el actual presidente de la Rep\u00fablica. El l\u00edder de la oposici\u00f3n pol\u00edtica favorece que se den facilidades a los productores agropecuarios locales, con las importaciones de insumos para los productores de pollos, arroz, cerdos y ganado vacuno, pero nunca productos terminados, porque llevar\u00eda a la quiebra a importantes sectores productivos del pa\u00eds.<\/p>\n\n\n\n<p>El tambi\u00e9n presidente de la FP asegur\u00f3 que el gobierno no termina de entender que: \u201cCon la importaci\u00f3n libre de impuestos de insumos para los productores de pollos, aumentar\u00eda la producci\u00f3n y, en consecuencia, la producci\u00f3n, lo cual obligar\u00eda a la reducci\u00f3n de los precios de la carne y, facilitar\u00eda su adquisici\u00f3n de parte de los consumidores\u201d.<\/p>\n\n\n\n<p><br>El expresidente de la Rep\u00fablica deplor\u00f3 lo que considera como una paradoja, que en un momento en que Estados Unidos se concede autorizaci\u00f3n para importaci\u00f3n de carnes desde Rep\u00fablica Dominicana al mercado norteamericano, este gobierno del PRM y Luis Abinader autoricen la importaci\u00f3n de carnes a la Rep\u00fablica Dominicana, sin tener que pagar aranceles. Este paso, dijo, \u201ccost\u00f3 mucho esfuerzo, lograr que una vez m\u00e1s se autorizara que desde la Rep\u00fablica Dominicana se pudiera importar carnes en los Estados Unidos\u201d.<\/p>\n\n\n\n<p><br>Fern\u00e1ndez dijo adem\u00e1s que, la Fuerza del Pueblo, desde el gobierno, favorecer\u00eda a los productores locales, nunca las importaciones en detrimento de los productores dominicanos, ya que, estos generan empleos y producen divisas.\u00a0<\/p>\n\n\n\n<p><br>\u201cPara bajar el precio de la carne nosotros apoyar\u00edamos a los ganaderos, para aumentar la producci\u00f3n de carne y leche en el pa\u00eds\u201d, acot\u00f3 el aspirante presidencial y, afirm\u00f3 de manera contundente que la riqueza del pa\u00eds depende del aumento de la producci\u00f3n nacional.<\/p>\n\n\n\n<p>Secretar\u00eda de Comunicaciones Fuerza del Pueblo <\/p>\n","protected":false},"excerpt":{"rendered":"<p>Leonel Fern\u00e1ndez Santo Domingo, RD, D.N.- \u201cUna cosa como de manicomio\u201d, as\u00ed calific\u00f3 Leonel Fern\u00e1ndez la vocaci\u00f3n que tiene el presidente Luis Abinader de privilegiar las importaciones, en detrimento de los sectores productivos de Rep\u00fablica Dominicana. El candidato presidencial de la Fuerza del Pueblo, habl\u00f3 en esos t\u00e9rminos en momentos que fue abordado por periodistas, [&hellip;]<\/p>\n","protected":false},"author":28,"featured_media":498229,"comment_status":"closed","ping_status":"open","sticky":true,"template":"","format":"standard","meta":{"footnotes":""},"categories":[18,22,27],"tags":[],"class_list":["post-498228","post","type-post","status-publish","format-standard","has-post-thumbnail","hentry","category-economia","category-politica","category-portada"],"_links":{"self":[{"href":"https:\/\/diariodominicano.com\/index.php?rest_route=\/wp\/v2\/posts\/498228","targetHints":{"allow":["GET"]}}],"collection":[{"href":"https:\/\/diariodominicano.com\/index.php?rest_route=\/wp\/v2\/posts"}],"about":[{"href":"https:\/\/diariodominicano.com\/index.php?rest_route=\/wp\/v2\/types\/post"}],"author":[{"embeddable":true,"href":"https:\/\/diariodominicano.com\/index.php?rest_route=\/wp\/v2\/users\/28"}],"replies":[{"embeddable":true,"href":"https:\/\/diariodominicano.com\/index.php?rest_route=%2Fwp%2Fv2%2Fcomments&post=498228"}],"version-history":[{"count":4,"href":"https:\/\/diariodominicano.com\/index.php?rest_route=\/wp\/v2\/posts\/498228\/revisions"}],"predecessor-version":[{"id":498234,"href":"https:\/\/diariodominicano.com\/index.php?rest_route=\/wp\/v2\/posts\/498228\/revisions\/498234"}],"wp:featuredmedia":[{"embeddable":true,"href":"https:\/\/diariodominicano.com\/index.php?rest_route=\/wp\/v2\/media\/498229"}],"wp:attachment":[{"href":"https:\/\/diariodominicano.com\/index.php?rest_route=%2Fwp%2Fv2%2Fmedia&parent=498228"}],"wp:term":[{"taxonomy":"category","embeddable":true,"href":"https:\/\/diariodominicano.com\/index.php?rest_route=%2Fwp%2Fv2%2Fcategories&post=498228"},{"taxonomy":"post_tag","embeddable":true,"href":"https:\/\/diariodominicano.com\/index.php?rest_route=%2Fwp%2Fv2%2Ftags&post=498228"}],"curies":[{"name":"wp","href":"https:\/\/api.w.org\/{rel}","templated":true}]}}