{"id":498178,"date":"2023-12-30T01:04:13","date_gmt":"2023-12-30T05:04:13","guid":{"rendered":"https:\/\/diariodominicano.com\/?p=498178"},"modified":"2023-12-30T01:05:46","modified_gmt":"2023-12-30T05:05:46","slug":"trajano-vida-potentini-es-juramentado-como-nuevo-presidente-del-colegio-de-abogados","status":"publish","type":"post","link":"https:\/\/diariodominicano.com\/?p=498178","title":{"rendered":"Trajano Vida Potentini es juramentado como nuevo presidente del Colegio de Abogados"},"content":{"rendered":"\n<p><br><strong>Asegura trabajar\u00e1 para levantar la moral y la imagen del gremio<\/strong><br><br><strong>Santo Domingo<\/strong>,\u00a0Rep\u00fablica Dominicana.- La Comisi\u00f3n Nacional Electoral del Colegio de Abogados de la Rep\u00fablica Dominicana (CARD) jurament\u00f3 a Trajano Vidal Potentini como nuevo presidente del gremio, tras obtener la victoria en las elecciones del pasado 2 de diciembre.<br><br>Vidal Potentini afirm\u00f3 que asume el compromiso de guiar el camino de los togados con gran humildad, sin que de modo alguno se entienda que es sin\u00f3nimo de falta de valent\u00eda y arrojo para la defensa del proceso y de su triunfo.<br><br>Asegur\u00f3 que junto a un equipo de hombres y mujeres trabajar\u00e1 con transparencia y apegado a los valores \u00e9ticos.<br><br><br>\u00abGarantizamos desde el colegio de Abogados transparencia total de las que ser\u00e1n todas y cada una de nuestras acciones. De igual forma agradecemos el que se haya escogido este espacio ( Altar de la Patria) un espacio emblem\u00e1tico que representa el condonor, representa la gloria, la resistencia, pero m\u00e1s a\u00fan representa esos grandes valores que son en lo adelante los que van a encarnar, los que van a asignar todo el camino de este nuevo Colegio de Abogados de la Rep\u00fablica Dominicana, manifest\u00f3 Vidal Potentini.<br><br>El jurista se comprometi\u00f3 a trabajar sin descanso, en aras de la institucionalidad, de los derechos fundamentales, de la democracia, del medio ambiente y en pro de todos los valores que debe enarbolar un abogado, as\u00ed como a levantar la moral y la imagen del gremio, afectada tras el proceso.<br><br>\u00abAgradezco por la oportunidad de hacer lo que hemos dicho que es unificar la clase jur\u00eddica a trav\u00e9s de este prop\u00f3sito que es levantar la moral, la imagen de este colegio de abogados que ha sido arrastrada en este actual proceso electoral muy lamentable, de ah\u00ed tambi\u00e9n pedimos perd\u00f3n al pa\u00eds, a la clase jur\u00eddica, pero que tengan se\u00f1ores la certeza de que vamos a hacer todo lo que est\u00e1 a nuestro alcance para variar, para cambiar lo que es esa errada percepci\u00f3n que lamentablemente hay de los abogados\u00bb, afirm\u00f3.<br><br>El gremialista reiter\u00f3 su llamado a la plancha Nuevos Tiempos, que qued\u00f3 en segundo lugar, a que se integren y participen para hacer juntos el proceso de rescate del orgullo de ser abogados.<\/p>\n\n\n\n<p>\u00abEstamos extendiendo de nuevo este ramo de olivo. Ya esta directiva no es de nadie en particular, es una directiva de todos los abogados, sin colores, sin bandera pol\u00edtica y como tal debemos estar unificados en lo que es este gran prop\u00f3sito que lo ser\u00e1 encauzar el colegio de abogados por el sendero del progreso , pero m\u00e1s a\u00fan de la transparencia, la institucionalidad y del rescate de su imagen\u00bb, agreg\u00f3.<\/p>\n\n\n\n<p>Junto a Vidal Potentini tambi\u00e9n fue juramentada la nueva junta directiva, para el per\u00edodo 2024-2027.<\/p>\n\n\n\n<p>Alexis Roa <\/p>\n","protected":false},"excerpt":{"rendered":"<p>Asegura trabajar\u00e1 para levantar la moral y la imagen del gremio Santo Domingo,\u00a0Rep\u00fablica Dominicana.- La Comisi\u00f3n Nacional Electoral del Colegio de Abogados de la Rep\u00fablica Dominicana (CARD) jurament\u00f3 a Trajano Vidal Potentini como nuevo presidente del gremio, tras obtener la victoria en las elecciones del pasado 2 de diciembre. Vidal Potentini afirm\u00f3 que asume el [&hellip;]<\/p>\n","protected":false},"author":28,"featured_media":498179,"comment_status":"closed","ping_status":"","sticky":true,"template":"","format":"standard","meta":{"footnotes":""},"categories":[36,22,27],"tags":[],"class_list":["post-498178","post","type-post","status-publish","format-standard","has-post-thumbnail","hentry","category-hombresmujeresycosas","category-politica","category-portada"],"_links":{"self":[{"href":"https:\/\/diariodominicano.com\/index.php?rest_route=\/wp\/v2\/posts\/498178","targetHints":{"allow":["GET"]}}],"collection":[{"href":"https:\/\/diariodominicano.com\/index.php?rest_route=\/wp\/v2\/posts"}],"about":[{"href":"https:\/\/diariodominicano.com\/index.php?rest_route=\/wp\/v2\/types\/post"}],"author":[{"embeddable":true,"href":"https:\/\/diariodominicano.com\/index.php?rest_route=\/wp\/v2\/users\/28"}],"replies":[{"embeddable":true,"href":"https:\/\/diariodominicano.com\/index.php?rest_route=%2Fwp%2Fv2%2Fcomments&post=498178"}],"version-history":[{"count":2,"href":"https:\/\/diariodominicano.com\/index.php?rest_route=\/wp\/v2\/posts\/498178\/revisions"}],"predecessor-version":[{"id":498181,"href":"https:\/\/diariodominicano.com\/index.php?rest_route=\/wp\/v2\/posts\/498178\/revisions\/498181"}],"wp:featuredmedia":[{"embeddable":true,"href":"https:\/\/diariodominicano.com\/index.php?rest_route=\/wp\/v2\/media\/498179"}],"wp:attachment":[{"href":"https:\/\/diariodominicano.com\/index.php?rest_route=%2Fwp%2Fv2%2Fmedia&parent=498178"}],"wp:term":[{"taxonomy":"category","embeddable":true,"href":"https:\/\/diariodominicano.com\/index.php?rest_route=%2Fwp%2Fv2%2Fcategories&post=498178"},{"taxonomy":"post_tag","embeddable":true,"href":"https:\/\/diariodominicano.com\/index.php?rest_route=%2Fwp%2Fv2%2Ftags&post=498178"}],"curies":[{"name":"wp","href":"https:\/\/api.w.org\/{rel}","templated":true}]}}