{"id":49807,"date":"2020-09-06T00:05:52","date_gmt":"2020-09-06T00:05:52","guid":{"rendered":"http:\/\/diariodominicano.ddns.net\/?p=49807"},"modified":"2020-09-06T00:05:52","modified_gmt":"2020-09-06T00:05:52","slug":"fuerzas-del-ejercito-espanol-entran-a-santiago-muere-el-general-gregorio-de-lora-en-batalla-de-la-fortaleza-san-luis","status":"publish","type":"post","link":"https:\/\/diariodominicano.com\/?p=49807","title":{"rendered":"Fuerzas del Ej\u00e9rcito Espa\u00f1ol entran a Santiago. Muere el general Gregorio de Lora en batalla de la Fortaleza San Luis&#13;"},"content":{"rendered":"<p><body><\/p>\n<p><img decoding=\"async\" src=\"img3\/gaspar0010.jpg\" \/><br \/><img decoding=\"async\" src=\"img3\/gregorio.jpg\" \/>  <\/p>\n<p><strong><span class=\"text1noticias\">Diariodominicano.com<\/span><\/strong><\/p>\n<p><strong><span class=\"text1noticias\">Fuerzas del Ej\u00e9rcito Espa\u00f1ol entran a Santiago. Muere el general Gregorio de Lora  en batalla de la Fortaleza San Luis<\/span><\/strong><\/p>\n<p><strong><span class=\"text1noticias\">Al referirse a los acontecimientos de Santiago, el general Gregorio Luper\u00f3n, en sus \u00abApuntes Hist\u00f3ricos\u00bb, afirma: \u00abAmbos contendientes hicieron esfuerzos de valor y dieron ejemplos de hero\u00edsmo en aquel d\u00eda memorable, que no podr\u00e1n borrar jam\u00e1s de la historia de la guerra, ni de la memoria de aquellos que tuvieron la inmensa gloria de presenciarlos.<\/span><\/strong><\/p>\n<p><strong><span class=\"text1noticias\"> <\/span><\/strong><\/p>\n<p><strong><span class=\"text1noticias\"> <\/span><\/strong><\/p>\n<p><strong><span class=\"text1noticias\">Por H\u00e9ctor Tineo Nolasco<\/span><\/strong><\/p>\n<p><strong><span class=\"text1noticias\">Diariodominicano.com<\/span><\/strong><\/p>\n<p><strong><span class=\"text1noticias\"> <\/span><\/strong><\/p>\n<p><span class=\"text1noticias\"> <\/span><\/p>\n<p><span class=\"text1noticias\"><strong> SANTIAGO  DE LOS CABALLEROS,  el  6 de septiembre de 1863<\/strong>, durante la Guerra de la Restauraci\u00f3n, luego de un intenso combate, las fuerzas espa\u00f1olas anexionistas lograron entrar a la Plaza  de Armas de Santiago.<\/span><\/p>\n<p><span class=\"text1noticias\"> <\/span><\/p>\n<p><span class=\"text1noticias\"><strong>En el combate muri\u00f3 el  General dominicano Gregorio de Lora, quien intent\u00f3  tomar la Fortaleza San Luis, donde estaban las tropas espa\u00f1olas.<\/strong><\/span><\/p>\n<p><span class=\"text1noticias\"> <\/span><\/p>\n<p><span class=\"text1noticias\">    Los espa\u00f1oles eran comandados por  el general Juan Suero y el coronel  Manuel Cappa, quienes hab\u00edan entrado a Santiago de los Caballeros con una columna de tres mil hombres procedentes de Puerto Plata.<\/span><\/p>\n<p><span class=\"text1noticias\"> <\/span><\/p>\n<p><span class=\"text1noticias\">  <strong> En el \u00abManual  de Historia Militar Dominicana\u00bb, se precisa que el d\u00eda 6 de septiembre de 1863, los restauradores ten\u00edan el dispositivo siguiente:<\/strong><\/span><\/p>\n<p><span class=\"text1noticias\"> <\/span><\/p>\n<p><span class=\"text1noticias\">   <strong>\u00abEl General Gregorio  de Lora march\u00f3 con una columna por la calle General Valverde; el Coronel Benito Monci\u00f3n, desde  El Castillo, dirig\u00eda la artiller\u00eda; el General Gregorio Luper\u00f3n march\u00f3 con otra columna por la calle Juan Francisco Garc\u00eda y el General Gaspar Polanco, Jefe de Operaciones,  march\u00f3 por la calle de La Barranca o de la Iglesia, con dos piezas de artiller\u00eda.<\/strong><\/span><\/p>\n<p><span class=\"text1noticias\"> <\/span><\/p>\n<p><span class=\"text1noticias\">    \u00abLas tropas espa\u00f1olas sumaban 900 hombres, dirigidas por el Brigadier Buceta, los generales Hungr\u00eda, Alfau y Achile Michel y el artillero Jos\u00e9 Mar\u00eda L\u00f3pez.<\/span><\/p>\n<p><span class=\"text1noticias\"> <\/span><\/p>\n<p><span class=\"text1noticias\">   <strong>\u00abA las 02:00 horas se di\u00f3 inicio al ataque. Las tropas restauradoras trataron  de forzar el combate cuerpo a  cuerpo, debido a que la gran mayor\u00eda estaba armada  de machete, que era el arma maestra de los dominicanos. Sin embargo, fueron rechazados por el fuego de la artiller\u00eda y de la infanter\u00eda enemiga, repleg\u00e1ndose las tropas dominicanas.<\/strong><\/span><\/p>\n<p><span class=\"text1noticias\"> <\/span><\/p>\n<p><span class=\"text1noticias\"><strong>El General Gregorio de Lora herido. Lleg\u00f3 hasta la puerta de La Fortaleza San Luis  <\/strong><\/span><\/p>\n<\/p>\n<p><span class=\"text1noticias\">   \u00abA las 09:00 horas, las tropas restauradoras lanzaron un nuevo ataque, en el cual el General Gregorio de Lora, con su columna lleg\u00f3 hasta la puerta de la fortaleza, siendo mortalmente herido  por el fuego enemigo. <\/span><\/p>\n<p><span class=\"text1noticias\"> <\/span><\/p>\n<p><span class=\"text1noticias\">   <strong>Ante esa circunstancia,  \u00abLa columna del General de Lora fue agregada a la del General Luper\u00f3n, quien intent\u00f3 un nuevo ataque, pero fue nuevamente rechazado por el fuego de la  artiller\u00eda y de la infanter\u00eda enemiga.<\/strong><\/span><\/p>\n<p><span class=\"text1noticias\"> <\/span><\/p>\n<p><span class=\"text1noticias\">    \u00abDos nuevos intentos de tomar el Fuerte por las armas  fueron rechazados por los espa\u00f1oles, quienes manten\u00edan unas posiciones defensivas  impenetrables, gracias a su armamento tecnol\u00f3gicamente m\u00e1s avanzado que el de los restauradores.<\/span><\/p>\n<p><span class=\"text1noticias\"> <\/span><\/p>\n<p><span class=\"text1noticias\"><strong>    \u00abEn el fragor del combate, el General Gaspar Polanco recibi\u00f3 la informaci\u00f3n de que el General Juan Suero y el Coronel Manuel Cappa se encontraban por el arroyo de Jacagua. Los dos ven\u00edan desde Puerto Plata en auxilio de la guarnici\u00f3n espa\u00f1ola, que se encontraba sitiada en la Fortaleza San Luis, y estim\u00f3 que un ataque por la retaguardia de sus, pr\u00e1cticamente, desarmadas tropas, ser\u00eda un golpe mortal, pues si la guarnici\u00f3n espa\u00f1ola que se encontraba en la Fortaleza San Luis hab\u00eda resistido la embestida de los asaltos, un refuerzo de m\u00e1s de 3,000 hombres con toda su fortaleza,  provocar\u00eda que su moral se elevara y podr\u00eda dar al traste con el terreno que hasta ese entonces hab\u00edan ganado\u00bb.<\/strong><\/span><\/p>\n<p><span class=\"text1noticias\"> <\/span><\/p>\n<p><span class=\"text1noticias\">    Vista esta situaci\u00f3n se decidi\u00f3 pegarle fuego a Santiago, que a poco de empezar a arder las llamas, se escucharon grandes detonaciones de los alambiques que funcionaban en la ciudad. <\/span><\/p>\n<p><span class=\"text1noticias\"> <\/span><\/p>\n<p><span class=\"text1noticias\">      <strong>El General Gaspar Polanco dej\u00f3 a  algunos efectivos al mando del general Gregorio Luper\u00f3n,  para que mantuvieran el sitio al Fuerte San Luis y con la mayor parte de las tropas, sali\u00f3 al encuentro del general Juan Suero y del Coronel Manuel Cappa.<\/strong><\/span><\/p>\n<p><span class=\"text1noticias\"> <\/span><\/p>\n<p><span class=\"text1noticias\">    El general Gaspar Polanco tambi\u00e9n dispuso que sus fuerzas  ocuparan los fuertes de Dios, Patria y Libertad, y una artiller\u00eda en el flanco derecho del Fuerte de Dios, aprovechando la cobertura de un bosque  en ese lugar.<\/span><\/p>\n<p><span class=\"text1noticias\"> <\/span><\/p>\n<p><span class=\"text1noticias\">   <strong> El informe militar precisa que a las 13:00 horas del 6 de septiembre, se dio inicio a un singular combate  en el que las tropas  dominicanas tuvieron que recurrir al arma blanca, pues las municiones se hab\u00edan agotado, pero le quedaba un potente recurso: las condiciones meteorol\u00f3gicas, pues el sofocante calor provoc\u00f3 que numerosos espa\u00f1oles cayeran asfixiados en el fragor del combate.<\/strong><\/span><\/p>\n<p><span class=\"text1noticias\"> <\/span><\/p>\n<p><span class=\"text1noticias\">    \u00abEl Batall\u00f3n Isabel II atac\u00f3 el centro y el Primer Batall\u00f3n de la Corona atac\u00f3 y tom\u00f3 el Fuerte de Dios, ayudado de la artiller\u00eda.<\/span><\/p>\n<p><span class=\"text1noticias\"> <\/span><\/p>\n<p><span class=\"text1noticias\">     Al lograr ese objetivo los espa\u00f1oles atacaron el Fuerte Patria, siendo rechazados por las tropas dominicanas, gracias al fuego efectivo de una pieza de artiller\u00eda que sorprendi\u00f3 a los espa\u00f1oles con disparo, pr\u00e1cticamente a quemarropa, que les ocasion\u00f3  cuantiosas bajas al enemigo, evitando que pudieran penetrar por ese lugar.<\/span><\/p>\n<p><span class=\"text1noticias\"> <\/span><\/p>\n<p><span class=\"text1noticias\">     <strong>\u00abEl Batall\u00f3n de la Corona, el batall\u00f3n de Madrid, el Batall\u00f3n de Cuba y la artiller\u00eda, atacaron y tomaron el Fuerte Libertad, despu\u00e9s de un combate de 4 horas que le cost\u00f3 153 bajas al enemigo, entre muertos y heridos\u00bb.<\/strong><\/span><\/p>\n<p><span class=\"text1noticias\"> <\/span><\/p>\n<p><span class=\"text1noticias\">     De acuerdo al informe militar, siendo las 17:00, la columna espa\u00f1ola se refugi\u00f3 en la Iglesia Mayor, que junto a la C\u00e1rcel Vieja fueron los \u00fanicos edificios que se salvaron del incendio, logrando penetrar las barreras establecidas por los patriotas.<\/span><\/p>\n<p><span class=\"text1noticias\"> <\/span><\/p>\n<p><span class=\"text1noticias\">    <strong> Para beneficio de la causa restauradora, la guarnici\u00f3n espa\u00f1ola del Fuerte San Luis no se enter\u00f3, sino al d\u00eda siguiente de los \u00faltimos acontecimientos, cuando se integraron el General Juan Suero y el Coronel Manuel Cappa a las tropas espa\u00f1olas sitiadas.<\/strong><\/span><\/p>\n<p><span class=\"text1noticias\"> <\/span><\/p>\n<p><span class=\"text1noticias\">     La versi\u00f3n militar resalta que el resultado de los \u00faltimos combates en Santiago provoc\u00f3 el des\u00e1nimo  de las tropas criollas, las cuales se replegaron en diferentes direcciones, perdi\u00e9ndose moment\u00e1neamente la unidad.<\/span><\/p>\n<p><span class=\"text1noticias\"> <\/span><\/p>\n<p><span class=\"text1noticias\">   Al referirse a los acontecimientos de Santiago, el general Gregorio Luper\u00f3n, en sus \u00abApuntes Hist\u00f3ricos\u00bb, afirma:<\/span><\/p>\n<p><span class=\"text1noticias\">   \u00abAmbos contendientes hicieron esfuerzos de valor y dieron ejemplos de hero\u00edsmo en aquel d\u00eda memorable, que no podr\u00e1n borrar jam\u00e1s de la historia de la guerra, ni de la memoria de aquellos que tuvieron la inmensa gloria de presenciarlos.<\/span><\/p>\n<p><span class=\"text1noticias\"> <\/span><\/p>\n<p><span class=\"text1noticias\">   <strong> \u00abLas descargas de fusiler\u00eda y de ca\u00f1ones, se hac\u00edan \u00e1 quema ropa, y los sitiados rechazaban \u00e1 los asaltantes con las puntas de sus bayonetas y con chorros  de metrallas\u00bb, se\u00f1ala el General Luper\u00f3n en <\/strong> sus \u00abApuntes Hist\u00f3ricos\u00bb.<\/span><\/p>\n<p><span class=\"text1noticias\"> <\/span><\/p>\n<p><span class=\"text1noticias\">    En los combates de Santiago, adem\u00e1s del General Gregorio de Lora, murieron otros oficiales dominicanos. Los  espa\u00f1oles tambi\u00e9n mataron el caballo del General Luper\u00f3n.<\/span><\/p>\n<p><span class=\"text1noticias\"> <\/span><\/p>\n<\/p>\n<\/p>\n<h6> 2020-09-06 00:05:52 <\/h6>\n<p><!--\n<link rel=\"stylesheet\" href=\"css\/bootstrap.min.css\">\n\n\n<ul class=\"pagination\">\n\t    \n\t\n\n<li >\n\t<a href='?page_no=240'>Previous<\/a>\n\t<\/li>\n\n\n       \n    \n\n<li><a href='?page_no=1'>1<\/a><\/li>\n\n\n\n<li><a href='?page_no=2'>2<\/a><\/li>\n\n\n\n<li><a>...<\/a><\/li>\n\n\n\n<li><a href='?page_no=239'>239<\/a><\/li>\n\n\n\n<li><a href='?page_no=240'>240<\/a><\/li>\n\n\n\n<li class='active'><a>241<\/a><\/li>\n\n\n\n<li><a href='?page_no=242'>242<\/a><\/li>\n\n\n\n<li><a href='?page_no=243'>243<\/a><\/li>\n\n\n\n<li><a>...<\/a><\/li>\n\n\n\n<li><a href='?page_no=22911'>22911<\/a><\/li>\n\n\n\n<li><a href='?page_no=22912'>22912<\/a><\/li>\n\n    \n\t\n\n<li >\n\t<a href='?page_no=242'>Next<\/a>\n\t<\/li>\n\n\n    \n\n<li><a href='?page_no=22912'>Last &rsaquo;&rsaquo;<\/a><\/li>\n\n<\/ul>\n\n\n--><br \/>\n<\/body><\/p>\n","protected":false},"excerpt":{"rendered":"<p>Diariodominicano.com Fuerzas del Ej\u00e9rcito Espa\u00f1ol entran a Santiago. Muere el general Gregorio de Lora en batalla de la Fortaleza San Luis Al referirse a los acontecimientos de Santiago, el general Gregorio Luper\u00f3n, en sus \u00abApuntes Hist\u00f3ricos\u00bb, afirma: \u00abAmbos contendientes hicieron esfuerzos de valor y dieron ejemplos de hero\u00edsmo en aquel d\u00eda memorable, que no podr\u00e1n [&hellip;]<\/p>\n","protected":false},"author":3,"featured_media":0,"comment_status":"open","ping_status":"open","sticky":false,"template":"","format":"standard","meta":{"footnotes":""},"categories":[21],"tags":[],"class_list":["post-49807","post","type-post","status-publish","format-standard","hentry","category-cultura"],"_links":{"self":[{"href":"https:\/\/diariodominicano.com\/index.php?rest_route=\/wp\/v2\/posts\/49807","targetHints":{"allow":["GET"]}}],"collection":[{"href":"https:\/\/diariodominicano.com\/index.php?rest_route=\/wp\/v2\/posts"}],"about":[{"href":"https:\/\/diariodominicano.com\/index.php?rest_route=\/wp\/v2\/types\/post"}],"author":[{"embeddable":true,"href":"https:\/\/diariodominicano.com\/index.php?rest_route=\/wp\/v2\/users\/3"}],"replies":[{"embeddable":true,"href":"https:\/\/diariodominicano.com\/index.php?rest_route=%2Fwp%2Fv2%2Fcomments&post=49807"}],"version-history":[{"count":0,"href":"https:\/\/diariodominicano.com\/index.php?rest_route=\/wp\/v2\/posts\/49807\/revisions"}],"wp:attachment":[{"href":"https:\/\/diariodominicano.com\/index.php?rest_route=%2Fwp%2Fv2%2Fmedia&parent=49807"}],"wp:term":[{"taxonomy":"category","embeddable":true,"href":"https:\/\/diariodominicano.com\/index.php?rest_route=%2Fwp%2Fv2%2Fcategories&post=49807"},{"taxonomy":"post_tag","embeddable":true,"href":"https:\/\/diariodominicano.com\/index.php?rest_route=%2Fwp%2Fv2%2Ftags&post=49807"}],"curies":[{"name":"wp","href":"https:\/\/api.w.org\/{rel}","templated":true}]}}