{"id":498023,"date":"2023-12-29T02:17:49","date_gmt":"2023-12-29T06:17:49","guid":{"rendered":"https:\/\/diariodominicano.com\/?p=498023"},"modified":"2023-12-29T02:17:49","modified_gmt":"2023-12-29T06:17:49","slug":"prd-es-tiro-mortal-a-productores-locales-proyecto-que-incentiva-importacion-de-alimentos","status":"publish","type":"post","link":"https:\/\/diariodominicano.com\/?p=498023","title":{"rendered":"PRD: \u201cEs tiro mortal a productores locales proyecto que incentiva importaci\u00f3n de alimentos\u201d"},"content":{"rendered":"\n<p><u><em><strong>La iniciativa autoriza traerlos sin pagar aranceles en situaciones de emergencia.<\/strong><\/em><\/u><\/p>\n\n\n\n<p>Santo Domingo. &#8211; El vicepresidente del Partido Revolucionario (PRD), H\u00e9ctor Guzm\u00e1n, calific\u00f3 de \u201ctiro mortal\u201d contra los productores nacionales, especialmente el sector agropecuario, el proyecto de ley aprobado por la C\u00e1mara de Diputados que grava con tasa cero la importaci\u00f3n de alimentos.<\/p>\n\n\n\n<p>\u201cSe trata de un sector que ha visto en los \u00faltimos a\u00f1os disminuir el empleo y la producci\u00f3n en m\u00e1s de 30 rubros del campo dominicano\u201d, expres\u00f3 Guzm\u00e1n.<\/p>\n\n\n\n<p>La pieza fue sometida el pasado 03 de octubre por el Poder Ejecutivo y autoriza la importaci\u00f3n de alimentos sin el pago de aranceles en situaciones de emergencia o desastres naturales. Fue aprobada por la mayor\u00eda oficialista, con el rechazo de los legisladores de los principales partidos de oposici\u00f3n.<\/p>\n\n\n\n<p>A juicio del tambi\u00e9n coordinador de campa\u00f1a del PRD, \u201ces traici\u00f3n a la patria incentivar las odiosas importaciones, en detrimento del productor nacional\u201d. Dijo que tal acci\u00f3n, en el futuro, perjudicar\u00e1 al pueblo consumidor, \u201cque tendr\u00e1 precios m\u00e1s altos y, con ello, m\u00e1s pobres\u201d.<\/p>\n\n\n\n<p>Llam\u00f3 a los congresistas a rechazar la iniciativa declarada de urgencia y aprobada en primera lectura. Esta ser\u00e1 conocida en una sesi\u00f3n extraordinaria este viernes, en segunda lectura, tras ser enviada a comisi\u00f3n.<\/p>\n\n\n\n<p>\u201cEsperamos que la mayor\u00eda de nuestros legisladores se revista de valor, votando en contra de ese proyecto y, de lo contrario, que nuestros productores y el pueblo se los tomen en cuenta\u201d, expres\u00f3 Guzm\u00e1n mediante nota de prensa.<\/p>\n","protected":false},"excerpt":{"rendered":"<p>La iniciativa autoriza traerlos sin pagar aranceles en situaciones de emergencia. Santo Domingo. &#8211; El vicepresidente del Partido Revolucionario (PRD), H\u00e9ctor Guzm\u00e1n, calific\u00f3 de \u201ctiro mortal\u201d contra los productores nacionales, especialmente el sector agropecuario, el proyecto de ley aprobado por la C\u00e1mara de Diputados que grava con tasa cero la importaci\u00f3n de alimentos. \u201cSe trata [&hellip;]<\/p>\n","protected":false},"author":7,"featured_media":497848,"comment_status":"closed","ping_status":"","sticky":true,"template":"","format":"standard","meta":{"footnotes":""},"categories":[22,27],"tags":[],"class_list":["post-498023","post","type-post","status-publish","format-standard","has-post-thumbnail","hentry","category-politica","category-portada"],"_links":{"self":[{"href":"https:\/\/diariodominicano.com\/index.php?rest_route=\/wp\/v2\/posts\/498023","targetHints":{"allow":["GET"]}}],"collection":[{"href":"https:\/\/diariodominicano.com\/index.php?rest_route=\/wp\/v2\/posts"}],"about":[{"href":"https:\/\/diariodominicano.com\/index.php?rest_route=\/wp\/v2\/types\/post"}],"author":[{"embeddable":true,"href":"https:\/\/diariodominicano.com\/index.php?rest_route=\/wp\/v2\/users\/7"}],"replies":[{"embeddable":true,"href":"https:\/\/diariodominicano.com\/index.php?rest_route=%2Fwp%2Fv2%2Fcomments&post=498023"}],"version-history":[{"count":1,"href":"https:\/\/diariodominicano.com\/index.php?rest_route=\/wp\/v2\/posts\/498023\/revisions"}],"predecessor-version":[{"id":498052,"href":"https:\/\/diariodominicano.com\/index.php?rest_route=\/wp\/v2\/posts\/498023\/revisions\/498052"}],"wp:featuredmedia":[{"embeddable":true,"href":"https:\/\/diariodominicano.com\/index.php?rest_route=\/wp\/v2\/media\/497848"}],"wp:attachment":[{"href":"https:\/\/diariodominicano.com\/index.php?rest_route=%2Fwp%2Fv2%2Fmedia&parent=498023"}],"wp:term":[{"taxonomy":"category","embeddable":true,"href":"https:\/\/diariodominicano.com\/index.php?rest_route=%2Fwp%2Fv2%2Fcategories&post=498023"},{"taxonomy":"post_tag","embeddable":true,"href":"https:\/\/diariodominicano.com\/index.php?rest_route=%2Fwp%2Fv2%2Ftags&post=498023"}],"curies":[{"name":"wp","href":"https:\/\/api.w.org\/{rel}","templated":true}]}}