{"id":49796,"date":"2020-09-06T20:24:22","date_gmt":"2020-09-06T20:24:22","guid":{"rendered":"http:\/\/diariodominicano.ddns.net\/?p=49796"},"modified":"2020-09-06T20:24:22","modified_gmt":"2020-09-06T20:24:22","slug":"carmen-heredia-visito-las-cuevas-del-pomier-constatando-el-peligro-que-representa-la-mineria-en-su-perimetro","status":"publish","type":"post","link":"https:\/\/diariodominicano.com\/?p=49796","title":{"rendered":"Carmen Heredia visit\u00f3 las Cuevas del Pomier constatando el peligro que representa la miner\u00eda en su per\u00edmetro"},"content":{"rendered":"<p><body><\/p>\n<p><img decoding=\"async\" src=\"img3\/Cuevas el Pomier 6-9-20.jpg\" \/>  <\/p>\n<p><span class=\"text1noticias\">diariodominicano.com<\/span><\/p>\n<\/p>\n<p><span class=\"text1noticias\">Santo Domingo, R. D., 6  de septiembre, 2020.- La Ministra de Cultura, Carmen Heredia visit\u00f3 las Cuevas del Pomier constatando el peligro que representa la miner\u00eda en su per\u00edmetro, amenazando la preservaci\u00f3n de la m\u00e1s importante expresi\u00f3n de arte rupestre de nuestro pa\u00eds. Apoyaremos decididamente este importante sitio para que sea designado Patrimonio de la Unesco.<\/span><\/p>\n<\/p>\n<p><span class=\"text1noticias\">Nos hicimos acompa\u00f1ar de Gamal Michelen, Viceministro de Patrimonio y ac\u00e9rrimo defensor hist\u00f3rico del Pomier, el espeol\u00f3logo Domingo Abreu.<\/span><\/p>\n<\/p>\n<p><span class=\"text1noticias\">\u00abEste es un punto sumamente importante de nuestra cultura ancestral y considero que deberia ser un punto turistico, pero pienso que tiene que haber muchas voluntades unidas para que esto se haga una realidad. Que pueda ser disfrutado no solo por los turistas sino tambi\u00e9n por nosotros los dominicanos que muchos no sabemos ni siquiera lo que tenemos\u00bb, expres\u00f3 la ministra Carmen Heredia.<\/span><\/p>\n<\/p>\n<p><span class=\"text1noticias\">Fuente: Direcci\u00f3n de Comunicaciones<\/span><\/p>\n<p><span class=\"text1noticias\">Ministerio de Cultura de la Rep\u00fablica Dominicana<\/span><\/p>\n<p><span class=\"text1noticias\"> <\/span><\/p>\n<p><span class=\"text1noticias\"> <\/span><\/p>\n<p><span class=\"text1noticias\"> <\/span><\/p>\n<p><span class=\"text1noticias\"> <\/span><\/p>\n<p><span class=\"text1noticias\"> <\/span><\/p>\n<p><span class=\"text1noticias\"> <\/span><\/p>\n<p><span class=\"text1noticias\"> <\/span><\/p>\n<p><span class=\"text1noticias\">Ministerio de Cultura Rep\u00fablica Dominicana<\/span><\/p>\n<h6> 2020-09-06 20:24:22 <\/h6>\n<p><!--\n<link rel=\"stylesheet\" href=\"css\/bootstrap.min.css\">\n\n\n<ul class=\"pagination\">\n\t    \n\t\n\n<li >\n\t<a href='?page_no=239'>Previous<\/a>\n\t<\/li>\n\n\n       \n    \n\n<li><a href='?page_no=1'>1<\/a><\/li>\n\n\n\n<li><a href='?page_no=2'>2<\/a><\/li>\n\n\n\n<li><a>...<\/a><\/li>\n\n\n\n<li><a href='?page_no=238'>238<\/a><\/li>\n\n\n\n<li><a href='?page_no=239'>239<\/a><\/li>\n\n\n\n<li class='active'><a>240<\/a><\/li>\n\n\n\n<li><a href='?page_no=241'>241<\/a><\/li>\n\n\n\n<li><a href='?page_no=242'>242<\/a><\/li>\n\n\n\n<li><a>...<\/a><\/li>\n\n\n\n<li><a href='?page_no=22911'>22911<\/a><\/li>\n\n\n\n<li><a href='?page_no=22912'>22912<\/a><\/li>\n\n    \n\t\n\n<li >\n\t<a href='?page_no=241'>Next<\/a>\n\t<\/li>\n\n\n    \n\n<li><a href='?page_no=22912'>Last &rsaquo;&rsaquo;<\/a><\/li>\n\n<\/ul>\n\n\n--><br \/>\n<\/body><\/p>\n","protected":false},"excerpt":{"rendered":"<p>diariodominicano.com Santo Domingo, R. D., 6 de septiembre, 2020.- La Ministra de Cultura, Carmen Heredia visit\u00f3 las Cuevas del Pomier constatando el peligro que representa la miner\u00eda en su per\u00edmetro, amenazando la preservaci\u00f3n de la m\u00e1s importante expresi\u00f3n de arte rupestre de nuestro pa\u00eds. Apoyaremos decididamente este importante sitio para que sea designado Patrimonio de [&hellip;]<\/p>\n","protected":false},"author":3,"featured_media":0,"comment_status":"open","ping_status":"open","sticky":false,"template":"","format":"standard","meta":{"footnotes":""},"categories":[21],"tags":[],"class_list":["post-49796","post","type-post","status-publish","format-standard","hentry","category-cultura"],"_links":{"self":[{"href":"https:\/\/diariodominicano.com\/index.php?rest_route=\/wp\/v2\/posts\/49796","targetHints":{"allow":["GET"]}}],"collection":[{"href":"https:\/\/diariodominicano.com\/index.php?rest_route=\/wp\/v2\/posts"}],"about":[{"href":"https:\/\/diariodominicano.com\/index.php?rest_route=\/wp\/v2\/types\/post"}],"author":[{"embeddable":true,"href":"https:\/\/diariodominicano.com\/index.php?rest_route=\/wp\/v2\/users\/3"}],"replies":[{"embeddable":true,"href":"https:\/\/diariodominicano.com\/index.php?rest_route=%2Fwp%2Fv2%2Fcomments&post=49796"}],"version-history":[{"count":0,"href":"https:\/\/diariodominicano.com\/index.php?rest_route=\/wp\/v2\/posts\/49796\/revisions"}],"wp:attachment":[{"href":"https:\/\/diariodominicano.com\/index.php?rest_route=%2Fwp%2Fv2%2Fmedia&parent=49796"}],"wp:term":[{"taxonomy":"category","embeddable":true,"href":"https:\/\/diariodominicano.com\/index.php?rest_route=%2Fwp%2Fv2%2Fcategories&post=49796"},{"taxonomy":"post_tag","embeddable":true,"href":"https:\/\/diariodominicano.com\/index.php?rest_route=%2Fwp%2Fv2%2Ftags&post=49796"}],"curies":[{"name":"wp","href":"https:\/\/api.w.org\/{rel}","templated":true}]}}