{"id":49795,"date":"2020-11-23T14:18:19","date_gmt":"2020-11-23T14:18:19","guid":{"rendered":"http:\/\/diariodominicano.ddns.net\/?p=49795"},"modified":"2020-11-23T14:18:19","modified_gmt":"2020-11-23T14:18:19","slug":"becados-comparten-con-ministro-del-mescyt-experiencia-de-estudios-en-costa-rica","status":"publish","type":"post","link":"https:\/\/diariodominicano.com\/?p=49795","title":{"rendered":"Becados comparten con ministro del MESCYT experiencia de estudios en Costa Rica"},"content":{"rendered":"<p><body><\/p>\n<p><img decoding=\"async\" src=\"img3\/Mescyt23-11-20.jpg\" \/>  <\/p>\n<p><span class=\"text1noticias\"> <\/span><\/p>\n<p><span class=\"text1noticias\">diariodominicano.com<\/span><\/p>\n<p><span class=\"text1noticias\"> Santo Domingo, R. D., 23 de noviembre, 2020.- El Ministro de Educaci\u00f3n Superior, Ciencia y Tecnolog\u00eda, doctor Franklin Garc\u00eda Ferm\u00edn, sostuvo una reuni\u00f3n con una delegaci\u00f3n de estudiantes dominicanos egresados recientemente del Centro Agron\u00f3mico Tropical de Investigaci\u00f3n y Ense\u00f1anza (CATIE), organizaci\u00f3n internacional establecida en 1973 con fines de investigaci\u00f3n cient\u00edfica, educaci\u00f3n de posgrado y apoyo t\u00e9cnico a los pa\u00edses, en los sectores agropecuario y de recursos naturales.<\/span><\/p>\n<\/p>\n<p><span class=\"text1noticias\">Los egresados de la entidad, con sede central en el cant\u00f3n de Turrialba, en la provincia de Cartago, Costa Rica, expusieron a Garc\u00eda Ferm\u00edn sus experiencias en los estudios de maestr\u00edas y posgrados en agroforester\u00eda y agricultura sostenible.<\/span><\/p>\n<\/p>\n<p><span class=\"text1noticias\">El ministro del MESCYT, doctor Franklin Garc\u00eda Ferm\u00edn, abog\u00f3 por que ese programa se mantenga para seguir formando las capacidades que necesita el pa\u00eds en un \u00e1rea sensible para el desarrollo y sostenibilidad.<\/span><\/p>\n<\/p>\n<p><span class=\"text1noticias\">Resalt\u00f3 que los becados est\u00e1n en el pa\u00eds sirviendo en \u00e1reas estrat\u00e9gicas de instituciones del Estado, como Agricultura, Medio Ambiente y otras instancias.<\/span><\/p>\n<\/p>\n<p><span class=\"text1noticias\">El funcionario felicit\u00f3 al grupo por el logro alcanzado y lo anim\u00f3 a que contin\u00fae creciendo en sus capacidades a favor de las mejores causas del pa\u00eds.<\/span><\/p>\n<\/p>\n<p><span class=\"text1noticias\">El MESCYT destac\u00f3 que la sostenibilidad y el medio ambiente son \u00e1reas estrat\u00e9gicas que deben ser apoyadas con la preparaci\u00f3n del personal que laborar\u00e1 en ella.<\/span><\/p>\n<\/p>\n<p><span class=\"text1noticias\">De su lado, el representante de CATIE para Rep\u00fablica Dominicana y Hait\u00ed, Alfredo Mena, manifest\u00f3 que ha sido una gran oportunidad trabajar con el MESCYT e impulsar la capacitaci\u00f3n de recursos humanos.<\/span><\/p>\n<\/p>\n<p><span class=\"text1noticias\">\u00abEn los \u00faltimos dos a\u00f1os han ingresado al CATIE 27 profesionales, 16 de ellos becados por el MESCYT, el primer grupo termin\u00f3 ahora, el segundo grupo terminar\u00e1 en julio del a\u00f1o pr\u00f3ximo\u00bb, agreg\u00f3.<\/span><\/p>\n<\/p>\n<p><span class=\"text1noticias\">Mena dijo que la entidad est\u00e1 trabajando en el pa\u00eds con distintas universidades y ministerios, para enfocar el reforzamiento de capacidades.<\/span><\/p>\n<\/p>\n<p><span class=\"text1noticias\">En el recibimiento a los estudiantes participaron el viceministro del MESCYT, Carlos Mendieta; el asesor especial, Julio Altagracia y el director general del Departamento de Becas Internacionales del MESCYT, Roger Thomas Mora.<\/span><\/p>\n<\/p>\n<p><span class=\"text1noticias\"> federico mendez nova<\/span><\/p>\n<\/p>\n<p><span class=\"text1noticias\"> <\/span><\/p>\n<\/p>\n<p><span class=\"text1noticias\"> <\/span><\/p>\n<\/p>\n<p><span class=\"text1noticias\">PIE DE FOTO:<\/span><\/p>\n<\/p>\n<p><span class=\"text1noticias\"> <\/span><\/p>\n<\/p>\n<p><span class=\"text1noticias\">El Ministro del MESCYT, doctor Franklin Garc\u00eda Ferm\u00edn, recibi\u00f3  los becados y los anim\u00f3 a continuar su capacitaci\u00f3n.<\/span><\/p>\n<p><span class=\"text1noticias\"> <\/span><\/p>\n<p><span class=\"text1noticias\"> <\/span><\/p>\n<\/p>\n<h6> 2020-11-23 14:18:19 <\/h6>\n<p><!--\n<link rel=\"stylesheet\" href=\"css\/bootstrap.min.css\">\n\n\n<ul class=\"pagination\">\n\t    \n\t\n\n<li >\n\t<a href='?page_no=23'>Previous<\/a>\n\t<\/li>\n\n\n       \n    \n\n<li><a href='?page_no=1'>1<\/a><\/li>\n\n\n\n<li><a href='?page_no=2'>2<\/a><\/li>\n\n\n\n<li><a>...<\/a><\/li>\n\n\n\n<li><a href='?page_no=22'>22<\/a><\/li>\n\n\n\n<li><a href='?page_no=23'>23<\/a><\/li>\n\n\n\n<li class='active'><a>24<\/a><\/li>\n\n\n\n<li><a href='?page_no=25'>25<\/a><\/li>\n\n\n\n<li><a href='?page_no=26'>26<\/a><\/li>\n\n\n\n<li><a>...<\/a><\/li>\n\n\n\n<li><a href='?page_no=22911'>22911<\/a><\/li>\n\n\n\n<li><a href='?page_no=22912'>22912<\/a><\/li>\n\n    \n\t\n\n<li >\n\t<a href='?page_no=25'>Next<\/a>\n\t<\/li>\n\n\n    \n\n<li><a href='?page_no=22912'>Last &rsaquo;&rsaquo;<\/a><\/li>\n\n<\/ul>\n\n\n--><br \/>\n<\/body><\/p>\n","protected":false},"excerpt":{"rendered":"<p>diariodominicano.com Santo Domingo, R. D., 23 de noviembre, 2020.- El Ministro de Educaci\u00f3n Superior, Ciencia y Tecnolog\u00eda, doctor Franklin Garc\u00eda Ferm\u00edn, sostuvo una reuni\u00f3n con una delegaci\u00f3n de estudiantes dominicanos egresados recientemente del Centro Agron\u00f3mico Tropical de Investigaci\u00f3n y Ense\u00f1anza (CATIE), organizaci\u00f3n internacional establecida en 1973 con fines de investigaci\u00f3n cient\u00edfica, educaci\u00f3n de posgrado y [&hellip;]<\/p>\n","protected":false},"author":3,"featured_media":0,"comment_status":"open","ping_status":"open","sticky":false,"template":"","format":"standard","meta":{"footnotes":""},"categories":[21],"tags":[],"class_list":["post-49795","post","type-post","status-publish","format-standard","hentry","category-cultura"],"_links":{"self":[{"href":"https:\/\/diariodominicano.com\/index.php?rest_route=\/wp\/v2\/posts\/49795","targetHints":{"allow":["GET"]}}],"collection":[{"href":"https:\/\/diariodominicano.com\/index.php?rest_route=\/wp\/v2\/posts"}],"about":[{"href":"https:\/\/diariodominicano.com\/index.php?rest_route=\/wp\/v2\/types\/post"}],"author":[{"embeddable":true,"href":"https:\/\/diariodominicano.com\/index.php?rest_route=\/wp\/v2\/users\/3"}],"replies":[{"embeddable":true,"href":"https:\/\/diariodominicano.com\/index.php?rest_route=%2Fwp%2Fv2%2Fcomments&post=49795"}],"version-history":[{"count":0,"href":"https:\/\/diariodominicano.com\/index.php?rest_route=\/wp\/v2\/posts\/49795\/revisions"}],"wp:attachment":[{"href":"https:\/\/diariodominicano.com\/index.php?rest_route=%2Fwp%2Fv2%2Fmedia&parent=49795"}],"wp:term":[{"taxonomy":"category","embeddable":true,"href":"https:\/\/diariodominicano.com\/index.php?rest_route=%2Fwp%2Fv2%2Fcategories&post=49795"},{"taxonomy":"post_tag","embeddable":true,"href":"https:\/\/diariodominicano.com\/index.php?rest_route=%2Fwp%2Fv2%2Ftags&post=49795"}],"curies":[{"name":"wp","href":"https:\/\/api.w.org\/{rel}","templated":true}]}}