{"id":497925,"date":"2023-12-27T15:12:48","date_gmt":"2023-12-27T19:12:48","guid":{"rendered":"https:\/\/diariodominicano.com\/?p=497925"},"modified":"2023-12-27T15:12:48","modified_gmt":"2023-12-27T19:12:48","slug":"la-aldea-navidena-de-cepm-ilumino-la-magia-de-la-navidad-con-la-participacion-de-mas-de-4000-personas","status":"publish","type":"post","link":"https:\/\/diariodominicano.com\/?p=497925","title":{"rendered":"La Aldea Navide\u00f1a de CEPM ilumin\u00f3 la magia de la Navidad con la participaci\u00f3n de m\u00e1s de 4,000 personas"},"content":{"rendered":"\n<p><strong><em>La comunidad se congreg\u00f3 en armon\u00eda para celebrar la Navidad con una variedad de atracciones que inclu\u00edan una pista de patinaje, pintacaritas, inflables, juegos y espect\u00e1culos dise\u00f1ados para cautivar a todas las edades.&nbsp;<\/em><\/strong><\/p>\n\n\n\n<p><strong>B\u00e1varo, Punta Cana.&nbsp;<\/strong>\u2013 La Aldea Navide\u00f1a de CEPM brill\u00f3 una vez m\u00e1s como un punto de encuentro festivo y lleno de alegr\u00eda en B\u00e1varo Punta Cana, logrando un extraordinario hito con la participaci\u00f3n de m\u00e1s de 4,000 personas.<\/p>\n\n\n\n<p>Este esperado evento, ya arraigado como una tradici\u00f3n anual, se llev\u00f3 a cabo con \u00e9xito del 1 al 3 de diciembre del presente a\u00f1o en el acogedor anfiteatro de San Juan Shopping Center, en B\u00e1varo.<\/p>\n\n\n\n<p>Las palabras inaugurales de Oscar San Mart\u00edn, gerente general de CEPM, acompa\u00f1ado por el alcalde de Ver\u00f3n Punta Cana, Ram\u00f3n Antonio \u00abManolito\u00bb Ram\u00edrez, llenaron de entusiasmo a los presentes y resaltaron el compromiso de la empresa con la comunidad.<\/p>\n\n\n\n<figure class=\"wp-block-gallery columns-3 is-cropped wp-block-gallery-1 is-layout-flex wp-block-gallery-is-layout-flex\"><ul class=\"blocks-gallery-grid\"><li class=\"blocks-gallery-item\"><figure><img loading=\"lazy\" decoding=\"async\" width=\"676\" height=\"451\" src=\"https:\/\/diariodominicano.com\/wp-content\/uploads\/2023\/12\/Ejecutivos-de-CEPM-y-la-Alcaldia-de-Veron-durante-las-palabras-de-bienvenida-en-La-Aldea-Navidena-2023-diciembre-2023-1.jpg\" alt=\"\" data-id=\"497935\" data-full-url=\"https:\/\/diariodominicano.com\/wp-content\/uploads\/2023\/12\/Ejecutivos-de-CEPM-y-la-Alcaldia-de-Veron-durante-las-palabras-de-bienvenida-en-La-Aldea-Navidena-2023-diciembre-2023-1.jpg\" data-link=\"https:\/\/diariodominicano.com\/?attachment_id=497935\" class=\"wp-image-497935\" srcset=\"https:\/\/diariodominicano.com\/wp-content\/uploads\/2023\/12\/Ejecutivos-de-CEPM-y-la-Alcaldia-de-Veron-durante-las-palabras-de-bienvenida-en-La-Aldea-Navidena-2023-diciembre-2023-1.jpg 676w, https:\/\/diariodominicano.com\/wp-content\/uploads\/2023\/12\/Ejecutivos-de-CEPM-y-la-Alcaldia-de-Veron-durante-las-palabras-de-bienvenida-en-La-Aldea-Navidena-2023-diciembre-2023-1-300x200.jpg 300w\" sizes=\"auto, (max-width: 676px) 100vw, 676px\" \/><\/figure><\/li><li class=\"blocks-gallery-item\"><figure><img loading=\"lazy\" decoding=\"async\" width=\"644\" height=\"430\" src=\"https:\/\/diariodominicano.com\/wp-content\/uploads\/2023\/12\/Presentacion-de-danza-en-La-Aldea-Navidena-de-CEPM-diciembre-2023-1.jpg\" alt=\"\" data-id=\"497936\" data-full-url=\"https:\/\/diariodominicano.com\/wp-content\/uploads\/2023\/12\/Presentacion-de-danza-en-La-Aldea-Navidena-de-CEPM-diciembre-2023-1.jpg\" data-link=\"https:\/\/diariodominicano.com\/?attachment_id=497936\" class=\"wp-image-497936\" srcset=\"https:\/\/diariodominicano.com\/wp-content\/uploads\/2023\/12\/Presentacion-de-danza-en-La-Aldea-Navidena-de-CEPM-diciembre-2023-1.jpg 644w, https:\/\/diariodominicano.com\/wp-content\/uploads\/2023\/12\/Presentacion-de-danza-en-La-Aldea-Navidena-de-CEPM-diciembre-2023-1-300x200.jpg 300w\" sizes=\"auto, (max-width: 644px) 100vw, 644px\" \/><\/figure><\/li><li class=\"blocks-gallery-item\"><figure><img loading=\"lazy\" decoding=\"async\" width=\"690\" height=\"459\" src=\"https:\/\/diariodominicano.com\/wp-content\/uploads\/2023\/12\/Presentacion-de-Santa-en-La-Aldea-Navidena-de-CEPM-diciembre-2023-1.jpg\" alt=\"\" data-id=\"497937\" data-full-url=\"https:\/\/diariodominicano.com\/wp-content\/uploads\/2023\/12\/Presentacion-de-Santa-en-La-Aldea-Navidena-de-CEPM-diciembre-2023-1.jpg\" data-link=\"https:\/\/diariodominicano.com\/?attachment_id=497937\" class=\"wp-image-497937\" srcset=\"https:\/\/diariodominicano.com\/wp-content\/uploads\/2023\/12\/Presentacion-de-Santa-en-La-Aldea-Navidena-de-CEPM-diciembre-2023-1.jpg 690w, https:\/\/diariodominicano.com\/wp-content\/uploads\/2023\/12\/Presentacion-de-Santa-en-La-Aldea-Navidena-de-CEPM-diciembre-2023-1-300x200.jpg 300w\" sizes=\"auto, (max-width: 690px) 100vw, 690px\" \/><\/figure><\/li><li class=\"blocks-gallery-item\"><figure><img loading=\"lazy\" decoding=\"async\" width=\"663\" height=\"441\" src=\"https:\/\/diariodominicano.com\/wp-content\/uploads\/2023\/12\/La-Aldea-Navidena-de-CEPM-diciembre-2023-1.jpg\" alt=\"\" data-id=\"497938\" data-full-url=\"https:\/\/diariodominicano.com\/wp-content\/uploads\/2023\/12\/La-Aldea-Navidena-de-CEPM-diciembre-2023-1.jpg\" data-link=\"https:\/\/diariodominicano.com\/?attachment_id=497938\" class=\"wp-image-497938\" srcset=\"https:\/\/diariodominicano.com\/wp-content\/uploads\/2023\/12\/La-Aldea-Navidena-de-CEPM-diciembre-2023-1.jpg 663w, https:\/\/diariodominicano.com\/wp-content\/uploads\/2023\/12\/La-Aldea-Navidena-de-CEPM-diciembre-2023-1-300x200.jpg 300w\" sizes=\"auto, (max-width: 663px) 100vw, 663px\" \/><\/figure><\/li><\/ul><\/figure>\n\n\n\n<p>\u00abLa Aldea Navide\u00f1a es una manifestaci\u00f3n de nuestro compromiso inquebrantable de traer alegr\u00eda y eventos de calidad para que las familias disfruten juntas. Es gratificante ver c\u00f3mo la comunidad cada a\u00f1o se une en este espacio lleno de magia y tradici\u00f3n\u00bb, expres\u00f3 San Mart\u00edn, durante la ceremonia de apertura.<\/p>\n\n\n\n<p>A lo largo de tres d\u00edas m\u00e1gicos, la comunidad se congreg\u00f3 en armon\u00eda para celebrar la Navidad con una variedad de atracciones que inclu\u00edan una pista de patinaje, pintacaritas, inflables, juegos y espect\u00e1culos dise\u00f1ados para cautivar a todas las edades.&nbsp;<\/p>\n\n\n\n<p>Un punto culminante fue la exitosa feria de emprendedores, donde 18 talentosos emprendedores locales tuvieron la oportunidad de exhibir sus productos y servicios, y establecer conexiones comerciales, impulsando as\u00ed la econom\u00eda local. Con el fin de reconocer y recompensar el apoyo brindado, CEPM organiz\u00f3 un emocionante sorteo de un iPhone 15 entre los asistentes que respaldaron a estos talentosos emprendedores. Esta iniciativa a\u00f1adi\u00f3 un elemento de contribuci\u00f3n y emoci\u00f3n al evento, consolidando a\u00fan m\u00e1s la Aldea Navide\u00f1a como un lugar de alegr\u00eda, celebraci\u00f3n y gratas sorpresas para la comunidad.<\/p>\n\n\n\n<p>El \u00e9xito de este evento fue posible gracias al apoyo invaluable de aliados comprometidos con la comunidad, empresas que contribuyen activamente para hacer de la Aldea Navide\u00f1a un espacio memorable; entre ellos, Accelleron, Banco Popular, Castillo Moya Construction Group, Elecnor, Europcar, GEMSA, Grupo CESA, Humano Seguros, INDUSERV, INICIA, IMCA, MOBIL, Lezcano Hermanos, LUOVA, Perozo y Rodr\u00edguez, SALCO, San Juan Shopping Center y Wartsila.&#8211;<\/p>\n\n\n\n<figure class=\"wp-block-image\"><a href=\"https:\/\/www.linkedin.com\/in\/nadelyn-franco-caro-92236511a\/\" target=\"_blank\" rel=\"noreferrer noopener\"><img decoding=\"async\" src=\"https:\/\/ci3.googleusercontent.com\/mail-sig\/AIorK4y77kRni5nQQjMwNY3Mz3U_DmHZsBAaYfd-WfLP5LBqcJ3kzqT0SXzNlDGoelavdQj5HRKxaDU\" alt=\"\"\/><\/a><\/figure>\n","protected":false},"excerpt":{"rendered":"<p>La comunidad se congreg\u00f3 en armon\u00eda para celebrar la Navidad con una variedad de atracciones que inclu\u00edan una pista de patinaje, pintacaritas, inflables, juegos y espect\u00e1culos dise\u00f1ados para cautivar a todas las edades.&nbsp; B\u00e1varo, Punta Cana.&nbsp;\u2013 La Aldea Navide\u00f1a de CEPM brill\u00f3 una vez m\u00e1s como un punto de encuentro festivo y lleno de alegr\u00eda [&hellip;]<\/p>\n","protected":false},"author":7,"featured_media":497931,"comment_status":"closed","ping_status":"","sticky":true,"template":"","format":"standard","meta":{"footnotes":""},"categories":[25,27],"tags":[],"class_list":["post-497925","post","type-post","status-publish","format-standard","has-post-thumbnail","hentry","category-gente","category-portada"],"_links":{"self":[{"href":"https:\/\/diariodominicano.com\/index.php?rest_route=\/wp\/v2\/posts\/497925","targetHints":{"allow":["GET"]}}],"collection":[{"href":"https:\/\/diariodominicano.com\/index.php?rest_route=\/wp\/v2\/posts"}],"about":[{"href":"https:\/\/diariodominicano.com\/index.php?rest_route=\/wp\/v2\/types\/post"}],"author":[{"embeddable":true,"href":"https:\/\/diariodominicano.com\/index.php?rest_route=\/wp\/v2\/users\/7"}],"replies":[{"embeddable":true,"href":"https:\/\/diariodominicano.com\/index.php?rest_route=%2Fwp%2Fv2%2Fcomments&post=497925"}],"version-history":[{"count":1,"href":"https:\/\/diariodominicano.com\/index.php?rest_route=\/wp\/v2\/posts\/497925\/revisions"}],"predecessor-version":[{"id":497939,"href":"https:\/\/diariodominicano.com\/index.php?rest_route=\/wp\/v2\/posts\/497925\/revisions\/497939"}],"wp:featuredmedia":[{"embeddable":true,"href":"https:\/\/diariodominicano.com\/index.php?rest_route=\/wp\/v2\/media\/497931"}],"wp:attachment":[{"href":"https:\/\/diariodominicano.com\/index.php?rest_route=%2Fwp%2Fv2%2Fmedia&parent=497925"}],"wp:term":[{"taxonomy":"category","embeddable":true,"href":"https:\/\/diariodominicano.com\/index.php?rest_route=%2Fwp%2Fv2%2Fcategories&post=497925"},{"taxonomy":"post_tag","embeddable":true,"href":"https:\/\/diariodominicano.com\/index.php?rest_route=%2Fwp%2Fv2%2Ftags&post=497925"}],"curies":[{"name":"wp","href":"https:\/\/api.w.org\/{rel}","templated":true}]}}