{"id":497912,"date":"2023-12-27T13:22:00","date_gmt":"2023-12-27T17:22:00","guid":{"rendered":"https:\/\/diariodominicano.com\/?p=497912"},"modified":"2023-12-27T13:22:00","modified_gmt":"2023-12-27T17:22:00","slug":"republica-dominicana-registra-en-el-2023-las-navidades-mas-caras-de-la-historia-afirma-carlos-segura-foster-del-cc-del-pld","status":"publish","type":"post","link":"https:\/\/diariodominicano.com\/?p=497912","title":{"rendered":"Rep\u00fablica Dominicana registra en el 2023 las navidades m\u00e1s caras de la historia, afirma Carlos Segura Foster del CC del PLD"},"content":{"rendered":"\n<p>diariodominicano.com<\/p>\n\n\n\n<p>Santo Domingo, R. D.,  27 de diciembre, 2023.-   <strong>El experto agropecuario, Carlos Segura Foster, quien es miembro del Comit\u00e9 Central del Partido de la Liberaci\u00f3n Dominicana (PLD),<\/strong>\u00a0atribuy\u00f3 a la err\u00e1tica pol\u00edtica del gobierno del PRM, privilegiando las importaciones en detrimento de la producci\u00f3n local, la paralizaci\u00f3n de la agropecuaria nacional.<\/p>\n\n\n\n<p>\u201cEn los cuatro meses finales del a\u00f1o 2020, con una sobre abundancia de productos del campo dominicano, se importaron 2 mil 100 millones de d\u00f3lares de alimentos en detrimento de los productores locales que se vieron en la obligaci\u00f3n de regalar o botar sus productos, como sucedi\u00f3 con art\u00edculos como, zanahoria, papa, remolacha, cebolla, entre otros\u201d, dijo Segura Foster.<\/p>\n\n\n\n<p>Explic\u00f3 a sus entrevistadores del programa&nbsp; &nbsp;de televisi\u00f3n Buenos D\u00edas que en el 2021 se importaron 4 mil 300 millones de d\u00f3lares, en el 2022 el monto de la importaci\u00f3n de alimentos se elev\u00f3 a 5 mil 200 millones de d\u00f3lares y en el actual 2023 sobrepasar\u00e1n la cifra de los 6 mil millones de d\u00f3lares.<\/p>\n\n\n\n<p>Lament\u00f3 que las protestas en el pa\u00eds est\u00e9n vedadas con el voluminoso gasto de 8 mil millones de pesos en publicidad, que &nbsp;&nbsp;ha creado una especie de autocensura en los medios de divulgaci\u00f3n.<\/p>\n\n\n\n<p>La autorizaci\u00f3n para la masiva importaci\u00f3n de alimentos origin\u00f3 una reducci\u00f3n sustancial en la producci\u00f3n de 45 de los comestibles en la mesa de los dominicanos, coment\u00f3.&nbsp;<\/p>\n\n\n\n<p>En el rengl\u00f3n pecuario Carlos Segura Foster cit\u00f3 la producci\u00f3n de cerdos, que, por el descuido y desatenci\u00f3n de las autoridades, permiti\u00f3 que regresara a Rep\u00fablica Dominicana la fiebre porcina africana.<\/p>\n\n\n\n<p>\u201cEs que ahora para la cena de nochebuena se compr\u00f3 cerdo asado por encima de los 600 y hasta 800 pesos la libra, cosa que nunca antes hab\u00eda sucedido\u201d se quej\u00f3 el ex administrador del Banco Agr\u00edcola.<\/p>\n\n\n\n<p>De ejemplo del desplome de la producci\u00f3n local el dirigente del PLD cit\u00f3 el precio de la unidad de pl\u00e1tano que ha llegado a costar 50 pesos, la libra de yuca a 35 pesos o de papa a 50 pesos.<\/p>\n\n\n\n<p>\u201cEn el gobierno del PRM, la poblaci\u00f3n ha comido los alimentos m\u00e1s caros de la historia. Estas navidades han sido las m\u00e1s caras para los dominicanos y dominicanas\u201d, cerr\u00f3 Carlos Segura Foster su intervenci\u00f3n.<\/p>\n\n\n\n<p><strong>SECRETARIA DE COMUNICACIONES<\/strong><\/p>\n\n\n\n<p><strong>27 DE DICIEMBRE, 2023.-<\/strong><\/p>\n","protected":false},"excerpt":{"rendered":"<p>diariodominicano.com Santo Domingo, R. D., 27 de diciembre, 2023.- El experto agropecuario, Carlos Segura Foster, quien es miembro del Comit\u00e9 Central del Partido de la Liberaci\u00f3n Dominicana (PLD),\u00a0atribuy\u00f3 a la err\u00e1tica pol\u00edtica del gobierno del PRM, privilegiando las importaciones en detrimento de la producci\u00f3n local, la paralizaci\u00f3n de la agropecuaria nacional. \u201cEn los cuatro meses [&hellip;]<\/p>\n","protected":false},"author":5,"featured_media":497913,"comment_status":"closed","ping_status":"","sticky":true,"template":"","format":"standard","meta":{"footnotes":""},"categories":[22,27],"tags":[],"class_list":["post-497912","post","type-post","status-publish","format-standard","has-post-thumbnail","hentry","category-politica","category-portada"],"_links":{"self":[{"href":"https:\/\/diariodominicano.com\/index.php?rest_route=\/wp\/v2\/posts\/497912","targetHints":{"allow":["GET"]}}],"collection":[{"href":"https:\/\/diariodominicano.com\/index.php?rest_route=\/wp\/v2\/posts"}],"about":[{"href":"https:\/\/diariodominicano.com\/index.php?rest_route=\/wp\/v2\/types\/post"}],"author":[{"embeddable":true,"href":"https:\/\/diariodominicano.com\/index.php?rest_route=\/wp\/v2\/users\/5"}],"replies":[{"embeddable":true,"href":"https:\/\/diariodominicano.com\/index.php?rest_route=%2Fwp%2Fv2%2Fcomments&post=497912"}],"version-history":[{"count":1,"href":"https:\/\/diariodominicano.com\/index.php?rest_route=\/wp\/v2\/posts\/497912\/revisions"}],"predecessor-version":[{"id":497914,"href":"https:\/\/diariodominicano.com\/index.php?rest_route=\/wp\/v2\/posts\/497912\/revisions\/497914"}],"wp:featuredmedia":[{"embeddable":true,"href":"https:\/\/diariodominicano.com\/index.php?rest_route=\/wp\/v2\/media\/497913"}],"wp:attachment":[{"href":"https:\/\/diariodominicano.com\/index.php?rest_route=%2Fwp%2Fv2%2Fmedia&parent=497912"}],"wp:term":[{"taxonomy":"category","embeddable":true,"href":"https:\/\/diariodominicano.com\/index.php?rest_route=%2Fwp%2Fv2%2Fcategories&post=497912"},{"taxonomy":"post_tag","embeddable":true,"href":"https:\/\/diariodominicano.com\/index.php?rest_route=%2Fwp%2Fv2%2Ftags&post=497912"}],"curies":[{"name":"wp","href":"https:\/\/api.w.org\/{rel}","templated":true}]}}