{"id":497689,"date":"2023-12-25T23:28:03","date_gmt":"2023-12-26T03:28:03","guid":{"rendered":"https:\/\/diariodominicano.com\/?p=497689"},"modified":"2023-12-26T00:05:41","modified_gmt":"2023-12-26T04:05:41","slug":"guillermo-caram-julio-cesar-de-la-rosa-y-daniel-pou-plantean-los-retos-inmediatos-que-tiene-republica-dominicana-para-el-2024","status":"publish","type":"post","link":"https:\/\/diariodominicano.com\/?p=497689","title":{"rendered":"Guillermo Caram, Julio C\u00e9sar de la Rosa y Daniel Pou plantean los retos inmediatos que tiene Rep\u00fablica Dominicana para el 2024"},"content":{"rendered":"\n<p><strong>Caram: \u201cLos gobiernos le han tenido miedo, \u201ccomo el diablo a la cruz\u201d, a la reforma tributaria\u201d<\/strong><\/p>\n\n\n\n<p><strong>De la Rosa: \u201cN<\/strong><strong>o hay tales avances en materia de transparencia en los \u00faltimos tiempos\u201d<\/strong><\/p>\n\n\n\n<p><strong>Daniel Pou: \u201cEl r\u00e9gimen de consecuencias tiene que ser universal e igual para todos\u201d<\/strong><\/p>\n\n\n\n<p>Es necesario abordar de inmediato una reforma fiscal en el 2024, hay posibilidades de que se activen casos de presunta corrupci\u00f3n a partir de enero y ante los traumas y frustraciones acumulados, uno de los principales retos de los pol\u00edticos es tornarse cre\u00edbles, plantearon Guillermo Caram, Julio C\u00e9sar de la Rosa y Daniel Pou.<\/p>\n\n\n\n<p>Entrevistados por el periodista Federico M\u00e9ndez, en el Panel del programa Esferas de Poder, que se transmite los domingos de 8:00 a 9:00 de la ma\u00f1ana, por RNN Canal 27, donde se pasa balance al 2023 y se pone en perspectivas el 2024, se\u00f1alaron cada uno de los desaf\u00edos que tiene el pa\u00eds en materia econ\u00f3mica, pol\u00edtica y en el sistema de consecuencias frente a los supuestos actos de corrupci\u00f3n.<\/p>\n\n\n\n<figure class=\"wp-block-image size-full\"><img loading=\"lazy\" decoding=\"async\" width=\"807\" height=\"453\" src=\"https:\/\/diariodominicano.com\/wp-content\/uploads\/2023\/12\/PHOTO-2023-12-19-21-53-56-1.jpg\" alt=\"\" class=\"wp-image-497692\" srcset=\"https:\/\/diariodominicano.com\/wp-content\/uploads\/2023\/12\/PHOTO-2023-12-19-21-53-56-1.jpg 807w, https:\/\/diariodominicano.com\/wp-content\/uploads\/2023\/12\/PHOTO-2023-12-19-21-53-56-1-300x168.jpg 300w, https:\/\/diariodominicano.com\/wp-content\/uploads\/2023\/12\/PHOTO-2023-12-19-21-53-56-1-768x431.jpg 768w\" sizes=\"auto, (max-width: 807px) 100vw, 807px\" \/><figcaption>Guillermo Caram<\/figcaption><\/figure>\n\n\n\n<p><strong>Guillermo Caram: \u201cEs necesario abordar la reforma de inmediato para el 2024\u201d<\/strong><\/p>\n\n\n\n<p>El ex gobernador del Banco Central, ingeniero Guillermo Caram, advirti\u00f3 que hace catorce a\u00f1os debi\u00f3 hacerse una reforma fiscal en el pa\u00eds, pero los gobiernos le han tenido miedo, \u201ccomo el diablo a la cruz\u201d.<\/p>\n\n\n\n<p>El economista especific\u00f3 que algunos se han negado a discutir el gasto, juntamente con la reforma y otros han sobrese\u00eddo el debate, como el presidente Luis Abinader.<\/p>\n\n\n\n<p>Refiri\u00e9ndose a Argentina, dijo que tiene una presi\u00f3n fiscal de un 29%, el doble de la Rep\u00fablica Dominicana, y sin embargo la naci\u00f3n latinoamericana tiene una crisis fiscal y econ\u00f3mica peor que la del pa\u00eds.<\/p>\n\n\n\n<p>Caram consider\u00f3 que el problema no est\u00e1 en los impuestos ni la presi\u00f3n tributaria, sino en la administraci\u00f3n del gasto.<\/p>\n\n\n\n<p>\u201cEs necesario abordar la reforma de inmediato para el 2024 y ojal\u00e1 est\u00e9 siendo preparada desde ahora, que cada candidato con opci\u00f3n; Luis Abinader y Leonel Fern\u00e1ndez, est\u00e9 preparando su equipo y que bonito ser\u00eda si existiera un milagro de que pudieran prepararla conjuntamente para aumentar su viabilidad\u201d, acot\u00f3.<\/p>\n\n\n\n<p>El experto afirm\u00f3 que, por primera vez, en muchos a\u00f1os, la econom\u00eda dominicana tiene un crecimiento moderado.<\/p>\n\n\n\n<p>\u201cQue no es malo porque hasta cierto punto un crecimiento excesivo, por mucho tiempo, crea problemas financieros\u201d, signific\u00f3.<\/p>\n\n\n\n<p>Plante\u00f3 que el 2023 es un a\u00f1o desafiante porque con tasas de crecimiento bajas, un entorno internacional incierto, caracterizado por un clima de guerra, los rezagos de la pandemia.<\/p>\n\n\n\n<p>El economista coment\u00f3 que la situaci\u00f3n fiscal sigue siendo como ha estado en los \u00faltimos a\u00f1os, porque en los \u00faltimos 14 a\u00f1os la fiscalidad solamente en un a\u00f1o fue superavitaria.<\/p>\n\n\n\n<p>\u201cEl resto fue deficitaria, RD$688,000 millones es el resultado operativo bruto del manejo financiero en los \u00faltimos 14 a\u00f1os, ello te lleva a que necesariamente tiene que depender del endeudamiento\u201d, adujo.<\/p>\n\n\n\n<p>Caram dijo que con raz\u00f3n el endeudamiento desde el 2008, la relaci\u00f3n deuda-producto se ha duplicado, por lo que el pa\u00eds est\u00e1 en una situaci\u00f3n desafiante, por un lado, reactivar y llegar a niveles de crecimiento satisfactorio, resolver el d\u00e9ficit fiscal y no seguir dependiendo del endeudamiento.<\/p>\n\n\n\n<p>Asimismo, mejorar la calidad del crecimiento econ\u00f3mico, que permita redundar en beneficio de las condiciones de vida del pueblo dominicano.<\/p>\n\n\n\n<p>\u201cPorque en cierta forma aqu\u00ed hay como dos econom\u00edas, la que se est\u00e1 midiendo por tasa de crecimiento, la econom\u00eda formal, pero hay una econom\u00eda subterr\u00e1nea, una econom\u00eda informal, que tiene que ver mucho con la seguridad ciudadana, que no se mide, no se sabe, entonces vivimos cultivando la propina, las informalidades y eso es un reflejo que no permite hacer un diagn\u00f3stico adecuado de lo que est\u00e1 viviendo el pueblo dominicano\u201d, signific\u00f3.<\/p>\n\n\n\n<figure class=\"wp-block-image size-full is-resized\"><img loading=\"lazy\" decoding=\"async\" src=\"https:\/\/diariodominicano.com\/wp-content\/uploads\/2023\/12\/PHOTO-2023-12-19-21-53-56-2.jpg\" alt=\"\" class=\"wp-image-497694\" width=\"616\" height=\"347\" srcset=\"https:\/\/diariodominicano.com\/wp-content\/uploads\/2023\/12\/PHOTO-2023-12-19-21-53-56-2.jpg 802w, https:\/\/diariodominicano.com\/wp-content\/uploads\/2023\/12\/PHOTO-2023-12-19-21-53-56-2-300x169.jpg 300w, https:\/\/diariodominicano.com\/wp-content\/uploads\/2023\/12\/PHOTO-2023-12-19-21-53-56-2-768x433.jpg 768w\" sizes=\"auto, (max-width: 616px) 100vw, 616px\" \/><figcaption>Julio C\u00e9sar de la Rosa <\/figcaption><\/figure>\n\n\n\n<p><strong>Julio C\u00e9sar de la Rosa: \u201cProbablemente se activen otros casos de corrupci\u00f3n a partir de enero\u201d<\/strong><\/p>\n\n\n\n<p>El presidente de la Alianza Dominicana Contra la Corrupci\u00f3n (ADOCCO), doctor Julio C\u00e9sar de la Rosa, advirti\u00f3 que probablemente haya casos de presunta corrupci\u00f3n frente a los cuales no se inicie su procesamiento, pero hay posibilidades de que haya otros que se activen.<\/p>\n\n\n\n<p>El dirigente de la sociedad civil entiende que el tema de la corrupci\u00f3n se ha convertido en una bandera de lucha pol\u00edtica y tradicionalmente es el m\u00e1s dulce como para salir a relucir durante una campa\u00f1a electoral.<\/p>\n\n\n\n<p>De la Rosa afirma que probablemente en una salida pol\u00edtica se pueden utilizar esos mismos casos para atraer o alejar adeptos, lo cual vendr\u00eda a profundizar la crisis de no enfrentar el tema de manera efectiva.<\/p>\n\n\n\n<p>El catedr\u00e1tico plante\u00f3 que hay una pr\u00e1ctica en la gesti\u00f3n p\u00fablica, en el entendido de que los funcionarios que deben ser procesados son siempre los del gobierno que sale.<\/p>\n\n\n\n<p>\u201cMuy dif\u00edcilmente se produzca un r\u00e9gimen de consecuencia efectivo en la propia administraci\u00f3n, porque tiene una salida, y es la destituci\u00f3n como una persona sindicada en la comisi\u00f3n de irregularidades el presidente lo quita, ya la gente entiende que esa fue una respuesta\u201d, signific\u00f3.<\/p>\n\n\n\n<p>De la Rosa sostuvo que si se toma el n\u00famero de ministros que han sido cesados, algunos por la v\u00eda elegante de la licencia y otros destituidos o llevados a una posici\u00f3n sin manejo de recursos, se puede ver de manera positiva.<\/p>\n\n\n\n<p>Pero en el caso de funcionarios p\u00fablicos que se les pueda quitar lo supuestamente robado, a partir de ah\u00ed surtir\u00e1 el efecto que rige el sistema de consecuencias.<\/p>\n\n\n\n<p>El jurista entiende que el pa\u00eds se coloca en los niveles m\u00e1s bajos en la lucha contra la corrupci\u00f3n, a nivel internacional.<\/p>\n\n\n\n<p>\u201cSi hacemos un balance de lo que ha transcurrido en el a\u00f1o, espec\u00edficamente lo que debe ser el abordaje del tema de la transparencia, se puede advertir que si establecemos algunos avances con la medici\u00f3n que actualmente tiene el propio gobierno, de medir la transparencia, del cumplimiento de la norma en esa materia, tiene 100 porque vemos que una serie de instituciones, al momento de ser calificadas en el rengl\u00f3n transparencia, la mayor\u00eda tienen 100\u201d, agreg\u00f3.<\/p>\n\n\n\n<p>Sin embargo, De la Rosa dijo que para su sorpresa esas instituciones, en ocasi\u00f3n de un solo proceso, el incumbente termina en licencia motu proprio o a solicitud del presidente de la Rep\u00fablica, \u201clo que significa que no hay tales avances en materia de transparencia en los \u00faltimos tiempos\u201d, agreg\u00f3.<\/p>\n\n\n\n<p>Manifest\u00f3 que a pesar de que una serie de auditor\u00edas de la Contralor\u00eda General de la Rep\u00fablica arroj\u00f3 una serie de irregularidades en instituciones del Estado, sus incumbentes se mantuvieron en los cargos y no fue procesado ninguno.<\/p>\n\n\n\n<p>\u201cNi hablar de lo que es el papel de la C\u00e1mara de Cuentas, que de 79 auditor\u00edas en el plan anual de auditor\u00edas, no ha realizado diez\u201d, enfatiz\u00f3.<\/p>\n\n\n\n<p>Consider\u00f3 que la transparencia es un conjunto de acciones, que van desde el derecho de estar informado y que las instituciones cumplan con el portal transparencia, donde se coloque la rendici\u00f3n de cuentas de la ejecuci\u00f3n presupuestaria.<\/p>\n\n\n\n<p>En este punto, dijo que se trata de una informaci\u00f3n sin calidad porque se coloca una informaci\u00f3n cruda sin que se especifique cada rengl\u00f3n de destino de los recursos.<\/p>\n\n\n\n<figure class=\"wp-block-image size-full\"><img loading=\"lazy\" decoding=\"async\" width=\"811\" height=\"447\" src=\"https:\/\/diariodominicano.com\/wp-content\/uploads\/2023\/12\/PHOTO-2023-12-19-21-53-56-3.jpg\" alt=\"\" class=\"wp-image-497696\" srcset=\"https:\/\/diariodominicano.com\/wp-content\/uploads\/2023\/12\/PHOTO-2023-12-19-21-53-56-3.jpg 811w, https:\/\/diariodominicano.com\/wp-content\/uploads\/2023\/12\/PHOTO-2023-12-19-21-53-56-3-300x165.jpg 300w, https:\/\/diariodominicano.com\/wp-content\/uploads\/2023\/12\/PHOTO-2023-12-19-21-53-56-3-768x423.jpg 768w\" sizes=\"auto, (max-width: 811px) 100vw, 811px\" \/><figcaption>Daniel Pou<\/figcaption><\/figure>\n\n\n\n<p><strong>Daniel Pou: \u201cUno de los principales retos que tiene la democracia es que la gente crea en los pol\u00edticos\u201d<\/strong><\/p>\n\n\n\n<p>El polit\u00f3logo y experto en seguridad ciudadana, Daniel Pou, advirti\u00f3 que el Estado Social y Democr\u00e1tico de Derecho, que es el que garantiza un ejercicio pleno de la democracia, hay que hacerle un recuento porque no es tan solo un clamor, sino una forma de hacer pol\u00edtica, manejar el poder y regir el Estado.<\/p>\n\n\n\n<p>Observ\u00f3 que uno de los principales retos que tienen los pol\u00edticos dominicanos es que la gente crea los que est\u00e1n proponiendo como tema durante el proceso de campa\u00f1a.<\/p>\n\n\n\n<p>El experto dijo que hay una trayectoria acumulada de frustraciones y traumas, por lo que uno de los principales capitales que tiene la pol\u00edtica hoy en d\u00eda y los principales retos es la confianza de la ciudadan\u00eda.<\/p>\n\n\n\n<p>\u201cCreo que en eso una situaci\u00f3n muy preocupante, la clase pol\u00edtica, el liderazgo pol\u00edtico dominicano no toca el tema de la democracia porque en t\u00e9rminos operativos reales ha sido satanizada en nuestro pa\u00eds\u201d, argument\u00f3.<\/p>\n\n\n\n<p>Pou entiende que se est\u00e1 jugando a ser dem\u00f3cratas, pero realmente para poder tener un halo de legitimidad, no para practicar la misma.<\/p>\n\n\n\n<p>Cree que se necesita que los actores pol\u00edticos entiendan que ya el pueblo dominicano de hoy en d\u00eda no es el mismo de ayer, que se sustentaba con consignas.<\/p>\n\n\n\n<p>Manifest\u00f3 que la transparencia implica un compromiso, voluntad pol\u00edtica, un r\u00e9gimen de legitimidad y sistema de justicia lo m\u00e1s pr\u00f3ximo al ideal.<\/p>\n\n\n\n<p>\u201cEl r\u00e9gimen de consecuencias tiene que ser universal e igual para todos, sin excepci\u00f3n alguna, como sociedad debemos aproximarnos cada vez m\u00e1s a ese ideal\u201d, enfatiz\u00f3.<\/p>\n\n\n\n<p>federico mendez nova<a target=\"_blank\" href=\"mailto:federico.mendeznova@gmail.com\" rel=\"noreferrer noopener\">federico.mendeznova@gmail.com<\/a><\/p>\n","protected":false},"excerpt":{"rendered":"<p>Caram: \u201cLos gobiernos le han tenido miedo, \u201ccomo el diablo a la cruz\u201d, a la reforma tributaria\u201d De la Rosa: \u201cNo hay tales avances en materia de transparencia en los \u00faltimos tiempos\u201d Daniel Pou: \u201cEl r\u00e9gimen de consecuencias tiene que ser universal e igual para todos\u201d Es necesario abordar de inmediato una reforma fiscal en [&hellip;]<\/p>\n","protected":false},"author":28,"featured_media":497690,"comment_status":"closed","ping_status":"closed","sticky":false,"template":"","format":"standard","meta":{"footnotes":""},"categories":[20,18,22,27],"tags":[],"class_list":["post-497689","post","type-post","status-publish","format-standard","has-post-thumbnail","hentry","category-dominicana-hoy","category-economia","category-politica","category-portada"],"_links":{"self":[{"href":"https:\/\/diariodominicano.com\/index.php?rest_route=\/wp\/v2\/posts\/497689","targetHints":{"allow":["GET"]}}],"collection":[{"href":"https:\/\/diariodominicano.com\/index.php?rest_route=\/wp\/v2\/posts"}],"about":[{"href":"https:\/\/diariodominicano.com\/index.php?rest_route=\/wp\/v2\/types\/post"}],"author":[{"embeddable":true,"href":"https:\/\/diariodominicano.com\/index.php?rest_route=\/wp\/v2\/users\/28"}],"replies":[{"embeddable":true,"href":"https:\/\/diariodominicano.com\/index.php?rest_route=%2Fwp%2Fv2%2Fcomments&post=497689"}],"version-history":[{"count":4,"href":"https:\/\/diariodominicano.com\/index.php?rest_route=\/wp\/v2\/posts\/497689\/revisions"}],"predecessor-version":[{"id":497698,"href":"https:\/\/diariodominicano.com\/index.php?rest_route=\/wp\/v2\/posts\/497689\/revisions\/497698"}],"wp:featuredmedia":[{"embeddable":true,"href":"https:\/\/diariodominicano.com\/index.php?rest_route=\/wp\/v2\/media\/497690"}],"wp:attachment":[{"href":"https:\/\/diariodominicano.com\/index.php?rest_route=%2Fwp%2Fv2%2Fmedia&parent=497689"}],"wp:term":[{"taxonomy":"category","embeddable":true,"href":"https:\/\/diariodominicano.com\/index.php?rest_route=%2Fwp%2Fv2%2Fcategories&post=497689"},{"taxonomy":"post_tag","embeddable":true,"href":"https:\/\/diariodominicano.com\/index.php?rest_route=%2Fwp%2Fv2%2Ftags&post=497689"}],"curies":[{"name":"wp","href":"https:\/\/api.w.org\/{rel}","templated":true}]}}