{"id":497630,"date":"2023-12-25T19:00:38","date_gmt":"2023-12-25T23:00:38","guid":{"rendered":"https:\/\/diariodominicano.com\/?p=497630"},"modified":"2023-12-25T19:02:34","modified_gmt":"2023-12-25T23:02:34","slug":"washington-25-dic-prensa-latina-el-expresidente-de-estados-unidos-donald-trump-volvio-a-atacar-hoy-en-redes-sociales-al-fiscal-especial-jack-smith-por-querer-procesarlo-dice-para-cumplir-los-dese","status":"publish","type":"post","link":"https:\/\/diariodominicano.com\/?p=497630","title":{"rendered":"Trump acusa a fiscal de querer juicio para cumplir deseo de Biden"},"content":{"rendered":"\n<p>Washington, 25 dic (Prensa Latina) El expresidente de Estados Unidos Donald Trump volvi\u00f3 a atacar hoy en redes sociales al fiscal especial Jack Smith por querer procesarlo, dice, para cumplir los deseos del actual mandatario Joe Biden<\/p>\n\n\n\n<p><\/p>\n\n\n\n<ul class=\"wp-block-list\"><li>diciembre 25, 2023<\/li><li>CST16:28 (GMT) -0500<\/li><\/ul>\n\n\n\n<p>Trump escribi\u00f3 en su red Truth Social que Smith es uno de los \u201cinadaptados y matones\u201d de Biden, que lo persiguen \u201ca niveles de persecuci\u00f3n nunca antes vistos en nuestro pa\u00eds\u201d.<\/p>\n\n\n\n<p><\/p>\n\n\n\n<p>En otra publicaci\u00f3n en la propia plataforma, el exgobernante sostuvo que tiene \u201cpleno derecho\u201d a inmunidad presidencial total por los cargos que enfrenta en el caso de interferencia federal en las elecciones, que present\u00f3 Smith.<\/p>\n\n\n\n<p>Trump enfrenta 91 cargos por delitos graves en cuatro juicios penales separados, que cubren presuntas conductas que van desde sus esfuerzos por anular los resultados de las elecciones presidenciales de 2020 hasta la retenci\u00f3n de documentos clasificados y confidenciales.<\/p>\n\n\n\n<p>El exgobernante se declar\u00f3 inocente de todas las imputaciones y aleg\u00f3 que tienen motivaciones pol\u00edticas porque es el favorito para la nominaci\u00f3n republicana de cara a las elecciones de 2024.<\/p>\n\n\n\n<p>Los integrantes del equipo legal de Trump argumentaron que su cliente deber\u00eda ser completamente inmune al procesamiento en el caso de Smith, porque las conductas mencionadas en la acusaci\u00f3n fueron acciones que tom\u00f3 mientras estaba en el cargo.<\/p>\n\n\n\n<p>La jueza Tanya Chutkan, que ha supervisado los procedimientos del caso, rechaz\u00f3 el argumento, pero Trump se dirigi\u00f3 al Tribunal de Apelaciones del Circuito del Distrito de Columbia.<\/p>\n\n\n\n<p>Smith solicit\u00f3 que la Corte Suprema emita un fallo sobre el argumento para pasar por alto el tribunal de apelaciones y ayudar a garantizar que el juicio por subversi\u00f3n electoral comience el 4 de marzo, como se prev\u00e9.<\/p>\n\n\n\n<p>Sin embargo, la corte se neg\u00f3 a acceder a la solicitud de Smith, lo que supone una victoria para Trump, que busca dilatar los procesos en su contra m\u00e1s all\u00e1 de noviembre del a\u00f1o entrante. El tribunal de apelaciones celebrar\u00e1 una audiencia sobre el tema el 9 de enero.<\/p>\n\n\n\n<p>Aunque Trump afirma de forma reiterada que los cargos en su contra tienen motivaciones pol\u00edticas y que Smith est\u00e1 actuando siguiendo las instrucciones de Biden, tanto el presidente como el fiscal enfatizaron que el Departamento de Justicia es independiente para tomar sus propias decisiones sin ninguna influencia pol\u00edtica.<\/p>\n","protected":false},"excerpt":{"rendered":"<p>Washington, 25 dic (Prensa Latina) El expresidente de Estados Unidos Donald Trump volvi\u00f3 a atacar hoy en redes sociales al fiscal especial Jack Smith por querer procesarlo, dice, para cumplir los deseos del actual mandatario Joe Biden diciembre 25, 2023 CST16:28 (GMT) -0500 Trump escribi\u00f3 en su red Truth Social que Smith es uno de [&hellip;]<\/p>\n","protected":false},"author":28,"featured_media":497631,"comment_status":"closed","ping_status":"","sticky":true,"template":"","format":"standard","meta":{"footnotes":""},"categories":[23,22,27],"tags":[],"class_list":["post-497630","post","type-post","status-publish","format-standard","has-post-thumbnail","hentry","category-internacional","category-politica","category-portada"],"_links":{"self":[{"href":"https:\/\/diariodominicano.com\/index.php?rest_route=\/wp\/v2\/posts\/497630","targetHints":{"allow":["GET"]}}],"collection":[{"href":"https:\/\/diariodominicano.com\/index.php?rest_route=\/wp\/v2\/posts"}],"about":[{"href":"https:\/\/diariodominicano.com\/index.php?rest_route=\/wp\/v2\/types\/post"}],"author":[{"embeddable":true,"href":"https:\/\/diariodominicano.com\/index.php?rest_route=\/wp\/v2\/users\/28"}],"replies":[{"embeddable":true,"href":"https:\/\/diariodominicano.com\/index.php?rest_route=%2Fwp%2Fv2%2Fcomments&post=497630"}],"version-history":[{"count":3,"href":"https:\/\/diariodominicano.com\/index.php?rest_route=\/wp\/v2\/posts\/497630\/revisions"}],"predecessor-version":[{"id":497634,"href":"https:\/\/diariodominicano.com\/index.php?rest_route=\/wp\/v2\/posts\/497630\/revisions\/497634"}],"wp:featuredmedia":[{"embeddable":true,"href":"https:\/\/diariodominicano.com\/index.php?rest_route=\/wp\/v2\/media\/497631"}],"wp:attachment":[{"href":"https:\/\/diariodominicano.com\/index.php?rest_route=%2Fwp%2Fv2%2Fmedia&parent=497630"}],"wp:term":[{"taxonomy":"category","embeddable":true,"href":"https:\/\/diariodominicano.com\/index.php?rest_route=%2Fwp%2Fv2%2Fcategories&post=497630"},{"taxonomy":"post_tag","embeddable":true,"href":"https:\/\/diariodominicano.com\/index.php?rest_route=%2Fwp%2Fv2%2Ftags&post=497630"}],"curies":[{"name":"wp","href":"https:\/\/api.w.org\/{rel}","templated":true}]}}