{"id":49762,"date":"2020-09-07T14:54:35","date_gmt":"2020-09-07T14:54:35","guid":{"rendered":"http:\/\/diariodominicano.ddns.net\/?p=49762"},"modified":"2020-09-07T14:54:35","modified_gmt":"2020-09-07T14:54:35","slug":"santos-badia-anuncia-infotep-se-prepara-para-reinicio-de-acciones-formativas-a-nivel-nacional","status":"publish","type":"post","link":"https:\/\/diariodominicano.com\/?p=49762","title":{"rendered":"Santos Bad\u00eda anuncia INFOTEP se prepara para reinicio de acciones formativas a nivel nacional"},"content":{"rendered":"<p><body><\/p>\n<p><img decoding=\"async\" src=\"img3\/Rafael Santos INFOTEP7-9-20.JPG\" \/>  <\/p>\n<p><span class=\"text1noticias\">diariodominicano.com<\/span><\/p>\n<p><span class=\"text1noticias\"> <\/span><\/p>\n<p><span class=\"text1noticias\">Santo Domingo, R. D., 7 de septiembre, 2020.- El Instituto Nacional de Formaci\u00f3n T\u00e9cnico Profesional (INFOTEP) se prepara para el reinicio de las acciones formativas a nivel nacional, bajo un estricto protocolo que cumplir\u00e1 con los est\u00e1ndares establecidos por organismos de salud nacionales e internacionales.<\/span><\/p>\n<p><span class=\"text1noticias\"> <\/span><\/p>\n<p><span class=\"text1noticias\">El director general del INFOTEP, Rafael Santos Bad\u00eda, explic\u00f3 que en una etapa inicial esta reapertura beneficiar\u00e1 a 59,220 participantes que est\u00e1n \u00e1vidos de la capacitaci\u00f3n que les permitir\u00e1 ingresar al sistema laboral y poder as\u00ed tener ingresos dignos.<\/span><\/p>\n<p><span class=\"text1noticias\"> <\/span><\/p>\n<p><span class=\"text1noticias\">Santos Bad\u00eda indic\u00f3 que el sector industrial se est\u00e1 recuperando r\u00e1pidamente, lo que implica un incremento en la demanda de personal t\u00e9cnico, requerimiento al que el INFOTEP responder\u00e1 entregando a la sociedad profesionales capacitados en las distintas \u00e1reas, necesarias para relanzar la econom\u00eda.<\/span><\/p>\n<p><span class=\"text1noticias\"> <\/span><\/p>\n<p><span class=\"text1noticias\">Al ser entrevistado en el programa Telematutino 11, que se transmite por Telesistema Canal 11 y es conducido por los destacados comunicadores Ram\u00f3n N\u00fa\u00f1ez y Jacqueline Morel, Santos Bad\u00eda afirm\u00f3 que este es el inicio de un gran plan que busca llevar al INFOTEP a la normalidad a m\u00e1s tardar en febrero del 2021.<\/span><\/p>\n<p><span class=\"text1noticias\"> <\/span><\/p>\n<p><span class=\"text1noticias\">El director del \u00f3rgano rector de la Formaci\u00f3n T\u00e9cnico Profesional agreg\u00f3 que el INFOTEP jugar\u00e1 un papel fundamental en los planes del presidente Luis Abinader para relanzar el turismo.<\/span><\/p>\n<p><span class=\"text1noticias\"> <\/span><\/p>\n<p><span class=\"text1noticias\">La instituci\u00f3n iniciar\u00e1 con la capacitaci\u00f3n del personal que trabajar\u00e1 en el desarrollo del sector tur\u00edstico en las comunidades de Miches y Pedernales.<\/span><\/p>\n<p><span class=\"text1noticias\"> <\/span><\/p>\n<p><span class=\"text1noticias\">\u00abLos t\u00e9cnicos que trabajar\u00e1n en esas comunidades no tendr\u00e1n que desplazarse para recibir formaci\u00f3n, el INFOTEP se trasladar\u00e1 hasta all\u00e1 y los capacitar\u00e1 para el desarrollo a nivel de empleo que tendr\u00e1n esos destinos\u00bb, expres\u00f3.<\/span><\/p>\n<p><span class=\"text1noticias\"> <\/span><\/p>\n<p><span class=\"text1noticias\">Dijo adem\u00e1s que la labor del INFOTEP es fundamental para la meta del presidente Abinader de crear 600 mil nuevos empleos para el sector privado.<\/span><\/p>\n<p><span class=\"text1noticias\"> <\/span><\/p>\n<p><span class=\"text1noticias\">\u00abEl INFOTEP est\u00e1 montado ya en el carruaje del futuro\u00bb, expres\u00f3 el director general al explicar que la pandemia del COVID-19 ha destapado la necesidad que tiene el pa\u00eds y el mundo de avanzar hacia la virtualidad.<\/span><\/p>\n<p><span class=\"text1noticias\"> <\/span><\/p>\n<p><span class=\"text1noticias\">Desde el inicio de la pandemia el INFOTEP estaba listo para asumir el reto de la formaci\u00f3n virtual lo que posibilit\u00f3 que continuara sus acciones formativas de manera remota.<\/span><\/p>\n<p><span class=\"text1noticias\"> <\/span><\/p>\n<p><span class=\"text1noticias\">Santos Bad\u00eda afirm\u00f3 que la instituci\u00f3n continuar\u00e1 formando a los profesionales de las carreras tradicionales, pero pondr\u00e1 especial \u00e9nfasis en las que van de la mano con la tecnolog\u00eda y la vanguardia de los nuevos tiempos.<\/span><\/p>\n<p><span class=\"text1noticias\"> <\/span><\/p>\n<p><span class=\"text1noticias\">El director general del INFOTEP, quien tom\u00f3 posesi\u00f3n el pasado jueves 27 de agosto, afirm\u00f3 que la instituci\u00f3n continuar\u00e1 su ritmo de trabajo con los mismos t\u00e9cnicos y dem\u00e1s colaboradores que han ejecutado de manera satisfactoria sus responsabilidades llev\u00e1ndola a los niveles de calidad que hoy ostenta. <\/span><\/p>\n<p><span class=\"text1noticias\"> <\/span><\/p>\n<p><span class=\"text1noticias\">Todo ese equipo trabaja en la reapertura de las acciones formativas que se llevar\u00e1n a cabo en las Gerencias Regional Central, Norte, Sur y Este, adem\u00e1s de los Talleres M\u00f3viles y los Centros Operativos del Sistema (COS). <\/span><\/p>\n<p><span class=\"text1noticias\"> <\/span><\/p>\n<p><span class=\"text1noticias\">Fuente Prensa INFOTEP <\/span><\/p>\n<p><span class=\"text1noticias\">Desiree Mart\u00ednez<\/span><\/p>\n<p><span class=\"text1noticias\">Gerente de Comunicaciones y Mercadeo<\/span><\/p>\n<p><span class=\"text1noticias\">Oficina Nacional<\/span><\/p>\n<h6> 2020-09-07 14:54:35 <\/h6>\n<p><!--\n<link rel=\"stylesheet\" href=\"css\/bootstrap.min.css\">\n\n\n<ul class=\"pagination\">\n\t    \n\t\n\n<li >\n\t<a href='?page_no=236'>Previous<\/a>\n\t<\/li>\n\n\n       \n    \n\n<li><a href='?page_no=1'>1<\/a><\/li>\n\n\n\n<li><a href='?page_no=2'>2<\/a><\/li>\n\n\n\n<li><a>...<\/a><\/li>\n\n\n\n<li><a href='?page_no=235'>235<\/a><\/li>\n\n\n\n<li><a href='?page_no=236'>236<\/a><\/li>\n\n\n\n<li class='active'><a>237<\/a><\/li>\n\n\n\n<li><a href='?page_no=238'>238<\/a><\/li>\n\n\n\n<li><a href='?page_no=239'>239<\/a><\/li>\n\n\n\n<li><a>...<\/a><\/li>\n\n\n\n<li><a href='?page_no=22911'>22911<\/a><\/li>\n\n\n\n<li><a href='?page_no=22912'>22912<\/a><\/li>\n\n    \n\t\n\n<li >\n\t<a href='?page_no=238'>Next<\/a>\n\t<\/li>\n\n\n    \n\n<li><a href='?page_no=22912'>Last &rsaquo;&rsaquo;<\/a><\/li>\n\n<\/ul>\n\n\n--><br \/>\n<\/body><\/p>\n","protected":false},"excerpt":{"rendered":"<p>diariodominicano.com Santo Domingo, R. D., 7 de septiembre, 2020.- El Instituto Nacional de Formaci\u00f3n T\u00e9cnico Profesional (INFOTEP) se prepara para el reinicio de las acciones formativas a nivel nacional, bajo un estricto protocolo que cumplir\u00e1 con los est\u00e1ndares establecidos por organismos de salud nacionales e internacionales. El director general del INFOTEP, Rafael Santos Bad\u00eda, explic\u00f3 [&hellip;]<\/p>\n","protected":false},"author":3,"featured_media":0,"comment_status":"open","ping_status":"open","sticky":false,"template":"","format":"standard","meta":{"footnotes":""},"categories":[21],"tags":[],"class_list":["post-49762","post","type-post","status-publish","format-standard","hentry","category-cultura"],"_links":{"self":[{"href":"https:\/\/diariodominicano.com\/index.php?rest_route=\/wp\/v2\/posts\/49762","targetHints":{"allow":["GET"]}}],"collection":[{"href":"https:\/\/diariodominicano.com\/index.php?rest_route=\/wp\/v2\/posts"}],"about":[{"href":"https:\/\/diariodominicano.com\/index.php?rest_route=\/wp\/v2\/types\/post"}],"author":[{"embeddable":true,"href":"https:\/\/diariodominicano.com\/index.php?rest_route=\/wp\/v2\/users\/3"}],"replies":[{"embeddable":true,"href":"https:\/\/diariodominicano.com\/index.php?rest_route=%2Fwp%2Fv2%2Fcomments&post=49762"}],"version-history":[{"count":0,"href":"https:\/\/diariodominicano.com\/index.php?rest_route=\/wp\/v2\/posts\/49762\/revisions"}],"wp:attachment":[{"href":"https:\/\/diariodominicano.com\/index.php?rest_route=%2Fwp%2Fv2%2Fmedia&parent=49762"}],"wp:term":[{"taxonomy":"category","embeddable":true,"href":"https:\/\/diariodominicano.com\/index.php?rest_route=%2Fwp%2Fv2%2Fcategories&post=49762"},{"taxonomy":"post_tag","embeddable":true,"href":"https:\/\/diariodominicano.com\/index.php?rest_route=%2Fwp%2Fv2%2Ftags&post=49762"}],"curies":[{"name":"wp","href":"https:\/\/api.w.org\/{rel}","templated":true}]}}