{"id":497605,"date":"2023-12-25T18:53:41","date_gmt":"2023-12-25T22:53:41","guid":{"rendered":"https:\/\/diariodominicano.com\/?p=497605"},"modified":"2023-12-26T00:31:37","modified_gmt":"2023-12-26T04:31:37","slug":"fernandez-dice-aumento-el-puerco-asado-y-los-pasteles-en-hojas-trae-tristeza-a-hogares-dominicanos-en-estas-navidades","status":"publish","type":"post","link":"https:\/\/diariodominicano.com\/?p=497605","title":{"rendered":"Leonel Fern\u00e1ndez dice aumento \u00abEl Puerco Asado\u00bb y \u00abLos Pasteles en Hojas\u00bb trae tristeza  a hogares dominicanos en estas Navidades"},"content":{"rendered":"\n<p>diariodominicano.com<\/p>\n\n\n\n<p><br>Santo Domingo, R. D.,  25 de diciembre, 2023.- El Candidato a la Presidencia Por La Fuerza del Pueblo Dr. Leonel Fern\u00e1ndez enfil\u00f3 sus ca\u00f1ones contra el Partido Revolucionario Moderno (PRM) por no poder solventar la crisis econ\u00f3mica que agobia la Rep\u00fablica Dominicana sosteniendo que el Partido oficialista aument\u00f3 El Puerco Asado en Puya y Los Pasteles en hoja.<\/p>\n\n\n\n<p>Fern\u00e1ndez Reyna se refiri\u00f3 al tema previo  a la entrega de m\u00e1s de 1 mill\u00f3n de canastas navide\u00f1as en distintos puntos de la Geograf\u00eda Nacional con mira a la Cena Navide\u00f1a del 24 de diciembre.<\/p>\n\n\n\n<p><br>El ex presidente manifest\u00f3 que ante la Tregua Navide\u00f1a se siente tristeza en todos los hogares de la Rep\u00fablica Dominicana por la inflaci\u00f3n insostenible que tiene el Gobierno.<\/p>\n\n\n\n<p><br>Fern\u00e1ndez Reyna exhort\u00f3 al Presidente  Luis Abinader hacer una revisi\u00f3n de sus gabinetes porque sus funcionarios  est\u00e1n haciendo una serie de atrocidades golpeando la esperanza del pueblo.<\/p>\n\n\n\n<p>Cesar Fern\u00e1ndez <\/p>\n\n\n\n<p><a rel=\"noreferrer noopener\" target=\"_blank\" href=\"mailto:acondos4rent@gmail.com\">acondos4rent@gmail.com<\/a><\/p>\n\n\n\n<p><br><\/p>\n","protected":false},"excerpt":{"rendered":"<p>diariodominicano.com Santo Domingo, R. D., 25 de diciembre, 2023.- El Candidato a la Presidencia Por La Fuerza del Pueblo Dr. Leonel Fern\u00e1ndez enfil\u00f3 sus ca\u00f1ones contra el Partido Revolucionario Moderno (PRM) por no poder solventar la crisis econ\u00f3mica que agobia la Rep\u00fablica Dominicana sosteniendo que el Partido oficialista aument\u00f3 El Puerco Asado en Puya y [&hellip;]<\/p>\n","protected":false},"author":5,"featured_media":497610,"comment_status":"closed","ping_status":"","sticky":true,"template":"","format":"standard","meta":{"footnotes":""},"categories":[20,22,27],"tags":[],"class_list":["post-497605","post","type-post","status-publish","format-standard","has-post-thumbnail","hentry","category-dominicana-hoy","category-politica","category-portada"],"_links":{"self":[{"href":"https:\/\/diariodominicano.com\/index.php?rest_route=\/wp\/v2\/posts\/497605","targetHints":{"allow":["GET"]}}],"collection":[{"href":"https:\/\/diariodominicano.com\/index.php?rest_route=\/wp\/v2\/posts"}],"about":[{"href":"https:\/\/diariodominicano.com\/index.php?rest_route=\/wp\/v2\/types\/post"}],"author":[{"embeddable":true,"href":"https:\/\/diariodominicano.com\/index.php?rest_route=\/wp\/v2\/users\/5"}],"replies":[{"embeddable":true,"href":"https:\/\/diariodominicano.com\/index.php?rest_route=%2Fwp%2Fv2%2Fcomments&post=497605"}],"version-history":[{"count":3,"href":"https:\/\/diariodominicano.com\/index.php?rest_route=\/wp\/v2\/posts\/497605\/revisions"}],"predecessor-version":[{"id":497721,"href":"https:\/\/diariodominicano.com\/index.php?rest_route=\/wp\/v2\/posts\/497605\/revisions\/497721"}],"wp:featuredmedia":[{"embeddable":true,"href":"https:\/\/diariodominicano.com\/index.php?rest_route=\/wp\/v2\/media\/497610"}],"wp:attachment":[{"href":"https:\/\/diariodominicano.com\/index.php?rest_route=%2Fwp%2Fv2%2Fmedia&parent=497605"}],"wp:term":[{"taxonomy":"category","embeddable":true,"href":"https:\/\/diariodominicano.com\/index.php?rest_route=%2Fwp%2Fv2%2Fcategories&post=497605"},{"taxonomy":"post_tag","embeddable":true,"href":"https:\/\/diariodominicano.com\/index.php?rest_route=%2Fwp%2Fv2%2Ftags&post=497605"}],"curies":[{"name":"wp","href":"https:\/\/api.w.org\/{rel}","templated":true}]}}