{"id":49751,"date":"2020-09-08T12:51:38","date_gmt":"2020-09-08T12:51:38","guid":{"rendered":"http:\/\/diariodominicano.ddns.net\/?p=49751"},"modified":"2020-09-08T12:51:38","modified_gmt":"2020-09-08T12:51:38","slug":"uasd-establece-alianza-con-organizacion-internacional-para-impulsar-formacion-virtual","status":"publish","type":"post","link":"https:\/\/diariodominicano.com\/?p=49751","title":{"rendered":"UASD establece alianza con organizaci\u00f3n internacional para impulsar formaci\u00f3n virtual"},"content":{"rendered":"<p><body><\/p>\n<p><span class=\"text1noticias\">diariodominicano.com<\/span><\/p>\n<\/p>\n<p><span class=\"text1noticias\">Santo Domingo, R. D., 8 de septiembre, 2020.- La Universidad Aut\u00f3noma de Santo Domingo (UASD), a trav\u00e9s de su Facultad de Ciencias de la Salud, estableci\u00f3 una alianza estrat\u00e9gica con la Red Internacional sobre Ense\u00f1anza de la Investigaci\u00f3n (RISEI), bajo el inter\u00e9s de construir sinergia con destacados acad\u00e9micos internacionales para impulsar programas de capacitaci\u00f3n en medio de la pandemia del coronavirus. <\/span><\/p>\n<p><span class=\"text1noticias\"> <\/span><\/p>\n<p><span class=\"text1noticias\">El acercamiento, llevado a cabo por instrucciones de la  rectora de la UASD, doctora Emma Polanco Melo, ha permitido la habilitaci\u00f3n de una doble titulaci\u00f3n para el Diplomado en Investigaci\u00f3n Cient\u00edfica en Ciencias de la Salud, junto a la creaci\u00f3n de un aula abierta de formaci\u00f3n libre en la que ya se han presentado conferencias vinculadas con el desarrollo de la investigaci\u00f3n como pr\u00e1ctica social y objeto de estudio. <\/span><\/p>\n<p><span class=\"text1noticias\"> <\/span><\/p>\n<p><span class=\"text1noticias\">La alianza fue realizada por la directora del Instituto de Investigaci\u00f3n de la Facultad de Ciencias de la Salud, doctora Ysabel Tejeda D\u00edaz, mientras que por el RISEI estuvo representado por su coordinador general, el doctor Tom\u00e1s Fontaines-Ruiz. <\/span><\/p>\n<p><span class=\"text1noticias\"> <\/span><\/p>\n<p><span class=\"text1noticias\">\u00abLa idea es crear escenarios para que las distintas comunidades acad\u00e9micas que conforman la UASD puedan aprovechar los espacios de formaci\u00f3n, investigaci\u00f3n y divulgaci\u00f3n cient\u00edfica que RISEI impulsa.  A prop\u00f3sito de ello, destacamos el inter\u00e9s de RISEI por acompa\u00f1ar al docente universitario en su transici\u00f3n desde el aula f\u00edsica al aula digital\u00bb, acot\u00f3 Tejeda D\u00edaz. <\/span><\/p>\n<p><span class=\"text1noticias\"> <\/span><\/p>\n<p><span class=\"text1noticias\">La funcionaria universitaria explic\u00f3 igualmente que el v\u00ednculo UASD-RISEI inici\u00f3 con el Instituto de Investigaci\u00f3n en Salud (INSIS) y cont\u00f3 con el visto favorable de la decana de la Facultad de la Salud, doctora Rosel Fern\u00e1ndez y el acompa\u00f1amiento continuo del vicerrector de Investigaci\u00f3n y Postgrado, el doctor Mauro Canario Lorenzo, quien forma parte de equipo docente del citado diplomado en investigaci\u00f3n cient\u00edfica.  <\/span><\/p>\n<p><span class=\"text1noticias\"> <\/span><\/p>\n<p><span class=\"text1noticias\">De su lado, Fontaines-Ruiz resalt\u00f3 la disposici\u00f3n de las autoridades uasdianas por impulsar la capacitaci\u00f3n de sus docentes. Subray\u00f3 adem\u00e1s que los tiempos del covid-19 exigen una mirada estrat\u00e9gica y sin\u00e9rgica para la educaci\u00f3n a distancia, sin la cual no ser\u00eda posible la calidad acad\u00e9mica ya que, si bien la virtualidad ofrece soluciones, tambi\u00e9n tiene sus propios problemas y con una actitud atrincherada se corre el riesgo de quedar excluido, debido al exponencial crecimiento de la tecnolog\u00eda.<\/span><\/p>\n<p><span class=\"text1noticias\"> <\/span><\/p>\n<p><span class=\"text1noticias\">SOBRE RISEI <\/span><\/p>\n<p><span class=\"text1noticias\"> <\/span><\/p>\n<p><span class=\"text1noticias\">RISEI es una organizaci\u00f3n acad\u00e9mica con sede en Ecuador que fomenta la interacci\u00f3n entre docentes, investigadores, docentes, institutos, escuelas, gerentes educativos a todo nivel, gestores del curr\u00edculo, empresas educativas, laboratorios, instituciones de educaci\u00f3n superior, ONG, grupos de investigaci\u00f3n, alrededor de la concepci\u00f3n y construcci\u00f3n de la investigaci\u00f3n como proceso y producto humano, en aras de fomentar la formaci\u00f3n investigadora a partir de la diversidad epistemol\u00f3gica, metodol\u00f3gica y curricular para re-construir significados que permitan una mayor participaci\u00f3n de esta pr\u00e1ctica heur\u00edstica en la formaci\u00f3n profesional. <\/span><\/p>\n<p><span class=\"text1noticias\"> <\/span><\/p>\n<p><span class=\"text1noticias\">La idea es crear espacios para la redefinici\u00f3n en la concepci\u00f3n y operativizaci\u00f3n de la ense\u00f1anza de la investigaci\u00f3n.<\/span><\/p>\n<p><span class=\"text1noticias\"> <\/span><\/p>\n<p><span class=\"text1noticias\">Fuente: <\/span>Relaciones P\u00fablicas UASD<\/p>\n<h6> 2020-09-08 12:51:38 <\/h6>\n<p><!--\n<link rel=\"stylesheet\" href=\"css\/bootstrap.min.css\">\n\n\n<ul class=\"pagination\">\n\t    \n\t\n\n<li >\n\t<a href='?page_no=235'>Previous<\/a>\n\t<\/li>\n\n\n       \n    \n\n<li><a href='?page_no=1'>1<\/a><\/li>\n\n\n\n<li><a href='?page_no=2'>2<\/a><\/li>\n\n\n\n<li><a>...<\/a><\/li>\n\n\n\n<li><a href='?page_no=234'>234<\/a><\/li>\n\n\n\n<li><a href='?page_no=235'>235<\/a><\/li>\n\n\n\n<li class='active'><a>236<\/a><\/li>\n\n\n\n<li><a href='?page_no=237'>237<\/a><\/li>\n\n\n\n<li><a href='?page_no=238'>238<\/a><\/li>\n\n\n\n<li><a>...<\/a><\/li>\n\n\n\n<li><a href='?page_no=22911'>22911<\/a><\/li>\n\n\n\n<li><a href='?page_no=22912'>22912<\/a><\/li>\n\n    \n\t\n\n<li >\n\t<a href='?page_no=237'>Next<\/a>\n\t<\/li>\n\n\n    \n\n<li><a href='?page_no=22912'>Last &rsaquo;&rsaquo;<\/a><\/li>\n\n<\/ul>\n\n\n--><br \/>\n<\/body><\/p>\n","protected":false},"excerpt":{"rendered":"<p>diariodominicano.com Santo Domingo, R. D., 8 de septiembre, 2020.- La Universidad Aut\u00f3noma de Santo Domingo (UASD), a trav\u00e9s de su Facultad de Ciencias de la Salud, estableci\u00f3 una alianza estrat\u00e9gica con la Red Internacional sobre Ense\u00f1anza de la Investigaci\u00f3n (RISEI), bajo el inter\u00e9s de construir sinergia con destacados acad\u00e9micos internacionales para impulsar programas de capacitaci\u00f3n [&hellip;]<\/p>\n","protected":false},"author":3,"featured_media":0,"comment_status":"open","ping_status":"open","sticky":false,"template":"","format":"standard","meta":{"footnotes":""},"categories":[21],"tags":[],"class_list":["post-49751","post","type-post","status-publish","format-standard","hentry","category-cultura"],"_links":{"self":[{"href":"https:\/\/diariodominicano.com\/index.php?rest_route=\/wp\/v2\/posts\/49751","targetHints":{"allow":["GET"]}}],"collection":[{"href":"https:\/\/diariodominicano.com\/index.php?rest_route=\/wp\/v2\/posts"}],"about":[{"href":"https:\/\/diariodominicano.com\/index.php?rest_route=\/wp\/v2\/types\/post"}],"author":[{"embeddable":true,"href":"https:\/\/diariodominicano.com\/index.php?rest_route=\/wp\/v2\/users\/3"}],"replies":[{"embeddable":true,"href":"https:\/\/diariodominicano.com\/index.php?rest_route=%2Fwp%2Fv2%2Fcomments&post=49751"}],"version-history":[{"count":0,"href":"https:\/\/diariodominicano.com\/index.php?rest_route=\/wp\/v2\/posts\/49751\/revisions"}],"wp:attachment":[{"href":"https:\/\/diariodominicano.com\/index.php?rest_route=%2Fwp%2Fv2%2Fmedia&parent=49751"}],"wp:term":[{"taxonomy":"category","embeddable":true,"href":"https:\/\/diariodominicano.com\/index.php?rest_route=%2Fwp%2Fv2%2Fcategories&post=49751"},{"taxonomy":"post_tag","embeddable":true,"href":"https:\/\/diariodominicano.com\/index.php?rest_route=%2Fwp%2Fv2%2Ftags&post=49751"}],"curies":[{"name":"wp","href":"https:\/\/api.w.org\/{rel}","templated":true}]}}