{"id":497505,"date":"2023-12-24T19:34:55","date_gmt":"2023-12-24T23:34:55","guid":{"rendered":"https:\/\/diariodominicano.com\/?p=497505"},"modified":"2023-12-24T19:34:55","modified_gmt":"2023-12-24T23:34:55","slug":"america-latina-con-nuevos-liderazgos-estas-fueron-las-elecciones-presidenciales-de-2023","status":"publish","type":"post","link":"https:\/\/diariodominicano.com\/?p=497505","title":{"rendered":"Am\u00e9rica Latina con nuevos liderazgos: estas fueron las elecciones presidenciales de 2023"},"content":{"rendered":"\n<p>diciembre 24, 2023<\/p>\n\n\n\n<ul class=\"wp-block-list\"><li><a href=\"https:\/\/www.vozdeamerica.com\/author\/salome-ramirez-vargas\/qu_vo\">Salom\u00e9 Ram\u00edrez Vargas<\/a><\/li><\/ul>\n\n\n\n<hr class=\"wp-block-separator\"\/>\n\n\n\n<figure class=\"wp-block-image\"><img decoding=\"async\" src=\"https:\/\/gdb.voanews.com\/01000000-0aff-0242-0b2f-08dba19ad1b0_w1023_r1_s.png\" alt=\"ARCHIVO: Guatemalteca ejerce su derecho al voto el domingo 20 de agosto de 2023. \"\/><figcaption>ARCHIVO: Guatemalteca ejerce su derecho al voto el domingo 20 de agosto de 2023.<\/figcaption><\/figure>\n\n\n\n<p>Compartir<\/p>\n\n\n\n<ul class=\"wp-block-list\"><li><a href=\"https:\/\/facebook.com\/sharer.php?u=https%3a%2f%2fwww.vozdeamerica.com%2fa%2famerica-latina-nuevos-liderazgos-elecciones-presidenciales-2023%2f7389875.html\" target=\"_blank\" rel=\"noreferrer noopener\"><\/a><\/li><li><a href=\"https:\/\/twitter.com\/share?url=https%3a%2f%2fwww.vozdeamerica.com%2fa%2famerica-latina-nuevos-liderazgos-elecciones-presidenciales-2023%2f7389875.html&amp;text=Am%c3%a9rica+Latina+con+nuevos+liderazgos%3a+estas+fueron+las+elecciones+presidenciales+de+2023\" target=\"_blank\" rel=\"noreferrer noopener\"><\/a><\/li><li><\/li><li><a href=\"mailto:?body=https%3a%2f%2fwww.vozdeamerica.com%2fa%2famerica-latina-nuevos-liderazgos-elecciones-presidenciales-2023%2f7389875.html&amp;subject=Am%C3%A9rica%20Latina%20con%20nuevos%20liderazgos:%20estas%20fueron%20las%20elecciones%20presidenciales%20de%202023\"><\/a><\/li><\/ul>\n\n\n\n<p>&nbsp;Print<\/p>\n\n\n\n<p>Varios pa\u00edses latinoamericanos celebraron elecciones presidenciales en 2023 que dejaron, en su mayor\u00eda, nuevos mandatarios en la regi\u00f3n. Entre cambios de ideas, intentos de impedir una toma de posesi\u00f3n y una reelecci\u00f3n sin contendientes, as\u00ed qued\u00f3 el panorama en Am\u00e9rica Latina.WASHINGTON \u2014&nbsp;<\/p>\n\n\n\n<p>Estos fueron los eventos electorales que continuar\u00e1n definiendo el rumbo de Am\u00e9rica Latina en los pr\u00f3ximos a\u00f1os.<\/p>\n\n\n\n<h3 class=\"wp-block-heading\"><strong>Cuba<\/strong><\/h3>\n\n\n\n<p>La agenda electoral latinoamericana comenz\u00f3 en Cuba con las elecciones parlamentarias el 26 de marzo, donde result\u00f3<strong><em>&nbsp;<a href=\"https:\/\/www.vozdeamerica.com\/a\/diaz-canel-se-asoma-a-un-segundo-mandato-en-cuba-sin-un-claro-sucesor\/7056605.html\" target=\"_blank\" rel=\"noreferrer noopener\">ratificado como presidente para un segundo mandato Miguel D\u00edaz-Canel.<\/a><\/em><\/strong><\/p>\n\n\n\n<p>El mandatario cubano, quien no tuvo contendientes en su reelecci\u00f3n, comenz\u00f3 cinco a\u00f1os m\u00e1s de gesti\u00f3n con una isla sumida en crisis econ\u00f3mica y de derechos humanos.<\/p>\n\n\n\n<p><em><strong>Lea tambi\u00e9n:&nbsp;<a href=\"https:\/\/www.vozdeamerica.com\/a\/cuba-elecciones-participacion-reaccion-eeuu\/7023922.html\" target=\"_blank\" rel=\"noreferrer noopener\">Cuba celebra alta participaci\u00f3n en elecciones parlamentarias, EEUU las califica de \u00abantidemocr\u00e1ticas\u00bb<\/a><\/strong><\/em><\/p>\n\n\n\n<p>En Cuba, las elecciones para elegir presidente no se celebran de manera directa. En su lugar, los diputados de la Asamblea Nacional escogen entre sus miembros a la jefatura del pa\u00eds. D\u00edaz-Canel recibi\u00f3 el 97,66 % (459 de 460 boletas v\u00e1lidas) de los votos.<a href=\"https:\/\/www.vozdeamerica.com\/a\/diaz-canel-se-asoma-a-un-segundo-mandato-en-cuba-sin-un-claro-sucesor\/7056605.html\"><\/a><a href=\"https:\/\/www.vozdeamerica.com\/a\/diaz-canel-se-asoma-a-un-segundo-mandato-en-cuba-sin-un-claro-sucesor\/7056605.html\">TAMBI\u00c9N LEAMiguel D\u00edaz-Canel se asoma a un complejo segundo mandato en Cuba<\/a><\/p>\n\n\n\n<h3 class=\"wp-block-heading\"><strong>Paraguay<\/strong><\/h3>\n\n\n\n<p>En Paraguay se celebraron las elecciones generales el 30 de abril de 2023 que dejaron como ganador al oficialista Santiago Pe\u00f1a con un 43 % de los votos.<\/p>\n\n\n\n<p>El economista de 44 a\u00f1os asumi\u00f3 la presidencia el 15 de agosto, manteniendo la hegemon\u00eda de d\u00e9cadas de los colorados, la formaci\u00f3n pol\u00edtica que mayor tiempo ha gobernado en la naci\u00f3n sudamericana.<\/p>\n\n\n\n<p>Paraguay es uno de los pocos pa\u00edses de Am\u00e9rica Latina que no tiene segunda vuelta electoral y sus presidentes no pueden ser reelegidos.<a href=\"https:\/\/www.vozdeamerica.com\/a\/santiago-pe%C3%B1a-asume-como-presidente-de-paraguay-\/7226370.html\"><\/a><a href=\"https:\/\/www.vozdeamerica.com\/a\/santiago-pe%C3%B1a-asume-como-presidente-de-paraguay-\/7226370.html\">TAMBI\u00c9N LEASantiago Pe\u00f1a asume como presidente de Paraguay y promete prosperidad y presencia internacional<\/a><\/p>\n\n\n\n<h3 class=\"wp-block-heading\"><strong>Guatemala<\/strong><\/h3>\n\n\n\n<p>La elecci\u00f3n presidencial de 2023 en Guatemala comenz\u00f3 el 25 de junio con la primera vuelta, cuyo resultado gener\u00f3 sorpresa entre el p\u00fablico al dejar como finalistas al diplom\u00e1tico Bernardo Ar\u00e9valo, que no marcaba en las encuestas, y a la exprimera dama Sandra Torres.<\/p>\n\n\n\n<p>El 20 de agosto, en la segunda vuelta electoral, Ar\u00e9valo fue escogido como el pr\u00f3ximo presidente de Guatemala con una una amplia victoria sobre su contendiente.<\/p>\n\n\n\n<p>Desde entonces, la transici\u00f3n de poder entre Alejandro Giammattei y Ar\u00e9valo ha estado marcada por acciones pol\u00edticas que intentan impedir su toma de posesi\u00f3n el pr\u00f3ximo 14 de enero de 2024.<\/p>\n\n\n\n<p>Misiones de observaci\u00f3n electoral de la Uni\u00f3n Europea y la Organizaci\u00f3n de Estados Americanos (OEA), y el gobierno estadounidense, se han expresado preocupados por la situaci\u00f3n pol\u00edtica.<a href=\"https:\/\/www.vozdeamerica.com\/a\/el-caso-semilla-esta-amenazada-la-toma-de-posesion-de-bernardo-arevalo-como-presidente-de-guatemala-\/7241518.html\"><\/a><a href=\"https:\/\/www.vozdeamerica.com\/a\/el-caso-semilla-esta-amenazada-la-toma-de-posesion-de-bernardo-arevalo-como-presidente-de-guatemala-\/7241518.html\">TAMBI\u00c9N LEA\u00bfEst\u00e1 amenazada la presidencia de Bernardo Ar\u00e9valo con las acciones fiscales contra su partido?<\/a><\/p>\n\n\n\n<h3 class=\"wp-block-heading\"><strong>Ecuador<\/strong><\/h3>\n\n\n\n<p>El 15 de octubre de 2023, los ecuatorianos eligieron al presidente m\u00e1s joven en la historia del pa\u00eds. Daniel Noboa derrot\u00f3 a su contrincante, Luisa Gonz\u00e1lez, con el 52 % de los votos.<\/p>\n\n\n\n<p>Noboa asumi\u00f3 la presidencia el 23 de noviembre para un per\u00edodo de 18 meses en medio de una situaci\u00f3n de crisis econ\u00f3mica e inseguridad. En su discurso de posesi\u00f3n reconoci\u00f3 que le espera \u201cuna tarea dura y dif\u00edcil y los d\u00edas son pocos\u201d.<\/p>\n\n\n\n<p>Las elecciones en las que result\u00f3 ganador el empresario fueron convocadas luego de que en mayo Guillermo Lasso cort\u00f3 su propio mandato tras disolver a la Asamblea en medio de una pugna de poderes y un juicio legislativo que buscaba su destituci\u00f3n.<a href=\"https:\/\/www.vozdeamerica.com\/a\/ecuador-elige-presidente-para-los-siguientes-18-meses-en-su-epoca-mas-violenta\/7311663.html\"><\/a><a href=\"https:\/\/www.vozdeamerica.com\/a\/ecuador-elige-presidente-para-los-siguientes-18-meses-en-su-epoca-mas-violenta\/7311663.html\">TAMBI\u00c9N LEAEl pr\u00f3ximo presidente de Ecuador es un joven heredero de un imperio empresarial<\/a><\/p>\n\n\n\n<h3 class=\"wp-block-heading\"><strong>Argentina<\/strong><\/h3>\n\n\n\n<p>Un dr\u00e1stico cambio pol\u00edtico lleg\u00f3 a Argentina con la elecci\u00f3n de Javier Milei el 19 de noviembre de 2023. El pol\u00e9mico ultraderechista se convirti\u00f3 en uno de los presidentes m\u00e1s votados en la historia reciente del pa\u00eds.<\/p>\n\n\n\n<p>Milei tom\u00f3 posesi\u00f3n el 10 de diciembre ante ciudadanos que lo eligieron la esperanza de que ataje la inflaci\u00f3n anual de m\u00e1s de 140 %, la creciente pobreza que afecta a m\u00e1s de 40 % de la poblaci\u00f3n y la rampante delincuencia.<\/p>\n\n\n\n<p>El nuevo mandatario prometi\u00f3 en su campa\u00f1a erradicar a los \u201cpol\u00edticos par\u00e1sitos y ladrones\u201d para terminar con la decadencia de Argentina.<a href=\"https:\/\/www.vozdeamerica.com\/a\/quien-es-javier-milei-el-polemico-ultraderechista-elegido-por-los-argentinos\/7362222.html\"><\/a><a href=\"https:\/\/www.vozdeamerica.com\/a\/quien-es-javier-milei-el-polemico-ultraderechista-elegido-por-los-argentinos\/7362222.html\">TAMBI\u00c9N LEAQui\u00e9n es Javier Milei, el pol\u00e9mico ultraderechista elegido por los argentinos para sortear la crisis<\/a><\/p>\n\n\n\n<p>VOA<\/p>\n","protected":false},"excerpt":{"rendered":"<p>diciembre 24, 2023 Salom\u00e9 Ram\u00edrez Vargas Compartir &nbsp;Print Varios pa\u00edses latinoamericanos celebraron elecciones presidenciales en 2023 que dejaron, en su mayor\u00eda, nuevos mandatarios en la regi\u00f3n. Entre cambios de ideas, intentos de impedir una toma de posesi\u00f3n y una reelecci\u00f3n sin contendientes, as\u00ed qued\u00f3 el panorama en Am\u00e9rica Latina.WASHINGTON \u2014&nbsp; Estos fueron los eventos electorales [&hellip;]<\/p>\n","protected":false},"author":28,"featured_media":0,"comment_status":"closed","ping_status":"","sticky":true,"template":"","format":"standard","meta":{"footnotes":""},"categories":[36,23,22,27],"tags":[],"class_list":["post-497505","post","type-post","status-publish","format-standard","hentry","category-hombresmujeresycosas","category-internacional","category-politica","category-portada"],"_links":{"self":[{"href":"https:\/\/diariodominicano.com\/index.php?rest_route=\/wp\/v2\/posts\/497505","targetHints":{"allow":["GET"]}}],"collection":[{"href":"https:\/\/diariodominicano.com\/index.php?rest_route=\/wp\/v2\/posts"}],"about":[{"href":"https:\/\/diariodominicano.com\/index.php?rest_route=\/wp\/v2\/types\/post"}],"author":[{"embeddable":true,"href":"https:\/\/diariodominicano.com\/index.php?rest_route=\/wp\/v2\/users\/28"}],"replies":[{"embeddable":true,"href":"https:\/\/diariodominicano.com\/index.php?rest_route=%2Fwp%2Fv2%2Fcomments&post=497505"}],"version-history":[{"count":1,"href":"https:\/\/diariodominicano.com\/index.php?rest_route=\/wp\/v2\/posts\/497505\/revisions"}],"predecessor-version":[{"id":497506,"href":"https:\/\/diariodominicano.com\/index.php?rest_route=\/wp\/v2\/posts\/497505\/revisions\/497506"}],"wp:attachment":[{"href":"https:\/\/diariodominicano.com\/index.php?rest_route=%2Fwp%2Fv2%2Fmedia&parent=497505"}],"wp:term":[{"taxonomy":"category","embeddable":true,"href":"https:\/\/diariodominicano.com\/index.php?rest_route=%2Fwp%2Fv2%2Fcategories&post=497505"},{"taxonomy":"post_tag","embeddable":true,"href":"https:\/\/diariodominicano.com\/index.php?rest_route=%2Fwp%2Fv2%2Ftags&post=497505"}],"curies":[{"name":"wp","href":"https:\/\/api.w.org\/{rel}","templated":true}]}}